{"id":176738,"date":"2025-06-14T20:34:33","date_gmt":"2025-06-14T20:34:33","guid":{"rendered":"https:\/\/www.europesays.com\/fr\/176738\/"},"modified":"2025-06-14T20:34:33","modified_gmt":"2025-06-14T20:34:33","slug":"le-fontanil-cornillon-une-nouvelle-laverie-et-relais-pick-up-au-centre-du-village","status":"publish","type":"post","link":"https:\/\/www.europesays.com\/fr\/176738\/","title":{"rendered":"Le Fontanil-Cornillon. Une nouvelle laverie et relais Pick up au centre du village"},"content":{"rendered":"<p>Le centre du village est dot\u00e9 depuis le 16\u00a0mai d\u2019un nouveau commerce de proximit\u00e9 bien utile\u00a0: Guillaume Charnay et Rudy Bartoli ont ouvert une laverie coupl\u00e9e \u00e0 un service de r\u00e9cup\u00e9ration de colis pour Chronopost et Colissimo 7\/7 24\/24. Un nouveau service au c\u0153ur du village qui manquait dans la commune.<\/p>\n<p>Une premi\u00e8re exp\u00e9rience pour les deux comp\u00e8res qui ont choisi Le Fontanil apr\u00e8s avoir rep\u00e9r\u00e9 l\u2019absence de ce type de service, l\u2019aspect sympathique du village et l\u2019emplacement id\u00e9al au centre de celui-ci, en face du Vival. Le local est enti\u00e8rement automatis\u00e9 mais on peut joindre les propri\u00e9taires par t\u00e9l\u00e9phone si besoin et en cas de d\u00e9pannage.<\/p>\n<p>Les machines \u00e0 laver et les s\u00e8che-linge (500 litres) sont \u00e0 grosse capacit\u00e9, jusqu\u2019\u00e0 25\u00a0kilos. Pratique\u00a0: la lessive est inject\u00e9e automatiquement, en fonction des besoins, m\u00eame si on peut apporter sa marque pr\u00e9f\u00e9r\u00e9e\u00a0! Et on paie en esp\u00e8ces ou avec la carte bleue.<\/p>\n<p>Ce contenu est bloqu\u00e9 car vous n&rsquo;avez pas accept\u00e9 les cookies et autres traceurs.<\/p>\n<p>En cliquant sur \u00ab J\u2019accepte \u00bb, les cookies et autres traceurs seront d\u00e9pos\u00e9s et vous pourrez visualiser les contenus  (<a href=\"\" class=\"consentModule_policy\" target=\"_blank\" title=\"Consulter la politique de protection des donn\u00e9es du fournisseur\">plus d&rsquo;informations<\/a>).<\/p>\n<p>En cliquant sur \u00ab J\u2019accepte tous les cookies \u00bb, vous autorisez des d\u00e9p\u00f4ts de cookies et autres traceurs pour le stockage de vos donn\u00e9es sur nos sites et applications \u00e0 des fins de personnalisation et de ciblage publicitaire.<\/p>\n<p class=\"consentModule_secondaryText\">Vous gardez la possibilit\u00e9 de retirer votre consentement \u00e0 tout moment en consultant notre <a href=\"https:\/\/www.ledauphine.com\/protection-des-donnees\" target=\"_blank\" title=\"Consulter notre politique de protection des donn\u00e9es\" rel=\"noopener\">politique de protection des donn\u00e9es<\/a>. <br \/>&#13;<br \/>\n            <a href=\"https:\/\/www.ledauphine.com\/economie\/2025\/06\/14\/javascript:Didomi.notice.show()\" class=\"consentModule_cmp\" target=\"_blank\" rel=\"noopener\">G\u00e9rer mes choix<\/a>&#13;\n        <\/p>\n<p>&#13;<br \/>\n                        J&rsquo;accepte&#13;<br \/>\n            J&rsquo;accepte tous les cookies&#13;\n        <\/p>\n","protected":false},"excerpt":{"rendered":"Le centre du village est dot\u00e9 depuis le 16\u00a0mai d\u2019un nouveau commerce de proximit\u00e9 bien utile\u00a0: Guillaume Charnay&hellip;\n","protected":false},"author":2,"featured_media":176739,"comment_status":"","ping_status":"","sticky":false,"template":"","format":"standard","meta":{"footnotes":""},"categories":[9566],"tags":[1111,11,2430,4406,33,112,1777,674,12127,1011,27,2731,12,25,276],"class_list":{"0":"post-176738","1":"post","2":"type-post","3":"status-publish","4":"format-standard","5":"has-post-thumbnail","7":"category-grenoble","8":"tag-actu","9":"tag-actualites","10":"tag-auvergne-rhone-alpes","11":"tag-commerce-et-services","12":"tag-economie","13":"tag-edition-grenoble-agglomeration","14":"tag-eu","15":"tag-europe","16":"tag-fontanil-cornillon","17":"tag-fr","18":"tag-france","19":"tag-grenoble","20":"tag-news","21":"tag-republique-francaise","22":"tag-saint-egreve-et-autour"},"share_on_mastodon":{"url":"https:\/\/pubeurope.com\/@fr\/114683632975323249","error":""},"_links":{"self":[{"href":"https:\/\/www.europesays.com\/fr\/wp-json\/wp\/v2\/posts\/176738","targetHints":{"allow":["GET"]}}],"collection":[{"href":"https:\/\/www.europesays.com\/fr\/wp-json\/wp\/v2\/posts"}],"about":[{"href":"https:\/\/www.europesays.com\/fr\/wp-json\/wp\/v2\/types\/post"}],"author":[{"embeddable":true,"href":"https:\/\/www.europesays.com\/fr\/wp-json\/wp\/v2\/users\/2"}],"replies":[{"embeddable":true,"href":"https:\/\/www.europesays.com\/fr\/wp-json\/wp\/v2\/comments?post=176738"}],"version-history":[{"count":0,"href":"https:\/\/www.europesays.com\/fr\/wp-json\/wp\/v2\/posts\/176738\/revisions"}],"wp:featuredmedia":[{"embeddable":true,"href":"https:\/\/www.europesays.com\/fr\/wp-json\/wp\/v2\/media\/176739"}],"wp:attachment":[{"href":"https:\/\/www.europesays.com\/fr\/wp-json\/wp\/v2\/media?parent=176738"}],"wp:term":[{"taxonomy":"category","embeddable":true,"href":"https:\/\/www.europesays.com\/fr\/wp-json\/wp\/v2\/categories?post=176738"},{"taxonomy":"post_tag","embeddable":true,"href":"https:\/\/www.europesays.com\/fr\/wp-json\/wp\/v2\/tags?post=176738"}],"curies":[{"name":"wp","href":"https:\/\/api.w.org\/{rel}","templated":true}]}}