{"id":176746,"date":"2025-06-14T20:38:12","date_gmt":"2025-06-14T20:38:12","guid":{"rendered":"https:\/\/www.europesays.com\/fr\/176746\/"},"modified":"2025-06-14T20:38:12","modified_gmt":"2025-06-14T20:38:12","slug":"rassemblement-des-jeunes-de-toute-leurope-participent-au-eye-a-strasbourg","status":"publish","type":"post","link":"https:\/\/www.europesays.com\/fr\/176746\/","title":{"rendered":"Rassemblement. Des jeunes de toute l\u2019Europe participent au \u201cEYE\u201d \u00e0 Strasbourg"},"content":{"rendered":"<p> Concerts, ateliers, conf\u00e9rences et rencontres polyglottes sous le soleil\u00a0: plusieurs milliers de jeunes venus de toute l\u2019Europe se sont r\u00e9unis vendredi et ce samedi au Parlement europ\u00e9en, \u00e0 Strasbourg, pour le EYE ( European Youth Event ), qui a lieu dans la capitale alsacienne tous les deux ans, avec pas moins de 400 rencontres et activit\u00e9s. De quoi laisser \u00e0 des milliers de jeunes Europ\u00e9ens un souvenir de Strasbourg joyeux et porteur d\u2019avenir. <\/p>\n<p class=\"note\"> \u25b6 \u2002 \u00c0 voir en vid\u00e9o sur notre site internet. <\/p>\n","protected":false},"excerpt":{"rendered":"Concerts, ateliers, conf\u00e9rences et rencontres polyglottes sous le soleil\u00a0: plusieurs milliers de jeunes venus de toute l\u2019Europe se&hellip;\n","protected":false},"author":2,"featured_media":176747,"comment_status":"","ping_status":"","sticky":false,"template":"","format":"standard","meta":{"footnotes":""},"categories":[2820],"tags":[1111,11,2649,2880,1777,674,1011,27,775,12,25,104,640,2879,1631],"class_list":{"0":"post-176746","1":"post","2":"type-post","3":"status-publish","4":"format-standard","5":"has-post-thumbnail","7":"category-strasbourg","8":"tag-actu","9":"tag-actualites","10":"tag-bas-rhin","11":"tag-edition-strasbourg","12":"tag-eu","13":"tag-europe","14":"tag-fr","15":"tag-france","16":"tag-grand-est","17":"tag-news","18":"tag-republique-francaise","19":"tag-societe","20":"tag-strasbourg","21":"tag-strasbourg-ville","22":"tag-vie-associative"},"share_on_mastodon":{"url":"https:\/\/pubeurope.com\/@fr\/114683648594604262","error":""},"_links":{"self":[{"href":"https:\/\/www.europesays.com\/fr\/wp-json\/wp\/v2\/posts\/176746","targetHints":{"allow":["GET"]}}],"collection":[{"href":"https:\/\/www.europesays.com\/fr\/wp-json\/wp\/v2\/posts"}],"about":[{"href":"https:\/\/www.europesays.com\/fr\/wp-json\/wp\/v2\/types\/post"}],"author":[{"embeddable":true,"href":"https:\/\/www.europesays.com\/fr\/wp-json\/wp\/v2\/users\/2"}],"replies":[{"embeddable":true,"href":"https:\/\/www.europesays.com\/fr\/wp-json\/wp\/v2\/comments?post=176746"}],"version-history":[{"count":0,"href":"https:\/\/www.europesays.com\/fr\/wp-json\/wp\/v2\/posts\/176746\/revisions"}],"wp:featuredmedia":[{"embeddable":true,"href":"https:\/\/www.europesays.com\/fr\/wp-json\/wp\/v2\/media\/176747"}],"wp:attachment":[{"href":"https:\/\/www.europesays.com\/fr\/wp-json\/wp\/v2\/media?parent=176746"}],"wp:term":[{"taxonomy":"category","embeddable":true,"href":"https:\/\/www.europesays.com\/fr\/wp-json\/wp\/v2\/categories?post=176746"},{"taxonomy":"post_tag","embeddable":true,"href":"https:\/\/www.europesays.com\/fr\/wp-json\/wp\/v2\/tags?post=176746"}],"curies":[{"name":"wp","href":"https:\/\/api.w.org\/{rel}","templated":true}]}}