{"id":176755,"date":"2025-06-14T20:44:01","date_gmt":"2025-06-14T20:44:01","guid":{"rendered":"https:\/\/www.europesays.com\/fr\/176755\/"},"modified":"2025-06-14T20:44:01","modified_gmt":"2025-06-14T20:44:01","slug":"nantes-douche-coule-par-berlin-en-demi-finale","status":"publish","type":"post","link":"https:\/\/www.europesays.com\/fr\/176755\/","title":{"rendered":"Nantes douch\u00e9 coul\u00e9 par Berlin en demi-finale"},"content":{"rendered":"<p><strong>F\u00fcchse Berlin\u00a0&#8211; HBC Nantes\u00a0: 34-24<\/strong><\/p>\n<p>\u00c0 l\u2019image d\u2019Aymeric Minne, les Nantais ressortent de leur troisi\u00e8me demi-finale de C1 (apr\u00e8s 2018 et 2021) avec \u00ab\u00a0un m\u00e9lange de frustration, de d\u00e9ception et de col\u00e8re envers nous-m\u00eames\u00a0\u00bb, celle d\u2019\u00eatre \u00ab\u00a0pass\u00e9 \u00e0 c\u00f4t\u00e9 de ce match\u00a0\u00bb. Et pour \u00eatre pass\u00e9 \u00e0 c\u00f4t\u00e9, le HBC Nantes n\u2019a pas exist\u00e9, largement d\u00e9fait par Berlin (34-24), samedi 14\u00a0juin 2025 qui s\u2019est ainsi offert la premi\u00e8re finale de son histoire en Ligue des champions de handball. Une finale 100\u00a0% allemande puisque Magdebourg a \u00e9limin\u00e9 Barcelone, le tenant du titre (31-30).<\/p>\n<p>L\u2019orage sur Cologne avant le match \u00e9tait peut-\u00eatre pr\u00e9monitoire mais les Nantais ont pris l\u2019eau. Ils ne sont jamais entr\u00e9s dans le match, d\u00e9pass\u00e9s en d\u00e9fense par les coups de boutoir de Lasse Andersson (7 buts sur 14 tentatives) et Nils Lichtein (5\/7), par la vivacit\u00e9 des \u00ab\u00a0Renards\u00a0\u00bb (\u00ab\u00a0F\u00fcchse\u00a0\u00bb en allemand) qui a offert quantit\u00e9 de penalties \u00e0 Tim Freih\u00f6fer (6\/7, 10\/11 au total).<\/p>\n<p>\u00ab\u00a0On s\u2019est fait manger\u00a0\u00bb<\/p>\n<p>F\u00e9briles et maladroits en attaque, ils ont eu du mal \u00e0 trouver leur pivot Nicolas Tournat en premi\u00e8re p\u00e9riode (1\/3 \u00e0 la pause, 6\/8 au final). Ils ont fait briller le gardien serbe, Dejan Milosavljev (15 arr\u00eats sur 39, 38\u00a0% de r\u00e9ussite), quand ils n\u2019ont pas d\u2019eux-m\u00eames manqu\u00e9 la cible (24 buts sur 50 tirs, 48\u00a0% de r\u00e9ussite).<\/p>\n<p>\u00ab\u00a0En attaque et en d\u00e9fense on a perdu nos duels, on s\u2019est fait manger\u00a0\u00bb a r\u00e9sum\u00e9 Thibaud Briet, pass\u00e9 \u00e0 c\u00f4t\u00e9 de son match (1\/3, deux exclusions temporaires) comme Minne (2\/7), autre international fran\u00e7ais fer de lance de la base arri\u00e8re du Handball Club de Nantes (le \u00ab\u00a0H\u00a0\u00bb), qui n\u2019a jamais trouv\u00e9 son rythme de croisi\u00e8re.<\/p>\n<p>\u00ab\u00a0En d\u00e9but de match on \u00e9tait assez stress\u00e9s, on n\u2019a pas jou\u00e9 sur le bon tempo, on a mis du temps \u00e0 se l\u00e2cher alors que l\u2019objectif \u00e9tait d\u2019entrer fort dans la partie et d\u2019essayer d\u2019\u00e9vacuer assez rapidement la pression de l\u2019\u00e9v\u00e9nement. On n\u2019a pas r\u00e9ussi \u00e0 le faire\u00a0\u00bb, a analys\u00e9 l\u2019entra\u00eeneur nantais Gr\u00e9gory Cojean.<\/p>\n<p>\u00ab\u00a0On ne s\u2019est pas compl\u00e8tement l\u00e2ch\u00e9\u00a0\u00bb<\/p>\n<p>Y compris apr\u00e8s l\u2019exclusion d\u00e9finitive de Mathias Gidsel, d\u00e8s la 9e\u00a0minute (6-3 pour Berlin) pour un tacle de footballeur accidentel et non ma\u00eetris\u00e9 sur Kauldi Odriozola. La sortie du meilleur joueur du monde a m\u00eame \u00ab\u00a0peut-\u00eatre ajout\u00e9 de la pression\u00a0\u00bb sur les \u00e9paules des Nantais, selon Cojean.<\/p>\n<p>\u00ab\u00a0On s\u2019est peut-\u00eatre senti oblig\u00e9s\u2026 On s\u2019est dit \u201c\u00a0il n\u2019y a pas Gidsel c\u2019est notre moment ou jamais\u00a0\u201d et on ne s\u2019est pas compl\u00e8tement l\u00e2ch\u00e9, on a commis beaucoup d\u2019h\u00e9sitations et d\u2019erreurs. On n\u2019a jamais pu encha\u00eener un jeu propre pendant 5-10 minutes\u00a0\u00bb a-t-il ajout\u00e9.<\/p>\n<p>M\u00eame sans l\u2019arri\u00e8re droit danois, Berlin a pris le large \u00e0 la mi-temps (18-12) et montr\u00e9 pourquoi il venait de remporter son premier championnat d\u2019Allemagne. Le \u00ab\u00a0H\u00a0\u00bb lui court toujours apr\u00e8s, de nouveau derri\u00e8re le Paris Saint-Germain cette saison (2e) alors qu\u2019il souhaitait enfin le d\u00e9tr\u00f4ner.<\/p>\n<p>\u00ab\u00a0Bien analyser\u00a0\u00bb<\/p>\n<p>Ces ambitions se sont bris\u00e9es en deuxi\u00e8me partie de saison (d\u00e9faites \u00e0 Paris et Istres, nuls contre Chamb\u00e9ry et Aix-en-Provence), moins aboutie que la premi\u00e8re et lors de laquelle il a \u00e9galement abandonn\u00e9 sa Coupe de France (\u00e9limination en quarts par le PSG). \u00ab\u00a0Cela faisait quelques semaines qu\u2019on \u00e9tait en perte de vitesse en championnat, on l\u2019a encore vu ce soir (samedi)\u00a0\u00bb, a relev\u00e9 Minne.<\/p>\n<p>En vue de la saison prochaine, Cojean repartira de Cologne avec du \u00ab\u00a0travail, il va falloir bien analyser ce qui nous manque pour \u00eatre au niveau sur ce type de rencontre\u00a0\u00bb.<\/p>\n<p>En attendant, l\u2019entra\u00eeneur attend \u00ab\u00a0une r\u00e9action d\u2019orgueil\u00a0\u00bb dimanche contre le FC Barcelone, pour terminer sur une bonne note la campagne europ\u00e9enne. Un parcours lors duquel il est sorti troisi\u00e8me d\u2019une poule extr\u00eamement relev\u00e9e (Bar\u00e7a, Magdebourg, Aalborg, Szeged, Kielce) et a \u00e9limin\u00e9 en quarts le Sporting Portugal qui n\u2019avait plus perdu \u00e0 domicile depuis plus de deux ans.<\/p>\n<p>\u00ab\u00a0Pour nous, le club et les supporteurs, il faut bien finir la saison, qui sinon aurait un go\u00fbt d\u2019inachev\u00e9, (l\u2019impression d\u2019\u00eatre) presque rat\u00e9e alors qu\u2019elle ne l\u2019est pas\u00a0\u00bb, a affirm\u00e9 Minne.<\/p>\n<p><strong>Mi-temps\u00a0:<\/strong> 18-12.<br \/><strong>Arbitres\u00a0:<\/strong> MM.\u00a0Eliasson et Palsson.<br \/><strong>F\u00fcchse Berlin\u00a0: <\/strong>Milosavljev (15 arr\u00eats)\u00a0; Freih\u00f6fer (10 buts), Andersson (7), Lichtlein (5), Wiede (4), Gidsel (2), Av Teigum (2), Langhoff (1), Gr\u00fcner (1), Darj (1), Marsenic (1).<br \/><strong>HBC Nantes\u00a0:<\/strong> Pesic (5 arr\u00eats), Biosca Garcia (4)\u00a0; Briet (1), Tournat (6 buts), Rivera Folch (4), Bos (3), Odriozola Yeregui (3), Minne (2), Abdi (2), Ovnicek (2), Leopold (1).<\/p>\n","protected":false},"excerpt":{"rendered":"F\u00fcchse Berlin\u00a0&#8211; HBC Nantes\u00a0: 34-24 \u00c0 l\u2019image d\u2019Aymeric Minne, les Nantais ressortent de leur troisi\u00e8me demi-finale de C1&hellip;\n","protected":false},"author":2,"featured_media":176756,"comment_status":"","ping_status":"","sticky":false,"template":"","format":"standard","meta":{"footnotes":""},"categories":[2818],"tags":[1111,11,1777,674,1011,27,1792,31015,74,766,12,2636,25,60],"class_list":{"0":"post-176755","1":"post","2":"type-post","3":"status-publish","4":"format-standard","5":"has-post-thumbnail","7":"category-nantes","8":"tag-actu","9":"tag-actualites","10":"tag-eu","11":"tag-europe","12":"tag-fr","13":"tag-france","14":"tag-handball","15":"tag-ligue-des-champions-handball","16":"tag-monde","17":"tag-nantes","18":"tag-news","19":"tag-pays-de-la-loire","20":"tag-republique-francaise","21":"tag-sports"},"share_on_mastodon":{"url":"https:\/\/pubeurope.com\/@fr\/114683672195468117","error":""},"_links":{"self":[{"href":"https:\/\/www.europesays.com\/fr\/wp-json\/wp\/v2\/posts\/176755","targetHints":{"allow":["GET"]}}],"collection":[{"href":"https:\/\/www.europesays.com\/fr\/wp-json\/wp\/v2\/posts"}],"about":[{"href":"https:\/\/www.europesays.com\/fr\/wp-json\/wp\/v2\/types\/post"}],"author":[{"embeddable":true,"href":"https:\/\/www.europesays.com\/fr\/wp-json\/wp\/v2\/users\/2"}],"replies":[{"embeddable":true,"href":"https:\/\/www.europesays.com\/fr\/wp-json\/wp\/v2\/comments?post=176755"}],"version-history":[{"count":0,"href":"https:\/\/www.europesays.com\/fr\/wp-json\/wp\/v2\/posts\/176755\/revisions"}],"wp:featuredmedia":[{"embeddable":true,"href":"https:\/\/www.europesays.com\/fr\/wp-json\/wp\/v2\/media\/176756"}],"wp:attachment":[{"href":"https:\/\/www.europesays.com\/fr\/wp-json\/wp\/v2\/media?parent=176755"}],"wp:term":[{"taxonomy":"category","embeddable":true,"href":"https:\/\/www.europesays.com\/fr\/wp-json\/wp\/v2\/categories?post=176755"},{"taxonomy":"post_tag","embeddable":true,"href":"https:\/\/www.europesays.com\/fr\/wp-json\/wp\/v2\/tags?post=176755"}],"curies":[{"name":"wp","href":"https:\/\/api.w.org\/{rel}","templated":true}]}}