{"id":176763,"date":"2025-06-14T20:48:12","date_gmt":"2025-06-14T20:48:12","guid":{"rendered":"https:\/\/www.europesays.com\/fr\/176763\/"},"modified":"2025-06-14T20:48:12","modified_gmt":"2025-06-14T20:48:12","slug":"un-homme-meurt-fauche-sur-cette-autoroute-la-circulation-coupee","status":"publish","type":"post","link":"https:\/\/www.europesays.com\/fr\/176763\/","title":{"rendered":"un homme meurt fauch\u00e9 sur cette autoroute, la circulation coup\u00e9e"},"content":{"rendered":"<p>            Par<br \/>\n        <strong><br \/>\n            <a href=\"https:\/\/actu.fr\/auteur\/mareva-laville-actu-fr\" title=\"Consulter tous les articles de Mar\u00e9va Laville\" target=\"_blank\" rel=\"noopener\">Mar\u00e9va Laville<\/a><br \/>\n        <\/strong><\/p>\n<p>        Publi\u00e9 le<\/p>\n<p>            14 juin 2025 \u00e0 17h06        <\/p>\n<p>Tragique <strong>accident<\/strong> au sud de <a href=\"http:\/\/www.actu.fr\/toulouse\" target=\"_blank\" rel=\"noopener\">Toulouse<\/a>. Vers 16h30, ce samedi 14 juin 2025, les pompiers \u00e9taient engag\u00e9s sur<strong><a href=\"https:\/\/actu.fr\/tag\/autoroute-64-a64\" target=\"_blank\" rel=\"noopener\"> l\u2019A64<\/a>,<\/strong> au sud de la Ville rose.<\/p>\n<p>Le couple \u00e9tait tomb\u00e9 en panne, l\u2019homme meurt fauch\u00e9<\/p>\n<p class=\" wall-content\">Dans le<strong> sens Carbonne-Toulouse<\/strong>, sur la voie de droite, \u00ab\u2009un <strong>pi\u00e9ton<\/strong> a \u00e9t\u00e9 <strong>percut\u00e9 par une fourgonnette<\/strong>\u2009\u00bb, d\u00e9taille le Sdis 31. Si l\u2019homme se trouvait \u00e0 pied sur cette portion d\u2019autoroute, au niveau de Carbonne, c\u2019est parce qu\u2019un \u00ab\u2009couple est tomb\u00e9 en panne\u2009\u00bb, pr\u00e9cise la gendarmerie de Haute-Garonne.<\/p>\n<blockquote class=\"ac-article-quote wall-content\">\n<p>La femme s&rsquo;est mise derri\u00e8re la barri\u00e8re et l&rsquo;homme \u00e9tait parti chercher un gilet jaune. Il a \u00e9t\u00e9 fauch\u00e9 par une voiture.<\/p>\n<p>    <strong>Gendarmerie de Haute-Garonne<\/strong>\n            <\/p><\/blockquote>\n<p class=\" wall-content\">D\u00e9membr\u00e9, <strong>l\u2019homme de 68 ans est mort sur le coup<\/strong>. Il est d\u00e9clar\u00e9 d\u00e9c\u00e9d\u00e9 par les pompiers de Haute-Garonne qui se sont d\u00e9plac\u00e9s au nombre de 17 sur les lieux, accompagn\u00e9s des gendarmes.<\/p>\n<p>Le chauffeur en garde \u00e0 vue<\/p>\n<p class=\" wall-content\">\u00c4g\u00e9 de 39 ans, le conducteur de la fourgonnette, \u00ab\u2009choqu\u00e9\u2009\u00bb, a \u00e9t\u00e9 plac\u00e9 en <strong>garde \u00e0 vue<\/strong>. \u00ab\u2009Il s\u2019est arr\u00eat\u00e9 tout de suite et n\u2019a pas tent\u00e9 de fuir\u2009\u00bb, soulignent les gendarmes de Haute-Garonne.<\/p>\n<p>Vid\u00e9os : en ce moment sur ActuL\u2019autoroute coup\u00e9e<\/p>\n<p class=\" wall-content\">La <strong>circulation<\/strong> sur cette autoroute A64 a \u00e9t\u00e9 <strong>enti\u00e8rement coup\u00e9e<\/strong> entre les sorties 26 et 27 en direction de Toulouse. <strong>Un gros bouchon s\u2019est form\u00e9<\/strong>. \u00ab\u2009Les v\u00e9hicules sont \u00e9vacu\u00e9s petit \u00e0 petit dans le sens contraire\u2009\u00bb, informe la gendarmerie.<\/p>\n<p>    <a href=\"https:\/\/www.google.com\/maps\/embed?pb=!1m18!1m12!1m3!1d2906.8426650887013!2d-0.029181687477157627!3d43.233758271004795!2m3!1f0!2f0!3f0!3m2!1i1024!2i768!4f13.1!3m3!1m2!1s0xd5627e21b9b86c9%3A0xe68a12607df9f971!2sA64!5e0!3m2!1sfr!2sfr!4v1749914834633!5m2!1sfr!2sfr\" title=\"Ouvrie le lien\" target=\"_blank\" rel=\"noopener\">Cliquez ici pour visualiser le contenu<\/a><\/p>\n<p class=\" wall-content\">Suivez toute l\u2019actualit\u00e9 de vos villes et m\u00e9dias favoris en vous inscrivant \u00e0 <a href=\"https:\/\/moncompte.actu.fr\" title=\"D\u00e9couvez Mon Actu\" rel=\"nofollow noopener\" data-trk=\"{&quot;cta&quot;:{&quot;action&quot;:&quot;https:\\\/\\\/moncompte.actu.fr&quot;,&quot;category&quot;:&quot;mon compte&quot;,&quot;from&quot;:&quot;article footer&quot;,&quot;name&quot;:&quot;Mon actu&quot;,&quot;type&quot;:&quot;cta&quot;}}\" target=\"_blank\">Mon Actu<\/a>.<\/p>\n","protected":false},"excerpt":{"rendered":"Par Mar\u00e9va Laville Publi\u00e9 le 14 juin 2025 \u00e0 17h06 Tragique accident au sud de Toulouse. Vers 16h30,&hellip;\n","protected":false},"author":2,"featured_media":176764,"comment_status":"","ping_status":"","sticky":false,"template":"","format":"standard","meta":{"footnotes":""},"categories":[2816],"tags":[119,1111,11,4799,1777,674,118,1011,27,12,2680,1311,25,2312],"class_list":{"0":"post-176763","1":"post","2":"type-post","3":"status-publish","4":"format-standard","5":"has-post-thumbnail","7":"category-toulouse","8":"tag-accident","9":"tag-actu","10":"tag-actualites","11":"tag-autoroute-64-a64","12":"tag-eu","13":"tag-europe","14":"tag-faits-divers","15":"tag-fr","16":"tag-france","17":"tag-news","18":"tag-occitanie","19":"tag-pompiers","20":"tag-republique-francaise","21":"tag-toulouse"},"share_on_mastodon":{"url":"https:\/\/pubeurope.com\/@fr\/114683687887592512","error":""},"_links":{"self":[{"href":"https:\/\/www.europesays.com\/fr\/wp-json\/wp\/v2\/posts\/176763","targetHints":{"allow":["GET"]}}],"collection":[{"href":"https:\/\/www.europesays.com\/fr\/wp-json\/wp\/v2\/posts"}],"about":[{"href":"https:\/\/www.europesays.com\/fr\/wp-json\/wp\/v2\/types\/post"}],"author":[{"embeddable":true,"href":"https:\/\/www.europesays.com\/fr\/wp-json\/wp\/v2\/users\/2"}],"replies":[{"embeddable":true,"href":"https:\/\/www.europesays.com\/fr\/wp-json\/wp\/v2\/comments?post=176763"}],"version-history":[{"count":0,"href":"https:\/\/www.europesays.com\/fr\/wp-json\/wp\/v2\/posts\/176763\/revisions"}],"wp:featuredmedia":[{"embeddable":true,"href":"https:\/\/www.europesays.com\/fr\/wp-json\/wp\/v2\/media\/176764"}],"wp:attachment":[{"href":"https:\/\/www.europesays.com\/fr\/wp-json\/wp\/v2\/media?parent=176763"}],"wp:term":[{"taxonomy":"category","embeddable":true,"href":"https:\/\/www.europesays.com\/fr\/wp-json\/wp\/v2\/categories?post=176763"},{"taxonomy":"post_tag","embeddable":true,"href":"https:\/\/www.europesays.com\/fr\/wp-json\/wp\/v2\/tags?post=176763"}],"curies":[{"name":"wp","href":"https:\/\/api.w.org\/{rel}","templated":true}]}}