{"id":176768,"date":"2025-06-14T20:52:11","date_gmt":"2025-06-14T20:52:11","guid":{"rendered":"https:\/\/www.europesays.com\/fr\/176768\/"},"modified":"2025-06-14T20:52:11","modified_gmt":"2025-06-14T20:52:11","slug":"la-friche-la-belle-de-mai-sous-les-couleurs-mahoraises","status":"publish","type":"post","link":"https:\/\/www.europesays.com\/fr\/176768\/","title":{"rendered":"La Friche la Belle de Mai sous les couleurs mahoraises"},"content":{"rendered":"<p>C\u2019est <a href=\"https:\/\/www.laprovence.com\/article\/culture-loisirs\/31795160123310\/a-partir-du-week-end-des-3-4-fevrier-la-friche-la-belle-de-mai-en-mode-ultramarin-a-marseille\" target=\"_blank\" rel=\"noopener\">\u00e0 l\u2019initiative de Sisygambis<\/a>, structure d\u2019arts visuels r\u00e9sidente de la Friche dirig\u00e9e par Christine Coulange, et en partenariat avec l\u2019universit\u00e9 de Mayotte, que seront accueillis dix de leurs \u00e9tudiants, en vue de r\u00e9aliser des projets artistiques divers.<\/p>\n<p>Inscrits au dipl\u00f4me universitaire \u00ab\u00a0Pratiques du Spectacle Vivant\u00a0\u00bb, ces derniers suivront un stage avec Carolina Pecheny, com\u00e9dienne du Th\u00e9\u00e2tre du Soleil, et participeront \u00e0 de nombreux ateliers artistiques anim\u00e9s par Christine Coulange et Herv\u00e9 Rico pour Sisygambis, Josette Pisani, Corinne Pontana et Fran\u00e7ois Bouteau pour Marseille objectif DansE, Catherine Germain pour la compagnie L\u2019Entreprise et Colette Tron pour Alphabetville.<\/p>\n<p>Th\u00e9\u00e2tre, expo, cin\u00e9ma, d\u00eener solidaire<\/p>\n<p>Le premier projet de th\u00e9\u00e2tre auquel ils participeront, Mirages, les bruits qu\u2019on a v\u00e9cus, sera l\u2019occasion d\u2019une restitution publique le 15\u00a0juin \u00e0 18h au Studio MOD, suivi le 19\u00a0juin d\u2019une s\u00e9ance de lecture po\u00e9tique et de projection \u00e0 18h30 dans la librairie (salle des machines), La Couleur des Mots. Le vendredi 20\u00a0juin \u00e0 18h sera projet\u00e9 au Studio MOD, Sur les routes de Mayotte, une s\u00e9rie de courts documentaires r\u00e9alis\u00e9s entre\u00a02016 et\u00a02025 par Christine Coulange. Du 10 au 22\u00a0juin, sera visible aux Grandes Tables <a href=\"https:\/\/www.laprovence.com\/article\/culture-loisirs\/1603051279857614\/fight-une-expo-photos-sur-la-boxe-a-marseille-a-retrouver-jusquau-14-juin\" target=\"_blank\" rel=\"noopener\">une exposition photographique<\/a>, Mayotte, vers d\u2019autres ailleurs, une autre \u0153uvre de l\u2019artiste aux multiples casquettes.<\/p>\n<p>Enfin, pour cl\u00f4turer cet \u00e9pisode mahorais, un d\u00eener solidaire sera organis\u00e9 par les Grandes Tables au tarif unique de 25\u00a0euros, permettant de go\u00fbter aux sp\u00e9cialit\u00e9s culinaires locales concoct\u00e9es par le chef des Grandes tables Yas. Les recettes seront revers\u00e9es au service universitaire d\u2019action culturelle de l\u2019universit\u00e9 de Mayotte. Ce d\u00eener sera accompagn\u00e9 d\u2019une performance de danse, propos\u00e9e par Marseille objectif DansE.<\/p>\n<p>Du 9 au 22 juin \u00e0 la Friche la Belle-de-Mai, 41 rue Jobin 13003 Marseille. Gratuit \u00e0 25 euros. lafriche.org.<\/p>\n","protected":false},"excerpt":{"rendered":"C\u2019est \u00e0 l\u2019initiative de Sisygambis, structure d\u2019arts visuels r\u00e9sidente de la Friche dirig\u00e9e par Christine Coulange, et en&hellip;\n","protected":false},"author":2,"featured_media":176769,"comment_status":"","ping_status":"","sticky":false,"template":"","format":"standard","meta":{"footnotes":""},"categories":[2814],"tags":[17,1111,11,20069,18493,251,1777,674,1011,27,3009,151,884,8245,12,882,25,3107],"class_list":{"0":"post-176768","1":"post","2":"type-post","3":"status-publish","4":"format-standard","5":"has-post-thumbnail","7":"category-marseille","8":"tag-17","9":"tag-actu","10":"tag-actualites","11":"tag-belle-de-mai","12":"tag-couleurs","13":"tag-culture","14":"tag-eu","15":"tag-europe","16":"tag-fr","17":"tag-france","18":"tag-friche","19":"tag-les","20":"tag-marseille","21":"tag-mayotte","22":"tag-news","23":"tag-provence-alpes-cote-dazur","24":"tag-republique-francaise","25":"tag-sous"},"share_on_mastodon":{"url":"https:\/\/pubeurope.com\/@fr\/114683703656580167","error":""},"_links":{"self":[{"href":"https:\/\/www.europesays.com\/fr\/wp-json\/wp\/v2\/posts\/176768","targetHints":{"allow":["GET"]}}],"collection":[{"href":"https:\/\/www.europesays.com\/fr\/wp-json\/wp\/v2\/posts"}],"about":[{"href":"https:\/\/www.europesays.com\/fr\/wp-json\/wp\/v2\/types\/post"}],"author":[{"embeddable":true,"href":"https:\/\/www.europesays.com\/fr\/wp-json\/wp\/v2\/users\/2"}],"replies":[{"embeddable":true,"href":"https:\/\/www.europesays.com\/fr\/wp-json\/wp\/v2\/comments?post=176768"}],"version-history":[{"count":0,"href":"https:\/\/www.europesays.com\/fr\/wp-json\/wp\/v2\/posts\/176768\/revisions"}],"wp:featuredmedia":[{"embeddable":true,"href":"https:\/\/www.europesays.com\/fr\/wp-json\/wp\/v2\/media\/176769"}],"wp:attachment":[{"href":"https:\/\/www.europesays.com\/fr\/wp-json\/wp\/v2\/media?parent=176768"}],"wp:term":[{"taxonomy":"category","embeddable":true,"href":"https:\/\/www.europesays.com\/fr\/wp-json\/wp\/v2\/categories?post=176768"},{"taxonomy":"post_tag","embeddable":true,"href":"https:\/\/www.europesays.com\/fr\/wp-json\/wp\/v2\/tags?post=176768"}],"curies":[{"name":"wp","href":"https:\/\/api.w.org\/{rel}","templated":true}]}}