{"id":176770,"date":"2025-06-14T20:53:11","date_gmt":"2025-06-14T20:53:11","guid":{"rendered":"https:\/\/www.europesays.com\/fr\/176770\/"},"modified":"2025-06-14T20:53:11","modified_gmt":"2025-06-14T20:53:11","slug":"lyon-une-manifestation-pacifiste-de-soutien-au-peuple-palestinien-2","status":"publish","type":"post","link":"https:\/\/www.europesays.com\/fr\/176770\/","title":{"rendered":"Lyon. Une manifestation pacifiste de soutien au peuple palestinien"},"content":{"rendered":"<p>Le Collectif 69 de soutien au peuple palestinien organisait ce samedi 14\u00a0juin une manifestation de soutien au d\u00e9part de la place des Terreaux, \u00e0 15 heures.<\/p>\n<p>\u00ab\u00a0Nous voulons une prise de conscience de l&rsquo;urgence\u00a0\u00bb<\/p>\n<p>\u00ab\u00a0Toutes les lignes rouges ont \u00e9t\u00e9 franchies \u00e0 Gaza. Nous voulons de la visibilit\u00e9, une prise de conscience de l\u2019urgence, un signal clair. Une marche qui envoie un message fort \u00e0 la veille du sommet de l\u2019ONU sur la Palestine qui d\u00e9butera le 17\u00a0juin 2025 \u00e0 New York\u00a0\u00bb, expliquait le Collectif 69 dans son appel \u00e0 manifester.<\/p>\n<p>La manifestation a rassembl\u00e9 2\u00a0000 personnes, selon la police, et s\u2019est d\u00e9roul\u00e9e dans le calme, sans incident, sur l\u2019itin\u00e9raire pr\u00e9vu.<\/p>\n","protected":false},"excerpt":{"rendered":"Le Collectif 69 de soutien au peuple palestinien organisait ce samedi 14\u00a0juin une manifestation de soutien au d\u00e9part&hellip;\n","protected":false},"author":2,"featured_media":176653,"comment_status":"","ping_status":"","sticky":false,"template":"","format":"standard","meta":{"footnotes":""},"categories":[1889],"tags":[1111,11,2430,9671,2757,1777,674,1011,27,2428,2756,12,25,2429,104],"class_list":{"0":"post-176770","1":"post","2":"type-post","3":"status-publish","4":"format-standard","5":"has-post-thumbnail","7":"category-lyon","8":"tag-actu","9":"tag-actualites","10":"tag-auvergne-rhone-alpes","11":"tag-conflit-social","12":"tag-edition-lyon-villeurbanne","13":"tag-eu","14":"tag-europe","15":"tag-fr","16":"tag-france","17":"tag-lyon","18":"tag-lyon-bassin","19":"tag-news","20":"tag-republique-francaise","21":"tag-rhone","22":"tag-societe"},"share_on_mastodon":{"url":"https:\/\/pubeurope.com\/@fr\/114683707694556875","error":""},"_links":{"self":[{"href":"https:\/\/www.europesays.com\/fr\/wp-json\/wp\/v2\/posts\/176770","targetHints":{"allow":["GET"]}}],"collection":[{"href":"https:\/\/www.europesays.com\/fr\/wp-json\/wp\/v2\/posts"}],"about":[{"href":"https:\/\/www.europesays.com\/fr\/wp-json\/wp\/v2\/types\/post"}],"author":[{"embeddable":true,"href":"https:\/\/www.europesays.com\/fr\/wp-json\/wp\/v2\/users\/2"}],"replies":[{"embeddable":true,"href":"https:\/\/www.europesays.com\/fr\/wp-json\/wp\/v2\/comments?post=176770"}],"version-history":[{"count":0,"href":"https:\/\/www.europesays.com\/fr\/wp-json\/wp\/v2\/posts\/176770\/revisions"}],"wp:featuredmedia":[{"embeddable":true,"href":"https:\/\/www.europesays.com\/fr\/wp-json\/wp\/v2\/media\/176653"}],"wp:attachment":[{"href":"https:\/\/www.europesays.com\/fr\/wp-json\/wp\/v2\/media?parent=176770"}],"wp:term":[{"taxonomy":"category","embeddable":true,"href":"https:\/\/www.europesays.com\/fr\/wp-json\/wp\/v2\/categories?post=176770"},{"taxonomy":"post_tag","embeddable":true,"href":"https:\/\/www.europesays.com\/fr\/wp-json\/wp\/v2\/tags?post=176770"}],"curies":[{"name":"wp","href":"https:\/\/api.w.org\/{rel}","templated":true}]}}