{"id":176771,"date":"2025-06-14T20:54:15","date_gmt":"2025-06-14T20:54:15","guid":{"rendered":"https:\/\/www.europesays.com\/fr\/176771\/"},"modified":"2025-06-14T20:54:15","modified_gmt":"2025-06-14T20:54:15","slug":"rhone-a-lyon-deux-individus-interpelles-et-places-en-garde-a-vue-apres-un-tag-free-gaza","status":"publish","type":"post","link":"https:\/\/www.europesays.com\/fr\/176771\/","title":{"rendered":"Rh\u00f4ne. \u00c0 Lyon, deux individus interpell\u00e9s et plac\u00e9s en garde \u00e0 vue apr\u00e8s un tag \u00ab Free Gaza \u00bb"},"content":{"rendered":"<p>Deux individus ont \u00e9t\u00e9 interpell\u00e9s, dans la nuit de vendredi \u00e0 samedi, vers 3\u00a0h\u00a050, rue F\u00e9lix-Faure \u00e0 Lyon 3e\u00a0 alors qu\u2019ils venaient de tagger sur un mur l\u2019inscription \u00ab\u00a0Free Gaza\u00a0\u00bb.<\/p>\n<p>Ag\u00e9s de 21 et 23 ans, les deux hommes ont \u00e9t\u00e9 plac\u00e9s en garde \u00e0 vue. Ils seront poursuivis le 9 septembre en Maison de Justice et du Droit pour d\u00e9gradation de bien priv\u00e9 en r\u00e9union. Ils devront indemniser le propri\u00e9taire du b\u00e2timent sur lequel l\u2019inscription a \u00e9t\u00e9 faite.<\/p>\n<p>  Un contexte social tendu<\/p>\n<p>Cette intervention s&rsquo;inscrit dans un contexte social tendu, alors que <a href=\"https:\/\/www.leprogres.fr\/sante\/2025\/06\/14\/De nombreux tags pro-Palestine et anti-Isra\u00ebl sur les murs du centre de Lyon\" target=\"_blank\" rel=\"nofollow noopener\">les marques de soutien \u00e0 la cause palestinienne<\/a> se multiplient \u00e0 Lyon ces derniers mois. Fin avril dernier, le tag \u00ab Palestine vaincra ! \u00bb avait \u00e9t\u00e9 inscrit sur le fronton d&rsquo;un immeuble place Bellecour, provoquant l&rsquo;ouverture d&rsquo;une enqu\u00eate.<\/p>\n<p>Plus r\u00e9cemment, sur un feu\u00a0tricolore \u00e0 proximit\u00e9 de la station de m\u00e9tro Guilloti\u00e8re, des collages ont \u00e9t\u00e9 appos\u00e9\u00a0: au rouge, les automobilistes peuvent lire l&rsquo;inscription \u00ab\u00a0Stop Isra\u00ebl\u00a0\u00bb. Lorsque le feu passe au vert, l&rsquo;on peut voir, \u00e0 la place, les mots \u00ab\u00a0Free Gaza\u00a0\u00bb.<\/p>\n<p>  Une manifestation ce samedi<\/p>\n<p>Par ailleurs, ce samedi,\u00a0le collectif 69 de soutien au peuple palestinien <a href=\"https:\/\/www.leprogres.fr\/societe\/2025\/06\/14\/marche-des-fiertes-palestine-velorutions-et-toujours-les-vtc-le-plein-de-manifestations-ce-week-end-automobilistes-evitez-le-centre-ville\" target=\"_blank\" rel=\"nofollow noopener\">organise une manifestation<\/a> au d\u00e9part de la place des Terreaux, depuis 15 heures.<\/p>\n","protected":false},"excerpt":{"rendered":"Deux individus ont \u00e9t\u00e9 interpell\u00e9s, dans la nuit de vendredi \u00e0 samedi, vers 3\u00a0h\u00a050, rue F\u00e9lix-Faure \u00e0 Lyon&hellip;\n","protected":false},"author":2,"featured_media":176772,"comment_status":"","ping_status":"","sticky":false,"template":"","format":"standard","meta":{"footnotes":""},"categories":[1889],"tags":[1111,11,2430,2757,1777,674,274,107,1011,27,2428,2756,12,25,2429,71],"class_list":{"0":"post-176771","1":"post","2":"type-post","3":"status-publish","4":"format-standard","5":"has-post-thumbnail","7":"category-lyon","8":"tag-actu","9":"tag-actualites","10":"tag-auvergne-rhone-alpes","11":"tag-edition-lyon-villeurbanne","12":"tag-eu","13":"tag-europe","14":"tag-faits-divers-justice","15":"tag-fil-info","16":"tag-fr","17":"tag-france","18":"tag-lyon","19":"tag-lyon-bassin","20":"tag-news","21":"tag-republique-francaise","22":"tag-rhone","23":"tag-sante"},"share_on_mastodon":{"url":"https:\/\/pubeurope.com\/@fr\/114683711552731834","error":""},"_links":{"self":[{"href":"https:\/\/www.europesays.com\/fr\/wp-json\/wp\/v2\/posts\/176771","targetHints":{"allow":["GET"]}}],"collection":[{"href":"https:\/\/www.europesays.com\/fr\/wp-json\/wp\/v2\/posts"}],"about":[{"href":"https:\/\/www.europesays.com\/fr\/wp-json\/wp\/v2\/types\/post"}],"author":[{"embeddable":true,"href":"https:\/\/www.europesays.com\/fr\/wp-json\/wp\/v2\/users\/2"}],"replies":[{"embeddable":true,"href":"https:\/\/www.europesays.com\/fr\/wp-json\/wp\/v2\/comments?post=176771"}],"version-history":[{"count":0,"href":"https:\/\/www.europesays.com\/fr\/wp-json\/wp\/v2\/posts\/176771\/revisions"}],"wp:featuredmedia":[{"embeddable":true,"href":"https:\/\/www.europesays.com\/fr\/wp-json\/wp\/v2\/media\/176772"}],"wp:attachment":[{"href":"https:\/\/www.europesays.com\/fr\/wp-json\/wp\/v2\/media?parent=176771"}],"wp:term":[{"taxonomy":"category","embeddable":true,"href":"https:\/\/www.europesays.com\/fr\/wp-json\/wp\/v2\/categories?post=176771"},{"taxonomy":"post_tag","embeddable":true,"href":"https:\/\/www.europesays.com\/fr\/wp-json\/wp\/v2\/tags?post=176771"}],"curies":[{"name":"wp","href":"https:\/\/api.w.org\/{rel}","templated":true}]}}