{"id":176785,"date":"2025-06-14T21:02:11","date_gmt":"2025-06-14T21:02:11","guid":{"rendered":"https:\/\/www.europesays.com\/fr\/176785\/"},"modified":"2025-06-14T21:02:11","modified_gmt":"2025-06-14T21:02:11","slug":"vladimir-poutine-affirme-a-donald-trump-etre-pret-a-de-nouvelles-negociations-avec-lukraine","status":"publish","type":"post","link":"https:\/\/www.europesays.com\/fr\/176785\/","title":{"rendered":"Vladimir Poutine affirme \u00e0 Donald Trump \u00eatre pr\u00eat \u00e0 de nouvelles n\u00e9gociations avec l\u2019Ukraine"},"content":{"rendered":"<p>        <img decoding=\"async\" loading=\"lazy\" src=\"https:\/\/www.europesays.com\/fr\/wp-content\/uploads\/2025\/06\/6e6d947_upload-1-7ysqfms3dtuh-000-499g9g2.jpg\"  width=\"728\" height=\"410\" alt=\"Donald Trump, dans le New Jersey, le 23\u00a0mai 2025\u00a0\/ Vladimir Poutine, \u00e0 Moscou, le 28\u00a0mai 2025.\"\/>  <\/p>\n<p>SAUL LOEB, PAVEL BEDNYAKOV \/ AFP<\/p>\n<p>Donald Trump, dans le New Jersey, le 23\u00a0mai 2025\u00a0\/ Vladimir Poutine, \u00e0 Moscou, le 28\u00a0mai 2025.<\/p>\n<p class=\"asset asset-text\">INTERNATIONAL &#8211; Appel au sommet ce samedi 14\u00a0juin. Lors d\u2019un entretien t\u00e9l\u00e9phonique, <a href=\"https:\/\/www.huffingtonpost.fr\/international\/article\/poutine-est-devenu-fou-tacle-trump-apres-le-plus-gros-raid-russe-en-ukraine_250508.html\" rel=\"nofollow noopener\" target=\"_blank\">Vladimir Poutine<\/a> a affirm\u00e9 \u00e0 son homologue am\u00e9ricain <a href=\"https:\/\/www.huffingtonpost.fr\/international\/video\/iran-bombe-nucleaire-negociations-avec-teheran-donald-trump-commente-les-frappes-d-israel_251301.html\" rel=\"nofollow noopener\" target=\"_blank\">Donald\u00a0Trump<\/a>\u00a0\u00eatre pr\u00eat \u00e0 un nouveau round de n\u00e9gociations entre la Russie et l\u2019Ukraine, alors que Kiev r\u00e9clame en vain que les \u00c9tats-Unis \u00ab\u00a0changent de ton\u00a0\u00bb \u00e0 l\u2019\u00e9gard de Moscou.<\/p>\n<p class=\"asset asset-text\">Selon le Kremlin, \u00ab\u00a0<a href=\"https:\/\/www.huffingtonpost.fr\/international\/article\/israel-benjamin-netanyahu-plus-offensif-que-jamais-au-lendemain-des-premieres-frappes-sur-l-iran_251359.html\" rel=\"nofollow noopener\" target=\"_blank\">l\u2019escalade dangereuse au Moyen-Orient<\/a> a bien s\u00fbr \u00e9t\u00e9 au centre de l\u2019\u00e9change\u00a0\u00bb. Moscou, alli\u00e9 de T\u00e9h\u00e9ran, restant un acteur important dans la r\u00e9gion.<\/p>\n<p class=\"asset asset-text\">Mais le pr\u00e9sident russe a \u00e9galement inform\u00e9 Donald\u00a0Trump\u00a0de la \u00ab\u00a0mise en \u0153uvre des accords conclus lors de la r\u00e9union entre les d\u00e9l\u00e9gations russe et ukrainienne \u00e0 Istanbul le 2\u00a0juin\u00a0\u00bb, soit des accords portant sur des \u00e9changes de prisonniers, de bless\u00e9s et de corps de soldats.<\/p>\n<p class=\"asset asset-text\">Vladimir Poutine a affirm\u00e9 que la Russie \u00e9tait pr\u00eate \u00e0 poursuivre les n\u00e9gociations avec l\u2019Ukraine apr\u00e8s le 22\u00a0juin et l\u2019ach\u00e8vement de ces \u00e9changes. Donald\u00a0Trump\u00a0a lui \u00ab\u00a0r\u00e9it\u00e9r\u00e9 son int\u00e9r\u00eat pour une r\u00e9solution rapide du conflit russo-ukrainien\u00a0\u00bb, souligne le Kremlin.<\/p>\n<p class=\"asset asset-text\">Il s\u2019agissait du cinqui\u00e8me <a href=\"https:\/\/www.huffingtonpost.fr\/international\/article\/donald-trump-et-vladimir-poutine-veulent-prouver-que-le-dialogue-n-est-pas-rompu-apres-ce-nouveau-coup-de-fil_250943.html\" rel=\"nofollow noopener\" target=\"_blank\">appel t\u00e9l\u00e9phonique<\/a> entre les deux pr\u00e9sidents depuis que Donald\u00a0Trump\u00a0est entr\u00e9 en fonction et s\u2019est rapproch\u00e9 de Moscou, rompant avec le soutien ferme \u00e0 l\u2019Ukraine affich\u00e9 par son pr\u00e9d\u00e9cesseur depuis <a href=\"https:\/\/www.huffingtonpost.fr\/international\/article\/la-russie-n-avait-jamais-lance-autant-de-drones-explosifs-sur-l-ukraine-en-une-nuit-depuis-le-debut-de-la-guerre_251115.html\" rel=\"nofollow noopener\" target=\"_blank\">l\u2019invasion lanc\u00e9e par la Russie en f\u00e9vrier\u00a02022<\/a>.<\/p>\n<p class=\"asset asset-text\">Le Kremlin a d\u2019ailleurs indiqu\u00e9 que le pr\u00e9sident russe avait souhait\u00e9 ce samedi \u00e0 Donald\u00a0Trump\u00a0un bon anniversaire.<\/p>\n<p class=\"asset asset-text\">\u00ab\u00a0Nous avons longuement parl\u00e9\u00a0\u00bb et \u00ab\u00a0l\u2019appel a dur\u00e9 environ une heure\u00a0\u00bb, a pr\u00e9cis\u00e9 plus tard le pr\u00e9sident am\u00e9ricain sur sa plateforme Truth Social. \u00ab\u00a0Je lui ai r\u00e9pondu que sa guerre doit aussi s\u2019arr\u00eater\u00a0\u00bb, a-t-il aussi \u00e9crit en faisant r\u00e9f\u00e9rence au conflit entre l\u2019Ukraine et la Russie.<\/p>\n<p>                     Volodymyr Zelensky dubitatif    <\/p>\n<p class=\"asset asset-text\">Concernant la perspective d\u2019un nouveau round de n\u00e9gociations, le pr\u00e9sident ukrainien Volodymyr Zelensky s\u2019est jusqu\u2019\u00e0 pr\u00e9sent content\u00e9 de d\u00e9clarer que la question serait discut\u00e9e \u00ab\u00a0une fois les \u00e9changes termin\u00e9s\u00a0\u00bb.<\/p>\n<p class=\"asset asset-text\">Au-del\u00e0 des \u00e9changes de prisonniers et de d\u00e9pouilles de soldats tu\u00e9s, les n\u00e9gociations entreprises sous la pression de Washington n\u2019ont \u00e0 ce jour d\u00e9bouch\u00e9 sur aucun progr\u00e8s vers un cessez-le-feu.<\/p>\n<p class=\"asset asset-text\">Volodymyr Zelensky a une nouvelle fois rejet\u00e9, dans une conf\u00e9rence de presse diffus\u00e9e ce samedi, les exigences russes, r\u00e9p\u00e9t\u00e9es lors de ces n\u00e9gociations. \u00c0 savoir notamment que l\u2019Ukraine c\u00e8de \u00e0 la Russie quatre de ses r\u00e9gions orientales dont Moscou revendique l\u2019annexion, et renonce \u00e0 rejoindre l\u2019Otan.<\/p>\n<p class=\"asset asset-text\">\u00ab\u00a0C\u2019est un ultimatum, r\u00e9dig\u00e9 d\u00e9lib\u00e9r\u00e9ment de mani\u00e8re \u00e0 ce que l\u2019Ukraine ne puisse jamais l\u2019accepter\u00a0\u00bb, a d\u00e9nonc\u00e9 Volodymyr Zelensky, qui accuse la Russie de ne chercher qu\u2019\u00e0 gagner du temps au moment o\u00f9 son arm\u00e9e, sup\u00e9rieure en nombre et en armements, progresse lentement dans l\u2019est de l\u2019Ukraine.<\/p>\n<p class=\"asset asset-text\">Volodymyr Zelensky a dit esp\u00e9rer que le conflit entre Isra\u00ebl et l\u2019Iran ne conduise pas \u00e0 une baisse de l\u2019aide occidentale \u00e0 Kiev, regrettant un \u00ab\u00a0ralentissement\u00a0\u00bb du soutien europ\u00e9en et reprochant \u00e0 Washington d\u2019\u00eatre \u00ab\u00a0trop conciliant\u00a0\u00bb envers Moscou.<\/p>\n<p class=\"asset asset-text\">Dans un autre message ce samedi, le pr\u00e9sident ukrainien a par ailleurs appel\u00e9 les \u00c9tats-Unis \u00e0 \u00ab\u00a0changer de ton\u00a0\u00bb avec la Russie. \u00ab\u00a0\u00c0 l\u2019heure actuelle, le ton du dialogue entre les \u00c9tats-Unis et la Russie semble trop conciliant. Soyons honn\u00eates\u00a0: cela n\u2019arr\u00eatera pas Poutine. Ce qu\u2019il faut, c\u2019est changer de ton\u00a0\u00bb, a plaid\u00e9 Volodymyr Zelensky.<\/p>\n<p class=\"asset asset-text\">Malgr\u00e9 les affrontements, l\u2019Ukraine et la Russie ont proc\u00e9d\u00e9 ce samedi \u00e0 leur quatri\u00e8me \u00e9change de prisonniers de la semaine, dans le cadre des accords conclus \u00e0 Istanbul d\u00e9but juin. Comme lors des pr\u00e9c\u00e9dents \u00e9changes, le nombre de personnes concern\u00e9es n\u2019a pas \u00e9t\u00e9 r\u00e9v\u00e9l\u00e9.<\/p>\n","protected":false},"excerpt":{"rendered":"SAUL LOEB, PAVEL BEDNYAKOV \/ AFP Donald Trump, dans le New Jersey, le 23\u00a0mai 2025\u00a0\/ Vladimir Poutine, \u00e0&hellip;\n","protected":false},"author":2,"featured_media":176786,"comment_status":"","ping_status":"","sticky":false,"template":"","format":"standard","meta":{"footnotes":""},"categories":[1590],"tags":[11,75,73,1777,674,131,14,12,132,220,135],"class_list":{"0":"post-176785","1":"post","2":"type-post","3":"status-publish","4":"format-standard","5":"has-post-thumbnail","7":"category-ukraine","8":"tag-actualites","9":"tag-donald-trump","10":"tag-etats-unis","11":"tag-eu","12":"tag-europe","13":"tag-guerre-en-ukraine","14":"tag-international","15":"tag-news","16":"tag-russie","17":"tag-ukraine","18":"tag-vladimir-poutine"},"share_on_mastodon":{"url":"https:\/\/pubeurope.com\/@fr\/114683743056579207","error":""},"_links":{"self":[{"href":"https:\/\/www.europesays.com\/fr\/wp-json\/wp\/v2\/posts\/176785","targetHints":{"allow":["GET"]}}],"collection":[{"href":"https:\/\/www.europesays.com\/fr\/wp-json\/wp\/v2\/posts"}],"about":[{"href":"https:\/\/www.europesays.com\/fr\/wp-json\/wp\/v2\/types\/post"}],"author":[{"embeddable":true,"href":"https:\/\/www.europesays.com\/fr\/wp-json\/wp\/v2\/users\/2"}],"replies":[{"embeddable":true,"href":"https:\/\/www.europesays.com\/fr\/wp-json\/wp\/v2\/comments?post=176785"}],"version-history":[{"count":0,"href":"https:\/\/www.europesays.com\/fr\/wp-json\/wp\/v2\/posts\/176785\/revisions"}],"wp:featuredmedia":[{"embeddable":true,"href":"https:\/\/www.europesays.com\/fr\/wp-json\/wp\/v2\/media\/176786"}],"wp:attachment":[{"href":"https:\/\/www.europesays.com\/fr\/wp-json\/wp\/v2\/media?parent=176785"}],"wp:term":[{"taxonomy":"category","embeddable":true,"href":"https:\/\/www.europesays.com\/fr\/wp-json\/wp\/v2\/categories?post=176785"},{"taxonomy":"post_tag","embeddable":true,"href":"https:\/\/www.europesays.com\/fr\/wp-json\/wp\/v2\/tags?post=176785"}],"curies":[{"name":"wp","href":"https:\/\/api.w.org\/{rel}","templated":true}]}}