{"id":176794,"date":"2025-06-14T21:07:08","date_gmt":"2025-06-14T21:07:08","guid":{"rendered":"https:\/\/www.europesays.com\/fr\/176794\/"},"modified":"2025-06-14T21:07:08","modified_gmt":"2025-06-14T21:07:08","slug":"dominique-stravius-est-le-nouveau-coach-de-leu-fc-club-de-r3","status":"publish","type":"post","link":"https:\/\/www.europesays.com\/fr\/176794\/","title":{"rendered":"Dominique Stravius est le nouveau coach de l&rsquo;Eu FC, club de R3"},"content":{"rendered":"<p>            Par<br \/>\n        <strong><br \/>\n            <a href=\"https:\/\/actu.fr\/auteur\/lucas-farcy\" title=\"Consulter tous les articles de Lucas Farcy\" target=\"_blank\" rel=\"noopener\">Lucas Farcy<\/a><br \/>\n        <\/strong><\/p>\n<p>        Publi\u00e9 le<\/p>\n<p>            14 juin 2025 \u00e0 21h36        <\/p>\n<p class=\"ac-article-content__question\">Pouvez-vous vous pr\u00e9senter, ainsi que votre parcours de joueur et entra\u00eeneur ?<\/p>\n<p class=\" wall-content\">J\u2019ai 44 ans, je suis p\u00e8re de deux enfants. J\u2019ai commenc\u00e9 le foot \u00e0 l\u2019\u00e2ge de 8 ans, chez les jeunes \u00e0 Friville, puis \u00e0 Saint-Valery et au SC Abbeville. J\u2019ai ensuite jou\u00e9 au niveau senior avec l\u2019US Abbeville. C\u00f4t\u00e9 banc, je suis devenu entra\u00eeneur tr\u00e8s jeune \u00e0 Saint-Valery (D1 seniors), avant de rejoindre le SC Abbeville comme \u00e9ducateur, o\u00f9 j\u2019\u00e9tais en poste depuis 6 ans.<\/p>\n<p class=\"ac-article-content__question wall-content\">Comment s\u2019est faite la prise de contact avec l\u2019EU FC ?<\/p>\n<p class=\" wall-content\">Le pr\u00e9sident Claude Saulnier m\u2019a contact\u00e9 une premi\u00e8re fois. L\u2019\u00e9change a \u00e9t\u00e9 sinc\u00e8re et positif. J\u2019ai ensuite rencontr\u00e9 le comit\u00e9 directeur, nous avons \u00e9chang\u00e9 sur le projet \u00e0 venir. Le challenge m\u2019a plu, j\u2019ai senti une vraie confiance, une envie des responsables du club de travailler avec moi. L\u2019Eu FC est un club tr\u00e8s bien structur\u00e9, il y a de quoi bien travailler. C\u2019est ce cadre et cette ambition qui m\u2019ont motiv\u00e9 \u00e0 rejoindre ce projet.<\/p>\n<p>Une premi\u00e8re recrue<\/p>\n<p>Le nouvel entra\u00eeneur Dominique Stravius peut d\u00e9j\u00e0 compter sur une premi\u00e8re arriv\u00e9e : Alexandre Ndecky, gardien de but, rejoint l&rsquo;Eu FC en provenance du club d&rsquo;Harondel, pensionnaire de R3 en Picardie. Un renfort de choix pour s\u00e9curiser le poste d\u00e8s la reprise.<\/p>\n<p class=\"ac-article-content__question wall-content\">Quels sont vos objectifs en R3 ?<\/p>\n<p class=\" wall-content\">On a des ambitions, bien s\u00fbr. Il y a un tr\u00e8s bon collectif, avec beaucoup de jeunes joueurs. La premi\u00e8re \u00e9tape sera de construire un groupe seniors avec de vraies valeurs, un \u00e9tat d\u2019esprit et une envie de travailler ensemble. Nous sommes comp\u00e9titeurs, donc nous aborderons les matchs les uns apr\u00e8s les autres pour les gagner.<\/p>\n<p class=\"ac-article-content__question wall-content\">Comment d\u00e9cririez-vous votre philosophie de jeu ?<\/p>\n<p class=\" wall-content\">J\u2019aime le jeu. J\u2019aime que mon \u00e9quipe ait la ma\u00eetrise, qu\u2019elle existe dans le match, avec de la possession et de la personnalit\u00e9. Mais tout partira d\u2019un \u00e9tat des lieux avec les joueurs : on s\u2019adaptera \u00e0 leurs qualit\u00e9s pour construire une \u00e9quipe coh\u00e9rente. On va r\u00e9g\u00e9n\u00e9rer le groupe avec 3 \u00e0 4 renforts cibl\u00e9s. Pour le moment, aucun d\u00e9part n\u2019est \u00e0 signaler, si ce n\u2019est deux joueurs qui arr\u00eatent.<\/p>\n<p class=\"ac-article-content__question wall-content\">Quel sera le staff qui vous accompagnera cette saison ?<\/p>\n<p class=\" wall-content\">Romain Denizot sera l\u2019un de mes adjoints. S\u00e9bastien Bourdin aura la charge des gardiens. Quant \u00e0 l\u2019\u00e9quipe r\u00e9serve, elle sera confi\u00e9e \u00e0 St\u00e9phane Tulier et Nicolas Saintyves.<\/p>\n<p>Vid\u00e9os : en ce moment sur Actu<\/p>\n<p class=\"ac-article-content__question wall-content\">Avez-vous un message pour les supporters, et pour les joueurs ?<\/p>\n<p class=\" wall-content\">Je souhaite voir nos supporters nombreux et enthousiastes tout au long de la saison. Nous serons pr\u00e9sents sur le terrain, et on aura besoin de leur \u00e9nergie. Sur le terrain, la confiance de chacun doit nous unir. Il faudra travailler ensemble, positivement, pour performer.<\/p>\n<p class=\" wall-content\">Suivez toute l\u2019actualit\u00e9 de vos villes et m\u00e9dias favoris en vous inscrivant \u00e0 <a href=\"https:\/\/moncompte.actu.fr\" title=\"D\u00e9couvez Mon Actu\" rel=\"nofollow noopener\" data-trk=\"{&quot;cta&quot;:{&quot;action&quot;:&quot;https:\\\/\\\/moncompte.actu.fr&quot;,&quot;category&quot;:&quot;mon compte&quot;,&quot;from&quot;:&quot;article footer&quot;,&quot;name&quot;:&quot;Mon actu&quot;,&quot;type&quot;:&quot;cta&quot;}}\" target=\"_blank\">Mon Actu<\/a>.<\/p>\n","protected":false},"excerpt":{"rendered":"Par Lucas Farcy Publi\u00e9 le 14 juin 2025 \u00e0 21h36 Pouvez-vous vous pr\u00e9senter, ainsi que votre parcours de&hellip;\n","protected":false},"author":2,"featured_media":176795,"comment_status":"","ping_status":"","sticky":false,"template":"","format":"standard","meta":{"footnotes":""},"categories":[1586],"tags":[11,1777,674,1779,1011,27,12,25,60,1778,364,3587],"class_list":{"0":"post-176794","1":"post","2":"type-post","3":"status-publish","4":"format-standard","5":"has-post-thumbnail","7":"category-europe","8":"tag-actualites","9":"tag-eu","10":"tag-europe","11":"tag-european-union","12":"tag-fr","13":"tag-france","14":"tag-news","15":"tag-republique-francaise","16":"tag-sports","17":"tag-ue","18":"tag-union-europeenne","19":"tag-villes-soeurs"},"share_on_mastodon":{"url":"https:\/\/pubeurope.com\/@fr\/114683762687465224","error":""},"_links":{"self":[{"href":"https:\/\/www.europesays.com\/fr\/wp-json\/wp\/v2\/posts\/176794","targetHints":{"allow":["GET"]}}],"collection":[{"href":"https:\/\/www.europesays.com\/fr\/wp-json\/wp\/v2\/posts"}],"about":[{"href":"https:\/\/www.europesays.com\/fr\/wp-json\/wp\/v2\/types\/post"}],"author":[{"embeddable":true,"href":"https:\/\/www.europesays.com\/fr\/wp-json\/wp\/v2\/users\/2"}],"replies":[{"embeddable":true,"href":"https:\/\/www.europesays.com\/fr\/wp-json\/wp\/v2\/comments?post=176794"}],"version-history":[{"count":0,"href":"https:\/\/www.europesays.com\/fr\/wp-json\/wp\/v2\/posts\/176794\/revisions"}],"wp:featuredmedia":[{"embeddable":true,"href":"https:\/\/www.europesays.com\/fr\/wp-json\/wp\/v2\/media\/176795"}],"wp:attachment":[{"href":"https:\/\/www.europesays.com\/fr\/wp-json\/wp\/v2\/media?parent=176794"}],"wp:term":[{"taxonomy":"category","embeddable":true,"href":"https:\/\/www.europesays.com\/fr\/wp-json\/wp\/v2\/categories?post=176794"},{"taxonomy":"post_tag","embeddable":true,"href":"https:\/\/www.europesays.com\/fr\/wp-json\/wp\/v2\/tags?post=176794"}],"curies":[{"name":"wp","href":"https:\/\/api.w.org\/{rel}","templated":true}]}}