{"id":176796,"date":"2025-06-14T21:08:09","date_gmt":"2025-06-14T21:08:09","guid":{"rendered":"https:\/\/www.europesays.com\/fr\/176796\/"},"modified":"2025-06-14T21:08:09","modified_gmt":"2025-06-14T21:08:09","slug":"bagarre-entre-supporters-a-la-fin-de-grenoble","status":"publish","type":"post","link":"https:\/\/www.europesays.com\/fr\/176796\/","title":{"rendered":"Bagarre entre supporters \u00e0 la fin de Grenoble"},"content":{"rendered":"<p>            Par<br \/>\n        <strong><br \/>\n            <a href=\"https:\/\/actu.fr\/auteur\/clement-mazella\" title=\"Consulter tous les articles de Cl\u00e9ment Mazella\" target=\"_blank\" rel=\"noopener\">Cl\u00e9ment Mazella<\/a><br \/>\n        <\/strong><\/p>\n<p>        Publi\u00e9 le<\/p>\n<p>            14 juin 2025 \u00e0 21h36        <\/p>\n<p>Un spectacle assez moche s\u2019est d\u00e9roul\u00e9 sur la pelouse du Stade des Alpes, samedi 14 juin, \u00e0 l\u2019issue du coup de sifflet final du match-access entre <a href=\"https:\/\/actu.fr\/rugby\/equipe\/grenoble_64dbdff47b8c09c4fec7b0a4\/\" target=\"_blank\" rel=\"noopener\">Grenoble<\/a> et <a href=\"https:\/\/actu.fr\/rugby\/equipe\/perpignan_64dd31527b8c09c4fec880fe\/\" target=\"_blank\" rel=\"noopener\">Perpignan<\/a>, remport\u00e9 par les Catalans (11-13), qui se maintiennent donc en Top 14. <strong>Des bagarres ont \u00e9clat\u00e9.<\/strong><\/p>\n<p>Bagarre entre supporters<\/p>\n<p class=\" wall-content\">Le terrain a \u00e9t\u00e9 envahi par les spectateurs pr\u00e9sents au match, certains pour saluer les h\u00e9ros catalans, d\u2019autres pour consoler des Grenoblois maudits, qui ratent pour la 6e fois l\u2019occasion de monter en Top 14.<\/p>\n<p class=\" wall-content\">Tout d\u2019un coup, des bagarres ont \u00e9clat\u00e9 entre supporters des deux \u00e9quipes. <strong>Des coups de poing ont vol\u00e9<\/strong> ici et l\u00e0, offrant un spectacle d\u00e9cevant \u00e0 un match intense et d\u2019une grande correction.<\/p>\n<p>Intervention des CRS\u00a0<\/p>\n<p class=\" wall-content\">Chambrage ? D\u00e9ception am\u00e8re ? Impossible d\u2019expliquer ces d\u00e9bordements de courte dur\u00e9e.\u00a0<\/p>\n<p class=\" wall-content\">Quoi qu\u2019il en soit, <strong>une quinzaine de CRS ont \u00e9t\u00e9 oblig\u00e9s d\u2019intervenir<\/strong> sur la pelouse du Stade des Alpes afin de ramener le calme. Tout est finalement rentr\u00e9 dans l\u2019ordre.<\/p>\n<p>Vid\u00e9os : en ce moment sur Actu<\/p>\n<p class=\" wall-content\">Suivez toute l\u2019actualit\u00e9 de vos villes et m\u00e9dias favoris en vous inscrivant \u00e0 <a href=\"https:\/\/moncompte.actu.fr\" title=\"D\u00e9couvez Mon Actu\" rel=\"nofollow noopener\" data-trk=\"{&quot;cta&quot;:{&quot;action&quot;:&quot;https:\\\/\\\/moncompte.actu.fr&quot;,&quot;category&quot;:&quot;mon compte&quot;,&quot;from&quot;:&quot;article footer&quot;,&quot;name&quot;:&quot;Mon actu&quot;,&quot;type&quot;:&quot;cta&quot;}}\" target=\"_blank\">Mon Actu<\/a>.<\/p>\n","protected":false},"excerpt":{"rendered":"Par Cl\u00e9ment Mazella Publi\u00e9 le 14 juin 2025 \u00e0 21h36 Un spectacle assez moche s\u2019est d\u00e9roul\u00e9 sur la&hellip;\n","protected":false},"author":2,"featured_media":176797,"comment_status":"","ping_status":"","sticky":false,"template":"","format":"standard","meta":{"footnotes":""},"categories":[2],"tags":[11,1011,27,12,25,479,60,478,10744],"class_list":{"0":"post-176796","1":"post","2":"type-post","3":"status-publish","4":"format-standard","5":"has-post-thumbnail","7":"category-actualites","8":"tag-actualites","9":"tag-fr","10":"tag-france","11":"tag-news","12":"tag-republique-francaise","13":"tag-rugby","14":"tag-sports","15":"tag-top-14","16":"tag-usap-perpignan"},"share_on_mastodon":{"url":"https:\/\/pubeurope.com\/@fr\/114683766628084893","error":""},"_links":{"self":[{"href":"https:\/\/www.europesays.com\/fr\/wp-json\/wp\/v2\/posts\/176796","targetHints":{"allow":["GET"]}}],"collection":[{"href":"https:\/\/www.europesays.com\/fr\/wp-json\/wp\/v2\/posts"}],"about":[{"href":"https:\/\/www.europesays.com\/fr\/wp-json\/wp\/v2\/types\/post"}],"author":[{"embeddable":true,"href":"https:\/\/www.europesays.com\/fr\/wp-json\/wp\/v2\/users\/2"}],"replies":[{"embeddable":true,"href":"https:\/\/www.europesays.com\/fr\/wp-json\/wp\/v2\/comments?post=176796"}],"version-history":[{"count":0,"href":"https:\/\/www.europesays.com\/fr\/wp-json\/wp\/v2\/posts\/176796\/revisions"}],"wp:featuredmedia":[{"embeddable":true,"href":"https:\/\/www.europesays.com\/fr\/wp-json\/wp\/v2\/media\/176797"}],"wp:attachment":[{"href":"https:\/\/www.europesays.com\/fr\/wp-json\/wp\/v2\/media?parent=176796"}],"wp:term":[{"taxonomy":"category","embeddable":true,"href":"https:\/\/www.europesays.com\/fr\/wp-json\/wp\/v2\/categories?post=176796"},{"taxonomy":"post_tag","embeddable":true,"href":"https:\/\/www.europesays.com\/fr\/wp-json\/wp\/v2\/tags?post=176796"}],"curies":[{"name":"wp","href":"https:\/\/api.w.org\/{rel}","templated":true}]}}