{"id":176805,"date":"2025-06-14T21:15:23","date_gmt":"2025-06-14T21:15:23","guid":{"rendered":"https:\/\/www.europesays.com\/fr\/176805\/"},"modified":"2025-06-14T21:15:23","modified_gmt":"2025-06-14T21:15:23","slug":"basket-la-federation-retrograde-le-rvbc-au-niveau-regional","status":"publish","type":"post","link":"https:\/\/www.europesays.com\/fr\/176805\/","title":{"rendered":"Basket : La f\u00e9d\u00e9ration r\u00e9trograde le RVBC au niveau r\u00e9gional"},"content":{"rendered":"<\/p>\n<p>La commission de contr\u00f4le de gestion de la f\u00e9d\u00e9ration fran\u00e7aise de basket-ball sanctionne le club de basket de La Roche-sur-Yon pour raisons administrative. <br \/>L&rsquo;instance f\u00e9d\u00e9rale r\u00e9trograde le RVBC au niveau r\u00e9gional. Le club a fait appel de cette d\u00e9cision et reste confiant quant \u00e0 son maintien dans l&rsquo;\u00e9lite. <br \/>Une audience est pr\u00e9vue le 5 juin 2025.<\/p>\n","protected":false},"excerpt":{"rendered":"La commission de contr\u00f4le de gestion de la f\u00e9d\u00e9ration fran\u00e7aise de basket-ball sanctionne le club de basket de&hellip;\n","protected":false},"author":2,"featured_media":176806,"comment_status":"","ping_status":"","sticky":false,"template":"","format":"standard","meta":{"footnotes":""},"categories":[1414],"tags":[1465,1464,31259,1011,27,31260,31261,60,31262],"class_list":{"0":"post-176805","1":"post","2":"type-post","3":"status-publish","4":"format-standard","5":"has-post-thumbnail","7":"category-basket","8":"tag-basket","9":"tag-basketball","10":"tag-ffbb","11":"tag-fr","12":"tag-france","13":"tag-lrsy","14":"tag-rvbc","15":"tag-sports","16":"tag-wonderligue"},"share_on_mastodon":{"url":"https:\/\/pubeurope.com\/@fr\/114683794091263213","error":""},"_links":{"self":[{"href":"https:\/\/www.europesays.com\/fr\/wp-json\/wp\/v2\/posts\/176805","targetHints":{"allow":["GET"]}}],"collection":[{"href":"https:\/\/www.europesays.com\/fr\/wp-json\/wp\/v2\/posts"}],"about":[{"href":"https:\/\/www.europesays.com\/fr\/wp-json\/wp\/v2\/types\/post"}],"author":[{"embeddable":true,"href":"https:\/\/www.europesays.com\/fr\/wp-json\/wp\/v2\/users\/2"}],"replies":[{"embeddable":true,"href":"https:\/\/www.europesays.com\/fr\/wp-json\/wp\/v2\/comments?post=176805"}],"version-history":[{"count":0,"href":"https:\/\/www.europesays.com\/fr\/wp-json\/wp\/v2\/posts\/176805\/revisions"}],"wp:featuredmedia":[{"embeddable":true,"href":"https:\/\/www.europesays.com\/fr\/wp-json\/wp\/v2\/media\/176806"}],"wp:attachment":[{"href":"https:\/\/www.europesays.com\/fr\/wp-json\/wp\/v2\/media?parent=176805"}],"wp:term":[{"taxonomy":"category","embeddable":true,"href":"https:\/\/www.europesays.com\/fr\/wp-json\/wp\/v2\/categories?post=176805"},{"taxonomy":"post_tag","embeddable":true,"href":"https:\/\/www.europesays.com\/fr\/wp-json\/wp\/v2\/tags?post=176805"}],"curies":[{"name":"wp","href":"https:\/\/api.w.org\/{rel}","templated":true}]}}