{"id":17681,"date":"2025-04-11T16:03:10","date_gmt":"2025-04-11T16:03:10","guid":{"rendered":"https:\/\/www.europesays.com\/fr\/17681\/"},"modified":"2025-04-11T16:03:10","modified_gmt":"2025-04-11T16:03:10","slug":"une-creche-plus-grande-une-maison-de-la-parentalite-un-complexe-sportif-le-point-sur-les-projets-de-ce-village-tout-proche-de-nice","status":"publish","type":"post","link":"https:\/\/www.europesays.com\/fr\/17681\/","title":{"rendered":"Une cr\u00e8che plus grande, une maison de la parentalit\u00e9, un complexe sportif : le point sur les projets de ce village tout proche de Nice"},"content":{"rendered":"<p>Lors de la s\u00e9ance du conseil municipal, les \u00e9lus ont adopt\u00e9 le budget 2025 \u00e0 l\u2019unanimit\u00e9 des pr\u00e9sents dans la salle r\u00e9unie. La commune affiche un budget de fonctionnement de 6 439 532 \u20ac et maintient sa fiscalit\u00e9 inchang\u00e9e*.<\/p>\n<p>Daniel Villar, premier adjoint d\u00e9l\u00e9gu\u00e9 aux finances, a soulign\u00e9: \u00ab\u00a0Non seulement la fiscalit\u00e9 communale reste stable, mais les pr\u00e9l\u00e8vements du SIVoM Val de Banqui\u00e8re demeurent \u00e0 leur niveau de 2020\u00a0\u00bb.<\/p>\n<p>Plus de 3 millions d\u2019euros pour des projets structurants <\/p>\n<p>C\u00f4t\u00e9 investissements, la commune pr\u00e9voit 3,39 millions d\u2019euros de nouveaux cr\u00e9dits. \u00ab\u00a0Ce budget va nous permettre de mettre en \u0153uvre une politique d\u2019investissement ambitieuse\u00a0\u00bb, s\u2019est f\u00e9licit\u00e9 Jean-Jacques Carlin, le maire, mettant en avant des projets structurants. Point phare du budget, l\u2019achat des terrains et b\u00e2timents de l\u2019usine d\u2019asphalte du Groupe Asten pour 3,25 millions d\u2019euros, incluant une partie des travaux d\u2019am\u00e9nagement.<\/p>\n<p>Le rachat du site du Groupe Asten <\/p>\n<p>La promesse de vente, sign\u00e9e r\u00e9cemment par Jean-Jacques Carlin et Rodolphe Ramain, repr\u00e9sentant du Groupe Asten, acte le d\u00e9part de l\u2019usine dans les mois qui viennent. Le maire s\u2019est f\u00e9licit\u00e9 de cette acquisition qui est \u00ab\u00a0une tr\u00e8s bonne nouvelle pour les Saint-Andr\u00e9ens puisqu\u2019elle met fin \u00e0 des nuisances de longue date\u00a0\u00bb.<\/p>\n<p>Sur ces 27 000 m\u00b2, un complexe sportif et un parking verront le jour, les \u00e9tudes des sols ayant confirm\u00e9 l\u2019absence de pollution sur les zones \u00e0 construire. Les b\u00e2timents existants devraient h\u00e9berger un centre de formation &#8211; des discussions sont en cours avec la M\u00e9tropole et le SIVoM Val de Banqui\u00e8re &#8211; et les services techniques municipaux. Quant aux espaces ext\u00e9rieurs ils pourront accueillir des manifestations.<\/p>\n<p>*Foncier b\u00e2ti \u00e0 22,58 % et foncier non b\u00e2ti \u00e0 18,08.<\/p>\n","protected":false},"excerpt":{"rendered":"Lors de la s\u00e9ance du conseil municipal, les \u00e9lus ont adopt\u00e9 le budget 2025 \u00e0 l\u2019unanimit\u00e9 des pr\u00e9sents&hellip;\n","protected":false},"author":2,"featured_media":17682,"comment_status":"","ping_status":"","sticky":false,"template":"","format":"standard","meta":{"footnotes":""},"categories":[2819],"tags":[1111,11,1777,674,1011,27,12,2401,882,25,3366],"class_list":{"0":"post-17681","1":"post","2":"type-post","3":"status-publish","4":"format-standard","5":"has-post-thumbnail","7":"category-nice","8":"tag-actu","9":"tag-actualites","10":"tag-eu","11":"tag-europe","12":"tag-fr","13":"tag-france","14":"tag-news","15":"tag-nice","16":"tag-provence-alpes-cote-dazur","17":"tag-republique-francaise","18":"tag-vie-locale"},"share_on_mastodon":{"url":"https:\/\/pubeurope.com\/@fr\/114320179546735461","error":""},"_links":{"self":[{"href":"https:\/\/www.europesays.com\/fr\/wp-json\/wp\/v2\/posts\/17681","targetHints":{"allow":["GET"]}}],"collection":[{"href":"https:\/\/www.europesays.com\/fr\/wp-json\/wp\/v2\/posts"}],"about":[{"href":"https:\/\/www.europesays.com\/fr\/wp-json\/wp\/v2\/types\/post"}],"author":[{"embeddable":true,"href":"https:\/\/www.europesays.com\/fr\/wp-json\/wp\/v2\/users\/2"}],"replies":[{"embeddable":true,"href":"https:\/\/www.europesays.com\/fr\/wp-json\/wp\/v2\/comments?post=17681"}],"version-history":[{"count":0,"href":"https:\/\/www.europesays.com\/fr\/wp-json\/wp\/v2\/posts\/17681\/revisions"}],"wp:featuredmedia":[{"embeddable":true,"href":"https:\/\/www.europesays.com\/fr\/wp-json\/wp\/v2\/media\/17682"}],"wp:attachment":[{"href":"https:\/\/www.europesays.com\/fr\/wp-json\/wp\/v2\/media?parent=17681"}],"wp:term":[{"taxonomy":"category","embeddable":true,"href":"https:\/\/www.europesays.com\/fr\/wp-json\/wp\/v2\/categories?post=17681"},{"taxonomy":"post_tag","embeddable":true,"href":"https:\/\/www.europesays.com\/fr\/wp-json\/wp\/v2\/tags?post=17681"}],"curies":[{"name":"wp","href":"https:\/\/api.w.org\/{rel}","templated":true}]}}