{"id":176815,"date":"2025-06-14T21:20:20","date_gmt":"2025-06-14T21:20:20","guid":{"rendered":"https:\/\/www.europesays.com\/fr\/176815\/"},"modified":"2025-06-14T21:20:20","modified_gmt":"2025-06-14T21:20:20","slug":"on-ne-ma-pas-dit-de-ne-pas-le-dire-sara-mortensen-annonce-une-grande-nouvelle","status":"publish","type":"post","link":"https:\/\/www.europesays.com\/fr\/176815\/","title":{"rendered":"\u00ab\u00a0On ne m&rsquo;a pas dit de ne pas le dire\u2026\u00a0\u00bb Sara Mortensen annonce une grande nouvelle !"},"content":{"rendered":"<p>Interview\u00e9e par T\u00e9l\u00e9-Loisirs lors du 64\u00e8me Festival de t\u00e9l\u00e9vision de Monte-Carlo, Sara Mortensen n&rsquo;a pas pu retenir pour elle une tr\u00e8s bonne nouvelle concernant l&rsquo;avenir d&rsquo;Astrid et Rapha\u00eblle !<\/p>\n<p>Le 64\u00e8me Festival de t\u00e9l\u00e9vision de Monte-Carlo se poursuit dans la Principaut\u00e9 mon\u00e9gasque. <a href=\"https:\/\/www.programme-tv.net\/news\/series-tv\/381129-judith-light-ingrid-chauvin-agathe-auproux-enceinte-jaz-sinclair-les-stars-glamour-au-festival-de-television-de-monte-carlo\/\" data-api-deeplink=\"teleloisirs:\/\/news\/381129\" target=\"_blank\" rel=\"noopener\">Apr\u00e8s une ouverture o\u00f9 les stars ont d\u00e9fil\u00e9 sur le tapis bleu<\/a>, place en cette seconde journ\u00e9e aux interviews. Parmi les personnalit\u00e9s du petit \u00e9cran interrog\u00e9es par T\u00e9l\u00e9-Loisirs en ce jour figurait Sara Mortensen, l&rsquo;h\u00e9ro\u00efne d&rsquo;Astrid et Rapha\u00eblle avec <a href=\"https:\/\/www.programme-tv.net\/biographie\/190821-dewaere-lola\/\" data-link-people=\"3dda6cd4-41ed-4810-b5a5-50507519e904\" target=\"_blank\" rel=\"noopener\">Lola Dewaere<\/a>. Et la com\u00e9dienne franco-norv\u00e9gienne, <a href=\"https:\/\/www.programme-tv.net\/news\/series-tv\/380732-une-semaine-riche-en-emotions-meconnaissable-sara-mortensen-joue-la-compagne-de-mikael-mittelstadt-dans-le-biopic-sur-filip-nikolic-des-2be3-photo\/\" data-api-deeplink=\"teleloisirs:\/\/news\/380732\" target=\"_blank\" rel=\"noopener\">qui tourne actuellement le biopic sur Filip Nikolic<\/a>, a r\u00e9v\u00e9l\u00e9 une tr\u00e8s bonne nouvelle aux fans de la s\u00e9rie polici\u00e8re de France 2.<\/p>\n<p>Astrid et Rapha\u00eblle : Sara Mortensen annonce une saison 7<\/p>\n<p>Alors que <a href=\"https:\/\/www.programme-tv.net\/news\/series-tv\/379064-astrid-et-raphaelle-on-a-enfin-des-nouvelles-de-la-saison-6-et-vous-allez-etre-tres-contents\/\" data-api-deeplink=\"teleloisirs:\/\/news\/379064\" target=\"_blank\" rel=\"noopener\">le tournage de la saison 6 d&rsquo;Astrid et Rapha\u00eblle s&rsquo;est termin\u00e9 il y a peu<\/a> et que sa diffusion devrait d\u00e9marrer comme les deux pr\u00e9c\u00e9dentes \u00e0 l&rsquo;automne, Sara Mortensen a l\u00e2ch\u00e9 les r\u00eanes au micro de T\u00e9l\u00e9-Loisirs : \u00ab\u00a0\u00c9coutez, on ne m&rsquo;a pas dit de ne pas le dire. Donc je le dis. On pr\u00e9pare une saison 7.\u00a0\u00bb Et voil\u00e0, c&rsquo;est l\u00e2ch\u00e9 : Astrid et Rapha\u00eblle a donc encore, au minimum, deux belles ann\u00e9es devant elle ! Et la com\u00e9dienne en a profit\u00e9 par ailleurs pour lever le voile sur ce qui attend les h\u00e9ro\u00efnes de la s\u00e9rie dans la saison 6 : \u00ab\u00a0Autant <a href=\"https:\/\/www.programme-tv.net\/news\/series-tv\/367421-astrid-et-raphaelle-raphaelle-va-t-elle-mourir-ou-non-lola-dewaere-reagit-au-final-choc-de-la-saison-5\/\" data-api-deeplink=\"teleloisirs:\/\/news\/367421\" target=\"_blank\" rel=\"noopener\">\u00e0 la fin de la saison 5 tout s&rsquo;\u00e9croule<\/a>. Pendant la saison 6, c&rsquo;est comme si on mettait un \u00e9norme coup de pied dans le puzzle qu&rsquo;on faisait minutieusement depuis des ann\u00e9es et qu&rsquo;on essayait ensuite de remettre en place toutes les pi\u00e8ces. Dans quelles conditions ? O\u00f9 va-t-on et dans quelles conditions ? \u00c7a, on ne sait pas.\u00a0\u00bb<\/p>\n<p>                        Sara Mortensen se confie \u00e0 propos de Filip, son nouveau projet de c\u0153ur<\/p>\n<p>Sara Mortensen est actuellement en train de tourner <a href=\"https:\/\/www.programme-tv.net\/news\/series-tv\/378607-ex-star-dici-tout-commence-mikael-mittelstadt-va-jouer-filip-nikolic-le-leader-des-2be3-dans-le-biopic-de-tf1\/\" data-api-deeplink=\"teleloisirs:\/\/news\/378607\" target=\"_blank\" rel=\"noopener\">Filip, le biopic consacr\u00e9 au regrett\u00e9 leader du groupe 2be3, qui sera incarn\u00e9 \u00e0 l&rsquo;\u00e9cran par Mika\u00ebl Mittelstadt. <\/a>Un projet dans lequel elle s&rsquo;est jet\u00e9e \u00e9perdument et qui tient une place sp\u00e9ciale actuellement dans sa vie : \u00ab\u00a0On met tout notre c\u0153ur et toute notre bienveillance l\u00e0-dedans. Est-ce que je suis amoureuse de ce projet ? Oui !\u00a0\u00bb Le tournage de ce biopic a d\u00e9but\u00e9 le 2 juin dernier. Il va donc falloir malheureusement attendre (un peu) avant de le voir finalement sur TF1.<\/p>\n","protected":false},"excerpt":{"rendered":"Interview\u00e9e par T\u00e9l\u00e9-Loisirs lors du 64\u00e8me Festival de t\u00e9l\u00e9vision de Monte-Carlo, Sara Mortensen n&rsquo;a pas pu retenir pour&hellip;\n","protected":false},"author":2,"featured_media":176816,"comment_status":"","ping_status":"","sticky":false,"template":"","format":"standard","meta":{"footnotes":""},"categories":[1359],"tags":[22201,244,58,59,31241,1011,27,594,2173,973,22200],"class_list":{"0":"post-176815","1":"post","2":"type-post","3":"status-publish","4":"format-standard","5":"has-post-thumbnail","7":"category-people","8":"tag-astrid-et-raphau00eblle","9":"tag-commentaire","10":"tag-divertissement","11":"tag-entertainment","12":"tag-festival-de-tu00e9lu00e9vision-de-monte-carlo","13":"tag-fr","14":"tag-france","15":"tag-france-2","16":"tag-interview","17":"tag-people","18":"tag-sara-mortensen"},"share_on_mastodon":{"url":"https:\/\/pubeurope.com\/@fr\/114683813811828174","error":""},"_links":{"self":[{"href":"https:\/\/www.europesays.com\/fr\/wp-json\/wp\/v2\/posts\/176815","targetHints":{"allow":["GET"]}}],"collection":[{"href":"https:\/\/www.europesays.com\/fr\/wp-json\/wp\/v2\/posts"}],"about":[{"href":"https:\/\/www.europesays.com\/fr\/wp-json\/wp\/v2\/types\/post"}],"author":[{"embeddable":true,"href":"https:\/\/www.europesays.com\/fr\/wp-json\/wp\/v2\/users\/2"}],"replies":[{"embeddable":true,"href":"https:\/\/www.europesays.com\/fr\/wp-json\/wp\/v2\/comments?post=176815"}],"version-history":[{"count":0,"href":"https:\/\/www.europesays.com\/fr\/wp-json\/wp\/v2\/posts\/176815\/revisions"}],"wp:featuredmedia":[{"embeddable":true,"href":"https:\/\/www.europesays.com\/fr\/wp-json\/wp\/v2\/media\/176816"}],"wp:attachment":[{"href":"https:\/\/www.europesays.com\/fr\/wp-json\/wp\/v2\/media?parent=176815"}],"wp:term":[{"taxonomy":"category","embeddable":true,"href":"https:\/\/www.europesays.com\/fr\/wp-json\/wp\/v2\/categories?post=176815"},{"taxonomy":"post_tag","embeddable":true,"href":"https:\/\/www.europesays.com\/fr\/wp-json\/wp\/v2\/tags?post=176815"}],"curies":[{"name":"wp","href":"https:\/\/api.w.org\/{rel}","templated":true}]}}