{"id":176818,"date":"2025-06-14T21:22:20","date_gmt":"2025-06-14T21:22:20","guid":{"rendered":"https:\/\/www.europesays.com\/fr\/176818\/"},"modified":"2025-06-14T21:22:20","modified_gmt":"2025-06-14T21:22:20","slug":"des-livres-penses-pour-tisser-des-liens-la-devise-de-cette-autrice-du-loiret","status":"publish","type":"post","link":"https:\/\/www.europesays.com\/fr\/176818\/","title":{"rendered":"\u00ab\u00a0Des livres pens\u00e9s pour tisser des liens\u00a0\u00bb, la devise de cette autrice du Loiret"},"content":{"rendered":"<p>            Par<br \/>\n        <strong><br \/>\n            <a href=\"https:\/\/actu.fr\/auteur\/emilie-tournie\" title=\"Consulter tous les articles de Emilie Tournie\" target=\"_blank\" rel=\"noopener\">Emilie Tournie<\/a><br \/>\n        <\/strong><\/p>\n<p>        Publi\u00e9 le<\/p>\n<p>            14 juin 2025 \u00e0 17h32        <\/p>\n<p>Autrice de <a href=\"https:\/\/actu.fr\/tag\/livres\" target=\"_blank\" rel=\"noopener\">livres<\/a> textiles durables, Sophie Bonnomet, 38 ans, habitant \u00e0 La Fert\u00e9-Saint-Aubin, pr\u00e8s d\u2019<a href=\"https:\/\/actu.fr\/orleans\/\" target=\"_blank\" rel=\"noopener\">Orl\u00e9ans<\/a> (Loiret), <strong>a cr\u00e9\u00e9 sa propre maison d\u2019\u00e9dition intitul\u00e9e \u00ab\u00a0Allez-zou\u00a0\u00bb<\/strong>.\u00a0<\/p>\n<p>Un parcours artistique\u2026<\/p>\n<p class=\" wall-content\">Originaire de Bourgogne, elle passe un Bac STI en arts appliqu\u00e9s, avant de <strong>d\u00e9crocher un dipl\u00f4me des m\u00e9tiers d\u2019art en tapisserie d\u2019ameublement<\/strong> (licence de 3 ans en Sa\u00f4ne-et-Loire).<\/p>\n<blockquote class=\"ac-article-quote wall-content\">\n<p>Initialement, je voulais devenir costumi\u00e8re r\u00e9alisatrice et j&rsquo;avais postul\u00e9 dans une \u00e9cole parisienne.\u00a0Ma maman ne pouvait pas me payer de logement sur place donc il a fallu choisir pour des raisons financi\u00e8res, mais je ne regrette pas du tout, parce que finalement le dipl\u00f4me des m\u00e9tiers d&rsquo;art \u00e9tait vraiment tr\u00e8s enthousiasmant aussi<\/p>\n<p>    <strong>Sophie Bonnomet<\/strong><br \/>\n        Autrice et cr\u00e9atrice d&rsquo;Allez-zou \u00e9ditions    <\/p><\/blockquote>\n<p class=\" wall-content\">Arriv\u00e9e en 2007 \u00e0 Orl\u00e9ans, Sophie <strong>entre \u00e0 l\u2019Ecole des Beaux-Arts en 2009<\/strong> et se met \u00e0 travailler dans divers domaines pour payer ses \u00e9tudes. Elle y reste cinq ans pour obtenir son Master.<\/p>\n<blockquote class=\"ac-article-quote wall-content\">\n<p>Finalement, l&rsquo;\u00e9dition a toujours \u00e9t\u00e9 un petit peu l\u00e0, puisque globalement, sur l&rsquo;ensemble de mon parcours, le livre \u00e9tait toujours pr\u00e9sent. Mais \u00e7a restait dans un coin de ma t\u00eate sans forc\u00e9ment se faire omnipr\u00e9sent. Je suis ensuite sortie de l&rsquo;\u00e9cole des Beaux-Arts, j&rsquo;ai travaill\u00e9 deux ans dans l&rsquo;animation aupr\u00e8s des enfants et puis, en 2017 je suis devenue maman moi-m\u00eame. J&rsquo;ai eu un petit gar\u00e7on mais la petite particularit\u00e9 c&rsquo;est qu&rsquo;un ami artiste a offert un livre en tissu \u00e0 mon fils<\/p>\n<p>    <strong>Sophie Bonnomet<\/strong><br \/>\n        Autrice et cr\u00e9atrice d&rsquo;Allez-zou \u00e9ditions    <\/p><\/blockquote>\n<p>Vid\u00e9os : en ce moment sur Actu<\/p>\n<p class=\" wall-content\">Et l\u00e0, c\u2019est le d\u00e9clic ! En constatant qu\u2019il appr\u00e9cie le manipuler, <strong>la jeune femme se met en qu\u00eate d\u2019oeuvres similaires<\/strong> afin de \u00ab\u00a0lui faire plaisir et partager des choses avec lui\u00a0\u00bb. Cependant, elle ne trouve rien de particuli\u00e8rement satisfaisant.\u00a0<\/p>\n<p class=\" wall-content\">\u00ab\u00a0Il y avait beaucoup d\u2019innovations en pu\u00e9riculture, mais il y avait encore pas mal de choses qui m\u00e9ritaient d\u2019\u00eatre \u00e9tudi\u00e9es. En tout cas dans le domaine \u00e9ditorial\u00a0\u00bb, poursuit l\u2019autrice.\u00a0<\/p>\n<p class=\" wall-content\">Elle se d\u00e9cide alors \u00e0 le faire soi-m\u00eame et <strong>d\u2019inventer un premier imagier sur les dinosaures pour son petit gar\u00e7on<\/strong>.\u00a0<\/p>\n<blockquote class=\"ac-article-quote wall-content\">\n<p>Et puis j&rsquo;ai commenc\u00e9 \u00e0 me poser des questions sur le milieu \u00e9ditorial : est-ce que cet objet-l\u00e0 est vraiment un livre ? Est-ce qu&rsquo;on peut lui donner cette dimension-l\u00e0 ? Pourquoi il n&rsquo;y a que des images ? Et pourquoi il a cette allure un peu \u00e9trange ? Et j&rsquo;ai vu qu&rsquo;effectivement, c&rsquo;\u00e9tait tr\u00e8s difficile. Il n&rsquo;y avait pas beaucoup de r\u00e9ponses<\/p>\n<p>    <strong>Sophie Bonnomet<\/strong><br \/>\n        Autrice et cr\u00e9atrice d&rsquo;Allez-zou \u00e9ditions    <\/p><\/blockquote>\n<p class=\" wall-content\">Lui vient alors l\u2019id\u00e9e de fonder une maison d\u2019\u00e9dition sp\u00e9cialement d\u00e9di\u00e9e \u00e0 la cr\u00e9ation de livres textiles. En 2018, elle entre chez PES45, seule couveuse d\u2019entreprise du Loiret, et <strong>d\u00e9marre officiellement son activit\u00e9 en septembre 2019<\/strong>.<\/p>\n<p>\u00ab\u00a0Des livres pens\u00e9s pour tisser des liens\u00a0\u00bb<br \/>\n    <img   decoding=\"async\" loading=\"lazy\" src=\"https:\/\/www.europesays.com\/fr\/wp-content\/uploads\/2025\/06\/img-20250407-wa0016-960x640.jpg\" alt=\"Entre l'impression et la couture, Sophie passe entre 28h et 48h sur chaque livre\" width=\"960\" height=\"640\"\/><br \/>\n    Entre l\u2019impression et la couture, Sophie passe entre 28h et 48h sur chaque livre (\u00a9Emilie Tourni\u00e9)<\/p>\n<p class=\" wall-content\">Dans un premier temps, Sophie d\u00e9cide de rester dans un objet plut\u00f4t standard, avant de finalement concevoir quelque chose de plus original.<\/p>\n<p class=\" wall-content\">A pr\u00e9sent, elle propose des <strong>livres textiles en coton, \u00e9crits \u00e0 l\u2019encre pigmentale,<\/strong> <strong>durables dans le temps aussi bien au niveau de la mati\u00e8re<\/strong> (lavables en machine) <strong>que du contenu<\/strong>. Ces derniers ont \u00e9galement une petite particularit\u00e9 puisque les pages se d\u00e9plient et se tournent en tout sens.\u00a0<\/p>\n<blockquote class=\"ac-article-quote wall-content\">\n<p>La plupart du temps, les enfants regardent le livre et puis disent \u00ab\u00a0Ah non, c&rsquo;est pour les b\u00e9b\u00e9s\u00a0\u00bb parce que les images sont des images qui sont associ\u00e9es \u00e0 la toute petite enfance.\u00a0Donc l&rsquo;objectif, c&rsquo;\u00e9tait de se d\u00e9caler de cette version-l\u00e0, de ce que les gens avaient l&rsquo;habitude de voir et d&rsquo;aller au-del\u00e0 de ce qu&rsquo;on\u00a0peut initialement trouver<\/p>\n<p>    <strong>Sophie Bonnomet<\/strong><br \/>\n        Autrice jeunesse et cr\u00e9atrice d&rsquo;Allez-zou \u00e9ditions    <\/p><\/blockquote>\n<p class=\" wall-content\">Son but : <strong>rappeler que le sens du toucher est essentiel<\/strong>.\u00a0Certaines oeuvres int\u00e8grent aussi de la po\u00e9sie afin de \u00ab\u00a0partager et transmettre \u00e0 son enfant ce que l\u2019on ressent en lisant\u00a0\u00bb.<\/p>\n<p class=\" wall-content\">\u00ab\u00a0Si on est bien, si on est heureux de lire quelque chose et si \u00e7a nous touche, l\u2019enfant le sait et il est touch\u00e9 avec nous\u00a0\u00bb, ajoute la dirigeante d\u2019Allez-zou \u00e9ditions. Sa devise ? \u00ab\u00a0Des livres pens\u00e9s pour tisser des liens\u00a0\u00bb.<\/p>\n<p class=\" wall-content\"><strong>Tout est fa\u00e7onn\u00e9 \u00e0 la main, par ses soins<\/strong> (graphisme, mise en page, travail de la relation de l\u2019image et du texte, impression, couture, etc). Elle ne fait que des petits tirages, de fa\u00e7on \u00e0 assurer une certaine qualit\u00e9, \u00e0 \u00e9viter les pertes et \u00e0 rendre ainsi la consommation plus saine.\u00a0<\/p>\n<p class=\" wall-content\"><strong>La jeune femme sort trois ouvrages par an<\/strong>. Elle en a d\u00e9j\u00e0 cr\u00e9\u00e9 18 comme \u00ab\u00a0Paroles d\u2019animaux\u00a0\u00bb, \u00ab\u00a0L\u2019arbre\u00a0\u00bb (2021-2022), ainsi qu\u2019une oeuvre revisitant \u00ab\u00a020 000 lieues sous les mers\u00a0\u00bb. Illustr\u00e9e par <a href=\"https:\/\/www.instagram.com\/illustrationjuliecolombet\/\" target=\"_blank\" rel=\"noopener\">Julie Colombet<\/a>, elle sera d\u2019ailleurs en avant-premi\u00e8re au <a href=\"https:\/\/slpj.fr\/evenements\/salon-du-livre-jeunesse-2025\/\" target=\"_blank\" rel=\"noopener\">Salon du livre de Montreuil<\/a> <strong>qui aura lieu fin novembre-d\u00e9but d\u00e9cembre 2025<\/strong>.\u00a0<\/p>\n<p>\u00ab\u00a0C\u2019est la premi\u00e8re \u00e0 avoir pr\u00e9senter mes livres\u00a0\u00bb<br \/>\n    <img   decoding=\"async\" loading=\"lazy\" src=\"https:\/\/www.europesays.com\/fr\/wp-content\/uploads\/2025\/06\/img-20250407-wa0008-960x640.jpg\" alt=\"Sophie Bonnomet (\u00e0 droite) et B\u00e9n\u00e9dicte Coutin (\u00e0 gauche), dirigeante et cr\u00e9atrice de la librairie Jaune Citron \u00e0 Orl\u00e9ans\" width=\"960\" height=\"640\"\/><br \/>\n    Sophie Bonnomet (\u00e0 droite) et B\u00e9n\u00e9dicte Coutin (\u00e0 gauche), dirigeante et cr\u00e9atrice de la librairie Jaune Citron \u00e0 Orl\u00e9ans (\u00a9Emilie Tourni\u00e9)<\/p>\n<p class=\" wall-content\">Au cours de l\u2019\u00e9laboration de son projet de maison d\u2019\u00e9dition,\u00a0<strong>Sophie Bonnomet rencontre B\u00e9n\u00e9dicte Coutin<\/strong> \u2013 laquelle pr\u00e9voyait d\u2019ouvrir une librairie -, gr\u00e2ce \u00e0 Catherine Pautigny, repr\u00e9sentante de la m\u00e9diath\u00e8que de La Fert\u00e9-Saint-Aubin.<\/p>\n<p class=\" wall-content\">A ce moment-l\u00e0, Sophie \u00e9tait correspondante pour <a href=\"https:\/\/www.larep.fr\/\" target=\"_blank\" rel=\"noopener\">La R\u00e9publique du Centre<\/a> et <strong>r\u00e9digeait un papier sur B\u00e9n\u00e9dicte<\/strong> en raison de ses \u00ab\u00a0petites maisons nomades exp\u00e9rimentales\u00a0\u00bb qu\u2019elle emmenait avec elle lors d\u2019interventions livresques pour <a href=\"https:\/\/actu.fr\/tag\/enfants\" target=\"_blank\" rel=\"noopener\">enfants<\/a>.<\/p>\n<p class=\" wall-content\">Les deux femmes <strong>ont alors un coup de foudre humain et professionnel et d\u00e9cident de s\u2019associer<\/strong>. \u00ab\u00a0C\u2019est la premi\u00e8re \u00e0 avoir pr\u00e9senter mes livres dans sa librairie (Jaune Citron \u00e0 Orl\u00e9ans)\u00a0\u00bb, nous confie Sophie.<\/p>\n<p class=\" wall-content\">Depuis, elles ne se sont pas quitt\u00e9es et ont cr\u00e9\u00e9 le festival \u00ab\u00a0Les Impressionnantes\u00a0\u00bb pour mettre en valeur les livres illustr\u00e9s et images imprim\u00e9es. <strong>La premi\u00e8re \u00e9dition s\u2019est d\u00e9roul\u00e9e en mars 2025<\/strong>, en collaboration avec le Mus\u00e9e des Beaux-Arts.<\/p>\n<p>Une future collection en pr\u00e9paration<br \/>\n    <img   decoding=\"async\" loading=\"lazy\" src=\"https:\/\/www.europesays.com\/fr\/wp-content\/uploads\/2025\/06\/img-20250407-wa0007-960x640.jpg\" alt=\"On peut trouver les oeuvres d'Allez-zou \u00e9ditions en librairie et sur les salons du livre, un peu partout en France. Les prix vont de 25 \u00e0 150 \u20ac\" width=\"960\" height=\"640\"\/><br \/>\n    On peut trouver les oeuvres d\u2019Allez-zou \u00e9ditions en librairie et sur les salons du livre, un peu partout en France. Les prix vont de 25 \u00e0 150 \u20ac\u00a0(\u00a9Emilie Tourni\u00e9)<\/p>\n<p class=\" wall-content\">Avec trois livres d\u00e9j\u00e0 sortis cette ann\u00e9e, Sophie ne compte pas s\u2019arr\u00eater l\u00e0 et s\u2019att\u00e8le d\u00e9sormais \u00e0 la cr\u00e9ation d\u2019une collection \u00ab\u00a0Au fil du son\u00a0\u00bb. Ces oeuvres prendront la forme d\u2019albums textiles avec support illustr\u00e9 et disque en vue de <strong>m\u00ealer la voix (chant), la lecture et le toucher.\u00a0<\/strong><\/p>\n<p class=\" wall-content\">Une deuxi\u00e8me \u00e9dition du festival \u00ab\u00a0Les\u00a0Impressionnantes\u00a0\u00bb <strong>se d\u00e9roulera \u00e9galement en 2026<\/strong>.\u00a0<\/p>\n<p>\u2588Pratique : <a href=\"https:\/\/allezou.fr\/\" target=\"_blank\" rel=\"noopener\">Allez-zou Editions<\/a><br \/>\nContact au 06 20 83 14 45 ou <a href=\"https:\/\/actu.fr\/cdn-cgi\/l\/email-protection\" class=\"__cf_email__\" data-cfemail=\"fa9995948e9b998eba9b96969f80958fd49c88\" target=\"_blank\" rel=\"noopener\">[email\u00a0protected]<\/a><\/p>\n<p class=\" wall-content\">Suivez toute l\u2019actualit\u00e9 de vos villes et m\u00e9dias favoris en vous inscrivant \u00e0 <a href=\"https:\/\/moncompte.actu.fr\" title=\"D\u00e9couvez Mon Actu\" rel=\"nofollow noopener\" data-trk=\"{&quot;cta&quot;:{&quot;action&quot;:&quot;https:\\\/\\\/moncompte.actu.fr&quot;,&quot;category&quot;:&quot;mon compte&quot;,&quot;from&quot;:&quot;article footer&quot;,&quot;name&quot;:&quot;Mon actu&quot;,&quot;type&quot;:&quot;cta&quot;}}\" target=\"_blank\">Mon Actu<\/a>.<\/p>\n<p>                    <script async src=\"\/\/www.instagram.com\/embed.js\"><\/script><\/p>\n","protected":false},"excerpt":{"rendered":"Par Emilie Tournie Publi\u00e9 le 14 juin 2025 \u00e0 17h32 Autrice de livres textiles durables, Sophie Bonnomet, 38&hellip;\n","protected":false},"author":2,"featured_media":176819,"comment_status":"","ping_status":"","sticky":false,"template":"","format":"standard","meta":{"footnotes":""},"categories":[1357],"tags":[1379,58,1719,59,1011,27,1380,9026,104],"class_list":{"0":"post-176818","1":"post","2":"type-post","3":"status-publish","4":"format-standard","5":"has-post-thumbnail","7":"category-livres","8":"tag-books","9":"tag-divertissement","10":"tag-enfants","11":"tag-entertainment","12":"tag-fr","13":"tag-france","14":"tag-livres","15":"tag-portrait","16":"tag-societe"},"share_on_mastodon":{"url":"https:\/\/pubeurope.com\/@fr\/114683821769397208","error":""},"_links":{"self":[{"href":"https:\/\/www.europesays.com\/fr\/wp-json\/wp\/v2\/posts\/176818","targetHints":{"allow":["GET"]}}],"collection":[{"href":"https:\/\/www.europesays.com\/fr\/wp-json\/wp\/v2\/posts"}],"about":[{"href":"https:\/\/www.europesays.com\/fr\/wp-json\/wp\/v2\/types\/post"}],"author":[{"embeddable":true,"href":"https:\/\/www.europesays.com\/fr\/wp-json\/wp\/v2\/users\/2"}],"replies":[{"embeddable":true,"href":"https:\/\/www.europesays.com\/fr\/wp-json\/wp\/v2\/comments?post=176818"}],"version-history":[{"count":0,"href":"https:\/\/www.europesays.com\/fr\/wp-json\/wp\/v2\/posts\/176818\/revisions"}],"wp:featuredmedia":[{"embeddable":true,"href":"https:\/\/www.europesays.com\/fr\/wp-json\/wp\/v2\/media\/176819"}],"wp:attachment":[{"href":"https:\/\/www.europesays.com\/fr\/wp-json\/wp\/v2\/media?parent=176818"}],"wp:term":[{"taxonomy":"category","embeddable":true,"href":"https:\/\/www.europesays.com\/fr\/wp-json\/wp\/v2\/categories?post=176818"},{"taxonomy":"post_tag","embeddable":true,"href":"https:\/\/www.europesays.com\/fr\/wp-json\/wp\/v2\/tags?post=176818"}],"curies":[{"name":"wp","href":"https:\/\/api.w.org\/{rel}","templated":true}]}}