{"id":176826,"date":"2025-06-14T21:26:09","date_gmt":"2025-06-14T21:26:09","guid":{"rendered":"https:\/\/www.europesays.com\/fr\/176826\/"},"modified":"2025-06-14T21:26:09","modified_gmt":"2025-06-14T21:26:09","slug":"integrez-le-vite-a-votre-alimentation","status":"publish","type":"post","link":"https:\/\/www.europesays.com\/fr\/176826\/","title":{"rendered":"int\u00e9grez-le vite \u00e0 votre alimentation"},"content":{"rendered":"<p>Parfois, les solutions les plus puissantes se cachent dans les d\u00e9tails de notre alimentation. Une r\u00e9cente \u00e9tude scientifique r\u00e9v\u00e8le qu\u2019un ingr\u00e9dient discret pourrait avoir un effet inattendu et d\u00e9cisif sur certaines cellules. Cette d\u00e9couverte ouvre une nouvelle perspective dans la recherche et pourrait transformer notre fa\u00e7on de penser la nutrition.<\/p>\n<p>Quand la <strong>science nutritionnelle<\/strong> et la recherche m\u00e9dicale se croisent, les r\u00e9sultats peuvent bouleverser nos certitudes. Une \u00e9quipe de chercheurs a r\u00e9cemment mis en lumi\u00e8re un ingr\u00e9dient \u00e9tonnant, pr\u00e9sent dans nos assiettes, qui agirait directement sur certaines <strong>cellules cibl\u00e9es<\/strong>. Alors qu\u2019on pensait avoir explor\u00e9 toutes les pistes classiques, cette avanc\u00e9e ravive les espoirs. Une simple mol\u00e9cule pourrait-elle tout changer ? Zoom sur cette r\u00e9v\u00e9lation inattendue, n\u00e9e d\u2019une approche originale et d\u2019une volont\u00e9 scientifique de penser diff\u00e9remment.<\/p>\n<p> \t\t\t  Ce l\u00e9gume pourrait agir sur certaines cellules cibl\u00e9es   Recherche n\u00e9e d\u2019une premi\u00e8re d\u00e9ception inattendue  <\/p>\n<p>Tout commence par une piste abandonn\u00e9e. Des chercheurs misaient sur la <strong>vitamine E<\/strong> pour ses bienfaits suppos\u00e9s. Apr\u00e8s trois ans d\u2019essais, ils constatent un paradoxe : non seulement l\u2019effet escompt\u00e9 n\u2019existe pas, mais le risque augmente. Ce constat d\u00e9cevant pousse l\u2019\u00e9quipe \u00e0 inverser sa m\u00e9thode. Et si, au lieu de neutraliser les cellules malades, il fallait les <strong>perturber activement<\/strong> ? Une id\u00e9e os\u00e9e, mais fond\u00e9e sur une hypoth\u00e8se scientifique pr\u00e9cise : <strong>activer la pression cellulaire<\/strong> plut\u00f4t que de l\u2019att\u00e9nuer.<\/p>\n<p>    La m\u00e9nadione, une mol\u00e9cule au potentiel prometteur  <\/p>\n<p>C\u2019est en explorant cette nouvelle approche que les chercheurs s\u2019int\u00e9ressent \u00e0 la m\u00e9nadione. Cette mol\u00e9cule, naturellement pr\u00e9sente dans certains aliments, agit comme un <strong>pro-oxydant puissant<\/strong>. En laboratoire, ses effets sont spectaculaires : elle cible un lipide crucial pour le fonctionnement des cellules alt\u00e9r\u00e9es. R\u00e9sultat ? Ces derni\u00e8res s\u2019affaiblissent. Chez les souris, l\u2019\u00e9volution de la maladie ralentit fortement. L\u2019\u00e9quipe scientifique tient peut-\u00eatre l\u00e0 une des <strong>cl\u00e9s alimentaires<\/strong> majeures de demain.<\/p>\n<p>  Effet cibl\u00e9 sur un point faible cellulaire  <\/p>\n<p>La <strong>m\u00e9nadione<\/strong> cible le PI(3)P, un lipide cl\u00e9 de la structure cellulaire. En perturbant ce composant, elle affaiblit les cellules probl\u00e9matiques et bloque leur division. Cette action cibl\u00e9e inspire de nouvelles approches nutritionnelles. Or, des \u00e9tudes \u00e9tablissent un lien entre PI(3)P et <strong>hypertension art\u00e9rielle<\/strong>, sugg\u00e9rant que la r\u00e9gulation de ce lipide pourrait influencer la tension. Ainsi, certains aliments riches en m\u00e9nadione offrent peut-\u00eatre un double b\u00e9n\u00e9fice : lutter contre les anomalies cellulaires et pr\u00e9venir l\u2019<a href=\"https:\/\/www.pleinevie.fr\/sante\/hypertension-ce-legume-souvent-boude-peut-reellement-faire-baisser-votre-tension-arterielle-148546.html\" target=\"_blank\" rel=\"noopener nofollow\">hypertension<\/a> naturellement.<\/p>\n<p>     Voici une piste nutritionnelle \u00e0 int\u00e9grer dans votre alimentation   Le chou fris\u00e9 et les \u00e9pinards en premi\u00e8re ligne  <\/p>\n<p>Le compos\u00e9 actif \u00e9tudi\u00e9 n\u2019est autre qu\u2019un d\u00e9riv\u00e9 naturel de la <strong>vitamine K<\/strong>, qu\u2019on retrouve dans des l\u00e9gumes \u00e0 feuilles vertes comme le chou fris\u00e9 ou les \u00e9pinards. Ces aliments courants sont parfois n\u00e9glig\u00e9s, mais leur richesse en nutriments en fait de puissants alli\u00e9s. Dans ce cas pr\u00e9cis, ils deviennent une source directe de m\u00e9nadione. En int\u00e9grant plus de <strong>l\u00e9gumes verts<\/strong> dans l\u2019alimentation quotidienne, on pourrait b\u00e9n\u00e9ficier de leurs effets protecteurs \u00e0 long terme. De m\u00eame, ce <a href=\"https:\/\/www.pleinevie.fr\/sante\/cancer-de-la-prostate-manger-ce-legume-vert-reduit-les-risques-de-developper-cette-maladie-161757.html\" target=\"_blank\" rel=\"noopener nofollow\">l\u00e9gume vert<\/a> en particulier r\u00e9duirait les risques de d\u00e9velopper un cancer de la prostate.<\/p>\n<p>  Y a-t-il un effet d\u2019\u00e9puisement sur les cellules cibl\u00e9es ?  <\/p>\n<p>Ce que les chercheurs appellent un effet d\u2019\u00e9puisement est en r\u00e9alit\u00e9 une usure programm\u00e9e de la cellule probl\u00e9matique. En la privant d\u2019un soutien vital, le pro-oxydant agit comme un sablier, souligne <a href=\"https:\/\/www.grazia.fr\/beaute\/forme-minceur\/tue-cellules-cancereuses-dapres-chercheurs-legume-riche-antioxydants-aide-ralentir-progression-maladie-1165348.html\" target=\"_blank\" rel=\"noopener nofollow\">Grazia<\/a>. Plus la mol\u00e9cule est pr\u00e9sente, plus la cellule perd ses <strong>capacit\u00e9s de r\u00e9g\u00e9n\u00e9ration<\/strong>. Les l\u00e9gumes \u00e0 feuilles vertes, en fournissant cette substance, peuvent d\u00e9clencher ce ph\u00e9nom\u00e8ne. C\u2019est un pas de plus vers une <strong>nutrition pr\u00e9ventive<\/strong> bien plus active qu\u2019on ne le pensait.<\/p>\n<p>     Vers une alimentation repens\u00e9e scientifiquement ?  <\/p>\n<p>Cette d\u00e9couverte pourrait transformer notre regard sur certains aliments longtemps consid\u00e9r\u00e9s comme ordinaires. Gr\u00e2ce \u00e0 une <strong>analyse cellulaire<\/strong> fine, on comprend mieux le r\u00f4le actif que joue la nutrition dans l\u2019organisme. Manger n\u2019est plus seulement nourrir : c\u2019est aussi agir, parfois de mani\u00e8re pr\u00e9cise, sur des m\u00e9canismes cl\u00e9s. Alors, repenser nos assiettes, int\u00e9grer des l\u00e9gumes cibl\u00e9s, c\u2019est offrir \u00e0 notre corps des outils pour lutter intelligemment avec l\u2019aide de la <strong>science alimentaire<\/strong>.<\/p>\n","protected":false},"excerpt":{"rendered":"Parfois, les solutions les plus puissantes se cachent dans les d\u00e9tails de notre alimentation. Une r\u00e9cente \u00e9tude scientifique&hellip;\n","protected":false},"author":2,"featured_media":176827,"comment_status":"","ping_status":"","sticky":false,"template":"","format":"standard","meta":{"footnotes":""},"categories":[10],"tags":[1011,27,72,71],"class_list":{"0":"post-176826","1":"post","2":"type-post","3":"status-publish","4":"format-standard","5":"has-post-thumbnail","7":"category-sante","8":"tag-fr","9":"tag-france","10":"tag-health","11":"tag-sante"},"share_on_mastodon":{"url":"https:\/\/pubeurope.com\/@fr\/114683837443927693","error":""},"_links":{"self":[{"href":"https:\/\/www.europesays.com\/fr\/wp-json\/wp\/v2\/posts\/176826","targetHints":{"allow":["GET"]}}],"collection":[{"href":"https:\/\/www.europesays.com\/fr\/wp-json\/wp\/v2\/posts"}],"about":[{"href":"https:\/\/www.europesays.com\/fr\/wp-json\/wp\/v2\/types\/post"}],"author":[{"embeddable":true,"href":"https:\/\/www.europesays.com\/fr\/wp-json\/wp\/v2\/users\/2"}],"replies":[{"embeddable":true,"href":"https:\/\/www.europesays.com\/fr\/wp-json\/wp\/v2\/comments?post=176826"}],"version-history":[{"count":0,"href":"https:\/\/www.europesays.com\/fr\/wp-json\/wp\/v2\/posts\/176826\/revisions"}],"wp:featuredmedia":[{"embeddable":true,"href":"https:\/\/www.europesays.com\/fr\/wp-json\/wp\/v2\/media\/176827"}],"wp:attachment":[{"href":"https:\/\/www.europesays.com\/fr\/wp-json\/wp\/v2\/media?parent=176826"}],"wp:term":[{"taxonomy":"category","embeddable":true,"href":"https:\/\/www.europesays.com\/fr\/wp-json\/wp\/v2\/categories?post=176826"},{"taxonomy":"post_tag","embeddable":true,"href":"https:\/\/www.europesays.com\/fr\/wp-json\/wp\/v2\/tags?post=176826"}],"curies":[{"name":"wp","href":"https:\/\/api.w.org\/{rel}","templated":true}]}}