{"id":176832,"date":"2025-06-14T21:29:10","date_gmt":"2025-06-14T21:29:10","guid":{"rendered":"https:\/\/www.europesays.com\/fr\/176832\/"},"modified":"2025-06-14T21:29:10","modified_gmt":"2025-06-14T21:29:10","slug":"un-double-teleobjectif-avec-un-capteur","status":"publish","type":"post","link":"https:\/\/www.europesays.com\/fr\/176832\/","title":{"rendered":"un double t\u00e9l\u00e9objectif avec un capteur !"},"content":{"rendered":"<p>Huawei a d\u00e9voil\u00e9 en Chine sa nouvelle s\u00e9rie Pura\u00a080. N\u00e9anmoins, c\u2019est le mod\u00e8le <strong>Pura\u00a080 Ultra<\/strong> qui attire le plus l\u2019attention avec une avanc\u00e9e technique notable. Nous parlons ici du module photo arri\u00e8re int\u00e9grant <strong>deux lentilles t\u00e9l\u00e9objectifs partageant un seul capteur<\/strong>.<\/p>\n<p>Un syst\u00e8me optique ing\u00e9nieux et compact<\/p>\n<p>Le Pura\u00a080 Ultra int\u00e8gre deux t\u00e9l\u00e9objectifs distincts, offrant des zooms optiques respectifs de <strong>3,7\u00a0x (83\u00a0mm)<\/strong> et <strong>9,4\u00a0x (212\u00a0mm)<\/strong>. Contrairement \u00e0 certaines approches concurrentes <a href=\"https:\/\/idealogeek.fr\/adieu-sony-les-futurs-iphone-pourraient-adopter-les-capteurs-photo-samsung\/\" rel=\"nofollow noopener\" target=\"_blank\">comme Sony<\/a>, qui optent pour des objectifs \u00e0 distance focale variable, Huawei combine <strong>deux lentilles fixes<\/strong>. Ces derni\u00e8res sont alors reli\u00e9es au m\u00eame syst\u00e8me p\u00e9riscopique et au m\u00eame capteur d\u2019image. Cela est possible gr\u00e2ce \u00e0 un prisme mobile capable de rediriger la lumi\u00e8re vers l\u2019un ou l\u2019autre objectif.<\/p>\n<p>Cette approche pr\u00e9sente plusieurs avantages\u00a0:<\/p>\n<ul class=\"wp-block-list\">\n<li><strong>La r\u00e9duction des co\u00fbts de production<\/strong>\u00a0: un seul capteur pour deux usages<\/li>\n<li><strong>Un gain de place \u00e0 l\u2019int\u00e9rieur du ch\u00e2ssis<\/strong><\/li>\n<li><strong>Une meilleure qualit\u00e9 d\u2019image<\/strong> gr\u00e2ce \u00e0 un capteur de grande taille (type 1\/1,28 pouce).<\/li>\n<\/ul>\n<p>L\u2019une des lentilles capture des photos \u00e0 <strong>50\u00a0Mpx avec une ouverture f\/2,4<\/strong>. L\u2019autre, bien que reposant sur le m\u00eame capteur, affiche une r\u00e9solution de <strong>12,5\u00a0Mpx avec une ouverture f\/3,6<\/strong>. Ce qui laisse supposer une op\u00e9ration de recadrage ou de pixel binning.<\/p>\n<p>Il faut savoir que la s\u00e9rie comprend aussi les mod\u00e8les <strong>Pura\u00a080, 80\u00a0Pro et 80\u00a0Pro Plus<\/strong>. Tous adoptent un design proche, un triple module photo et des batteries l\u00e9g\u00e8rement moins capacitives. Les variantes Pro se rapprochent du mod\u00e8le Ultra, mais n\u2019offrent qu\u2019un <strong>seul t\u00e9l\u00e9objectif de 48\u00a0Mpx<\/strong>. Seul le Plus dispose de plus de RAM et d\u2019une double connectivit\u00e9 satellite. <strong>Tous sont compatibles avec le syst\u00e8me<\/strong> <strong>Beidou<\/strong>.<\/p>\n<p><img loading=\"lazy\" decoding=\"async\" width=\"1024\" height=\"576\" src=\"data:image\/svg+xml,%3Csvg%20xmlns=\" http:=\"\" alt=\"Huawei-Pura-80-Ultra-1 (Personnalis\u00e9)\" class=\"wp-image-17754\" data-lazy- data-lazy- data-lazy-src=\"https:\/\/www.europesays.com\/fr\/wp-content\/uploads\/2025\/06\/Huawei-Pura-80-Ultra-1-Personnalise-1024x576.jpg\"\/>Source : Huawei<\/p>\n<p class=\"has-text-align-center has-very-light-gray-background-color has-background\"><strong>VOIR AUSSI : <a href=\"https:\/\/idealogeek.fr\/quelles-sont-les-meilleures-marques-de-smartphones-chinois-aujourdhui\/\" rel=\"nofollow noopener\" target=\"_blank\">Quelles sont les meilleures marques de smartphones chinois aujourd\u2019hui\u2009?<\/a><\/strong><\/p>\n<p>Les caract\u00e9ristiques techniques du Huawei Pura 80 Ultra<\/p>\n<p>En plus de ce module t\u00e9l\u00e9photo novateur, le Huawei Pura\u00a080 Ultra embarque\u00a0:<\/p>\n<ul class=\"wp-block-list\">\n<li>Un <strong>capteur principal de 50\u00a0Mpx<\/strong> avec ouverture dynamique<\/li>\n<li>Un <strong>ultra grand-angle de 40\u00a0Mpx<\/strong><\/li>\n<li>Un \u00e9cran <strong>OLED LTPO de 6,8\u00a0pouces<\/strong><\/li>\n<li>Une batterie de <strong>5\u2009700\u00a0mAh<\/strong><\/li>\n<li>Une <strong>\u00e9tanch\u00e9it\u00e9\u00a0IP68 et IP69<\/strong><\/li>\n<li><strong>16\u00a0Go de RAM<\/strong> et jusqu\u2019\u00e0 <strong>1\u00a0To de stockage<\/strong><\/li>\n<\/ul>\n<p>L\u2019appareil fonctionne sous <strong>HarmonyOS\u00a05.1<\/strong>, syst\u00e8me maison de Huawei, ind\u00e9pendant d\u2019Android. Comme souvent ces derni\u00e8res ann\u00e9es, le fabricant reste discret sur la puce embarqu\u00e9e, en raison des restrictions li\u00e9es aux sanctions am\u00e9ricaines. Les tarifs d\u00e9marrent \u00e0 <strong>6\u2009500\u00a0CNY pour les Pro<\/strong> <strong>(environ 900\u00a0dollars)<\/strong> et \u00e0 <strong>9\u2009999\u00a0CNY pour l\u2019Ultra<\/strong> (<strong>environ 1\u2009390\u00a0dollars)<\/strong>. Le mod\u00e8le standard n\u2019a pas encore de date ni de prix.<\/p>\n<p class=\"has-text-align-center\" style=\"font-size:20px\"><strong>IdealoGeek est un m\u00e9dia ind\u00e9pendant. Soutiens-nous en nous ajoutant \u00e0 tes favoris sur Google Actualit\u00e9s <\/p>\n<p>   :<\/strong><\/p>\n","protected":false},"excerpt":{"rendered":"Huawei a d\u00e9voil\u00e9 en Chine sa nouvelle s\u00e9rie Pura\u00a080. N\u00e9anmoins, c\u2019est le mod\u00e8le Pura\u00a080 Ultra qui attire le&hellip;\n","protected":false},"author":2,"featured_media":176833,"comment_status":"","ping_status":"","sticky":false,"template":"","format":"standard","meta":{"footnotes":""},"categories":[7],"tags":[1011,27,43,40,41,39,42,44],"class_list":{"0":"post-176832","1":"post","2":"type-post","3":"status-publish","4":"format-standard","5":"has-post-thumbnail","7":"category-sciences-et-technologies","8":"tag-fr","9":"tag-france","10":"tag-science","11":"tag-science-and-technology","12":"tag-sciences","13":"tag-sciences-et-technologies","14":"tag-technologies","15":"tag-technology"},"share_on_mastodon":{"url":"https:\/\/pubeurope.com\/@fr\/114683849244935468","error":""},"_links":{"self":[{"href":"https:\/\/www.europesays.com\/fr\/wp-json\/wp\/v2\/posts\/176832","targetHints":{"allow":["GET"]}}],"collection":[{"href":"https:\/\/www.europesays.com\/fr\/wp-json\/wp\/v2\/posts"}],"about":[{"href":"https:\/\/www.europesays.com\/fr\/wp-json\/wp\/v2\/types\/post"}],"author":[{"embeddable":true,"href":"https:\/\/www.europesays.com\/fr\/wp-json\/wp\/v2\/users\/2"}],"replies":[{"embeddable":true,"href":"https:\/\/www.europesays.com\/fr\/wp-json\/wp\/v2\/comments?post=176832"}],"version-history":[{"count":0,"href":"https:\/\/www.europesays.com\/fr\/wp-json\/wp\/v2\/posts\/176832\/revisions"}],"wp:featuredmedia":[{"embeddable":true,"href":"https:\/\/www.europesays.com\/fr\/wp-json\/wp\/v2\/media\/176833"}],"wp:attachment":[{"href":"https:\/\/www.europesays.com\/fr\/wp-json\/wp\/v2\/media?parent=176832"}],"wp:term":[{"taxonomy":"category","embeddable":true,"href":"https:\/\/www.europesays.com\/fr\/wp-json\/wp\/v2\/categories?post=176832"},{"taxonomy":"post_tag","embeddable":true,"href":"https:\/\/www.europesays.com\/fr\/wp-json\/wp\/v2\/tags?post=176832"}],"curies":[{"name":"wp","href":"https:\/\/api.w.org\/{rel}","templated":true}]}}