{"id":176836,"date":"2025-06-14T21:31:11","date_gmt":"2025-06-14T21:31:11","guid":{"rendered":"https:\/\/www.europesays.com\/fr\/176836\/"},"modified":"2025-06-14T21:31:11","modified_gmt":"2025-06-14T21:31:11","slug":"nouvelles-frappes-pekin-soutient-teheran-dans-la-defense-de-ses-droits-legitimes-le-point-sur-la-situation","status":"publish","type":"post","link":"https:\/\/www.europesays.com\/fr\/176836\/","title":{"rendered":"nouvelles frappes, P\u00e9kin soutient T\u00e9h\u00e9ran dans \u00ab\u00a0la d\u00e9fense de ses droits l\u00e9gitimes\u00a0\u00bb&#8230; le point sur la situation"},"content":{"rendered":"<p><a href=\"https:\/\/www.laprovence.com\/article\/france-monde\/1315136041193715\/conflit-israel-iran-letat-hebreux-va-frapper-tous-les-sites-du-regime-iranien-declare-netanyahu\" target=\"_blank\" rel=\"noopener\">Isra\u00ebl a dit ce samedi vouloir frapper \u00ab\u00a0tous les sites du r\u00e9gime\u00a0\u00bb iranien<\/a>, affirmant avoir la ma\u00eetrise du ciel sur l&rsquo;ouest de l&rsquo;Iran, au deuxi\u00e8me jour d&rsquo;une attaque sans pr\u00e9c\u00e9dent contre la R\u00e9publique islamique qui a promis une riposte \u00ab\u00a0plus forte\u00a0\u00bb.<\/p>\n<p><a href=\"https:\/\/www.laprovence.com\/article\/france-monde\/1294588658545215\/conflit-israel-iran-missiles-iraniens-drones-israeliens-ce-que-lon-sait-des-frappes-de-riposte-survenues-dans-la-nuit\" target=\"_blank\" rel=\"noopener\">L&rsquo;arm\u00e9e de l&rsquo;air isra\u00e9lienne a poursuivi ses frappes contre plusieurs sites<\/a>, ciblant notamment des syst\u00e8mes de d\u00e9fense a\u00e9riens dans la r\u00e9gion de T\u00e9h\u00e9ran et des dizaines de lanceurs de missiles. Objectif : d\u00e9manteler les capacit\u00e9s militaires et nucl\u00e9aires de son ennemi jur\u00e9.<\/p>\n<p>Trump se dit d&rsquo;accord avec Poutine, la \u00ab\u00a0guerre Isra\u00ebl-Iran doit s&rsquo;arr\u00eater\u00a0\u00bb<\/p>\n<p>Le pr\u00e9sident russe Vladimir Poutine \u00ab\u00a0pense, comme moi, que cette guerre Isra\u00ebl-Iran doit s&rsquo;arr\u00eater\u00a0\u00bb, a \u00e9crit Donald Trump sur sa plateforme Truth Social apr\u00e8s un \u00e9change t\u00e9l\u00e9phonique avec son homologue.<\/p>\n<p>\u00ab\u00a0Je lui ai r\u00e9pondu que sa guerre doit aussi s&rsquo;arr\u00eater\u00a0\u00bb, a-t-il ajout\u00e9 en faisant r\u00e9f\u00e9rence au conflit entre l&rsquo;Ukraine et la Russie. \u00ab\u00a0Nous avons longuement parl\u00e9\u00a0\u00bb et \u00ab\u00a0l&rsquo;appel a dur\u00e9 environ une heure\u00a0\u00bb, a ajout\u00e9 le pr\u00e9sident am\u00e9ricain.<\/p>\n<p>Netanyahu dit avoir le \u00ab\u00a0soutien manifeste\u00a0\u00bb de Donald Trump<\/p>\n<p>Isra\u00ebl a \u00ab\u00a0le soutien manifeste\u00a0\u00bb de Donald Trump dans sa compagne militaire contre l&rsquo;Iran, d\u00e9clare le Premier ministre isra\u00e9lien, Benjamin Netanyahu, dans un message vid\u00e9o en anglais adress\u00e9 au pr\u00e9sident des \u00c9tats-Unis.<\/p>\n<p><a href=\"https:\/\/www.laprovence.com\/article\/france-monde\/14385385368040\/israel-bombarde-des-defenses-aeriennes-et-des-lanceurs-de-missiles-en-iran\" target=\"_blank\" rel=\"noopener\">En attaquant l&rsquo;Iran, Isra\u00ebl combat \u00ab\u00a0<\/a><a href=\"https:\/\/www.laprovence.com\/article\/france-monde\/14385385368040\/israel-bombarde-des-defenses-aeriennes-et-des-lanceurs-de-missiles-en-iran\" target=\"_blank\" rel=\"noopener\">un r\u00e9gime (&#8230;) tyrannique et radical <\/a>qui veut construire des bombes atomiques pour nous d\u00e9truire, et des missiles balistiques, notamment intercontinentaux, pour menacer n&rsquo;importe\u00a0\u00bb quel pays au monde, affirme le Premier ministre isra\u00e9lien : \u00ab\u00a0En nous d\u00e9fendant, nous d\u00e9fendons aussi les autres\u00a0\u00bb et ce que Isra\u00ebl fait en Iran, il le fait \u00ab\u00a0avec le soutien (&#8230;) manifeste du pr\u00e9sident des \u00c9tats-Unis, Donald Trump, du peuple am\u00e9ricain et de nombreux autres pays\u00a0\u00bb.<\/p>\n<p>P\u00e9kin soutient l&rsquo;Iran dans la \u00ab\u00a0d\u00e9fense de ses droits l\u00e9gitimes\u00a0\u00bb<\/p>\n<p>Le ministre chinois des Affaires \u00e9trang\u00e8res Wang Yi a d\u00e9clar\u00e9 que P\u00e9kin soutenait de son c\u00f4t\u00e9 l&rsquo;Iran dans \u00ab\u00a0la d\u00e9fense de ses droits et int\u00e9r\u00eats l\u00e9gitimes\u00a0\u00bb, et a eu des entretiens avec ses homologues iranien et isra\u00e9lien, selon des communiqu\u00e9s. Wang Yi\u00a0a soulign\u00e9 le soutien de P\u00e9kin \u00e0 T\u00e9h\u00e9ran dans son entretien avec son homologue\u00a0iranien Abbas Araghchi, et a d\u00e9nonc\u00e9 dans son entretien avec le ministre isra\u00e9lien Gideon Saar \u00ab\u00a0l&rsquo;attaque par la force\u00a0\u00bb men\u00e9e contre l&rsquo;Iran, selon ces communiqu\u00e9s du minist\u00e8re chinois des Affaires \u00e9trang\u00e8res.<\/p>\n<p>Une \u00ab\u00a0puissante explosion\u00a0\u00bb dans une raffinerie apr\u00e8s une attaque de drone isra\u00e9lien<\/p>\n<p>Une attaque de drone isra\u00e9lien contre une raffinerie strat\u00e9gique en Iran a provoqu\u00e9 samedi apr\u00e8s-midi une \u00ab\u00a0puissante explosion\u00a0\u00bb et un incendie sur le site, situ\u00e9 dans la ville portuaire de Kangan, pr\u00e8s de Bouchehr, dans le sud du pays.<\/p>\n<p>\u00ab\u00a0Le r\u00e9gime sioniste a cibl\u00e9 la section 14 du gisement gazier South Pars avec un drone\u00a0\u00bb, ce qui a caus\u00e9 un incendie, a rapport\u00e9 l&rsquo;agence Fars. L&rsquo;agence Tasnim \u00e9voque pour sa part \u00ab\u00a0une violente explosion et un incendie\u00a0\u00bb sur l&rsquo;un des plus importants sites gaziers d&rsquo;Iran\u00a0au bord du Golfe.<\/p>\n<p>Une \u00ab\u00a0riposte plus forte\u00a0\u00bb pr\u00e9vue par T\u00e9h\u00e9ran<br \/>\n<img alt=\"L'escalade ne cesse de cro\u00eetre entre les deux pays.\" loading=\"lazy\" decoding=\"async\" data-nimg=\"fill\" class=\" TwicCore_img__i9TC1 undefined  undefined\" style=\"position:absolute;height:100%;width:100%;left:0;top:0;right:0;bottom:0;color:transparent;background-size:cover;background-position:50% 50%;background-repeat:no-repeat;background-image:url(&quot;data:image\/svg+xml;charset=utf-8,%3Csvg xmlns='http:\/\/www.w3.org\/2000\/svg' %3E%3Cfilter id='b' color-interpolation-filters='sRGB'%3E%3CfeGaussianBlur stdDeviation='20'\/%3E%3CfeColorMatrix values='1 0 0 0 0 0 1 0 0 0 0 0 1 0 0 0 0 0 100 -1' result='s'\/%3E%3CfeFlood x='0' y='0' width='100%25' height='100%25'\/%3E%3CfeComposite operator='out' in='s'\/%3E%3CfeComposite in2='SourceGraphic'\/%3E%3CfeGaussianBlur stdDeviation='20'\/%3E%3C\/filter%3E%3Cimage width='100%25' height='100%25' x='0' y='0' preserveAspectRatio='none' style='filter: url(%23b);' href='https:\/\/pictures.laprovence.com\/cdn-cgi\/image\/blur=250\/media\/melody\/2025\/06\/14\/this-picture-shows-rocket-trails-in-the-sky-above-jerusalem-on-june-13-2025-air-raid-sirens-sounded-1749918615_58b23dec6c4865cb23dec6c4810c23v_.jpg'\/%3E%3C\/svg%3E&quot;)\"   src=\"https:\/\/www.europesays.com\/fr\/wp-content\/uploads\/2025\/06\/this-picture-shows-rocket-trails-in-the-sky-above-jerusalem-on-june-13-2025-air-raid-sirens-sounded-.jpeg\"\/>L&rsquo;escalade ne cesse de cro\u00eetre entre les deux pays. AFP &#8211; AFP or licensors &#8211; AHMAD GHARABLI<\/p>\n<p>Le pr\u00e9sident\u00a0iranien, Massoud Pezeshkian, a lui averti d&rsquo;une riposte \u00ab\u00a0plus forte\u00a0\u00bb en cas de poursuite de l&rsquo;attaque isra\u00e9lienne, qualifi\u00e9e par T\u00e9h\u00e9ran de \u00ab\u00a0d\u00e9claration de guerre\u00a0\u00bb. <a href=\"https:\/\/www.laprovence.com\/article\/france-monde\/2719700249257914\/frappes-israeliennes-en-iran-78-morts-et-plus-de-320-blesses-selon-lambassadeur-iranien-a-lonu\" target=\"_blank\" rel=\"noopener\">Les frappes isra\u00e9liennes ont fait au moins 78 morts, et plus de 320 bless\u00e9s<\/a>, \u00ab\u00a0en majorit\u00e9 des civils\u00a0\u00bb, selon un bilan officiel\u00a0iranien, et tu\u00e9 les plus hauts grad\u00e9s du pays.\u00a0<\/p>\n<p>L&rsquo;Iran\u00a0a ripost\u00e9 en tirant vendredi et samedi matin des dizaines de missiles balistiques contre Isra\u00ebl dont certains ont atteint le territoire, faisant trois morts.\u00a0<\/p>\n<p>Les pourparlers concernant le nucl\u00e9aire entre l&rsquo;Iran et les \u00c9tats-Unis n&rsquo;auront pas lieu dimanche<\/p>\n<p>Oman, qui joue le r\u00f4le de m\u00e9diateur entre les \u00c9tats-Unis et l&rsquo;Iran dans les discussions sur le nucl\u00e9aire, a affirm\u00e9 ce samedi que les pourparlers pr\u00e9vus dimanche entre les deux pays n&rsquo;auront pas lieu.\u00a0<\/p>\n<p>\u00ab\u00a0Les pourparlers entre l&rsquo;Iran\u00a0et les \u00c9tats-Unis, qui devaient se tenir \u00e0 Mascate ce dimanche, n&rsquo;auront pas lieu. Mais la diplomatie et le dialogue restent la seule voie vers une paix durable\u00a0\u00bb, a \u00e9crit le ministre omanais des Affaires \u00e9trang\u00e8res, Badr Albusaidi, sur X.\u00a0<\/p>\n<p>Les \u00c9tats-Unis veulent poursuivre les n\u00e9gociations avec l&rsquo;Iran<\/p>\n<p>Les \u00c9tats-Unis \u00ab\u00a0esp\u00e8rent\u00a0\u00bb poursuivre les n\u00e9gociations avec l&rsquo;Iran, a d\u00e9clar\u00e9 un responsable am\u00e9ricain. \u00ab\u00a0Nous esp\u00e9rons toujours avoir des discussions\u00a0\u00bb, a d\u00e9clar\u00e9 \u00e0 l&rsquo;AFP le responsable am\u00e9ricain, sous couvert de l&rsquo;anonymat.<\/p>\n<p>Nucl\u00e9aire : Macron demande au pr\u00e9sident iranien Pezeshkian de \u00ab\u00a0revenir rapidement \u00e0 la table des n\u00e9gociations\u00a0\u00bb<\/p>\n<p><strong>Emmanuel Macron s&rsquo;est entretenu ce samedi avec le pr\u00e9sident iranien Massoud Pezeshkian<\/strong>, lui demandant de \u00ab\u00a0revenir rapidement \u00e0 la table des n\u00e9gociations\u00a0\u00bb sur le nucl\u00e9aire, et l&rsquo;exhortant \u00e0 ce que les Fran\u00e7ais \u00ab\u00a0en Iran et dans la r\u00e9gion ne soient en aucun cas vis\u00e9s\u00a0\u00bb.<\/p>\n<p>\u00ab\u00a0Mon premier message a \u00e9t\u00e9 d&rsquo;exiger la lib\u00e9ration imm\u00e9diate de nos compatriotes C\u00e9cile Kohler et Jacques Paris, otages du r\u00e9gime iranien dans des conditions inacceptables depuis plus de trois ans\u00a0\u00bb, a pr\u00e9cis\u00e9 le Pr\u00e9sident.<\/p>\n<p>\u00ab\u00a0Face au risque majeur de d\u00e9stabilisation pour toute la r\u00e9gion, j&rsquo;ai demand\u00e9 \u00e0 ce que nos emprises et nos ressortissants en Iran et dans la r\u00e9gion ne soient en aucun cas vis\u00e9s. J&rsquo;ai \u00e9galement appel\u00e9 \u00e0 la plus grande retenue pour \u00e9viter l&rsquo;escalade\u00a0\u00bb, \u00e9crit Emmanuel Macron. \u00ab\u00a0La question du nucl\u00e9aire iranien est grave: elle doit \u00eatre r\u00e9gl\u00e9e par la n\u00e9gociation\u00a0\u00bb, a-t-il r\u00e9p\u00e9t\u00e9 apr\u00e8s avoir d\u00e9j\u00e0 appel\u00e9 \u00e0 la \u00ab\u00a0reprise du dialogue\u00a0\u00bb la veille.\u00a0<\/p>\n<p>\u00ab\u00a0J&rsquo;ai donc invit\u00e9 le Pr\u00e9sident Pezeshkian \u00e0 revenir rapidement \u00e0 la table des n\u00e9gociations pour parvenir \u00e0 un accord, seul chemin possible pour d\u00e9samorcer la situation\u00a0\u00bb, a encore indiqu\u00e9 le chef de l&rsquo;Etat.<\/p>\n<p>Le soutien am\u00e9ricain \u00e0 Isra\u00ebl pendant les pourparlers montre la \u00ab\u00a0malhonn\u00eatet\u00e9\u00a0\u00bb des \u00c9tats-Unis, dit Pezeshkian<\/p>\n<p>Le soutien am\u00e9ricain \u00e0 Isra\u00ebl pour des frappes contre l&rsquo;Iran, au moment o\u00f9 le pays est engag\u00e9 dans des pourparlers sur le nucl\u00e9aire avec Washington, traduit la \u00ab\u00a0malhonn\u00eatet\u00e9\u00a0\u00bb des \u00c9tats-Unis, a estim\u00e9 le pr\u00e9sident iranien.<\/p>\n<p>\u00ab\u00a0La coordination du r\u00e9gime sioniste avec les \u00c9tats-Unis pour leur agression contre le territoire iranien, en pleine n\u00e9gociation, t\u00e9moigne de la malhonn\u00eatet\u00e9\u00a0\u00bb des Etats-Unis, a d\u00e9clar\u00e9 Massoud Pezeshkian lors d&rsquo;un appel avec le Premier ministre pakistanais Shehbaz Sharif, rapport\u00e9 par la pr\u00e9sidence\u00a0iranienne.<\/p>\n","protected":false},"excerpt":{"rendered":"Isra\u00ebl a dit ce samedi vouloir frapper \u00ab\u00a0tous les sites du r\u00e9gime\u00a0\u00bb iranien, affirmant avoir la ma\u00eetrise du&hellip;\n","protected":false},"author":2,"featured_media":176837,"comment_status":"","ping_status":"","sticky":false,"template":"","format":"standard","meta":{"footnotes":""},"categories":[5],"tags":[17,11,14285,2120,5729,1011,27,329,1146,14,31267,12,2405,467,28],"class_list":{"0":"post-176836","1":"post","2":"type-post","3":"status-publish","4":"format-standard","5":"has-post-thumbnail","7":"category-international","8":"tag-17","9":"tag-actualites","10":"tag-appellent","11":"tag-conflit","12":"tag-fin","13":"tag-fr","14":"tag-france","15":"tag-france-monde","16":"tag-guerre","17":"tag-international","18":"tag-israel-iran","19":"tag-news","20":"tag-poutine","21":"tag-trump","22":"tag-world"},"share_on_mastodon":{"url":"https:\/\/pubeurope.com\/@fr\/114683857054552325","error":""},"_links":{"self":[{"href":"https:\/\/www.europesays.com\/fr\/wp-json\/wp\/v2\/posts\/176836","targetHints":{"allow":["GET"]}}],"collection":[{"href":"https:\/\/www.europesays.com\/fr\/wp-json\/wp\/v2\/posts"}],"about":[{"href":"https:\/\/www.europesays.com\/fr\/wp-json\/wp\/v2\/types\/post"}],"author":[{"embeddable":true,"href":"https:\/\/www.europesays.com\/fr\/wp-json\/wp\/v2\/users\/2"}],"replies":[{"embeddable":true,"href":"https:\/\/www.europesays.com\/fr\/wp-json\/wp\/v2\/comments?post=176836"}],"version-history":[{"count":0,"href":"https:\/\/www.europesays.com\/fr\/wp-json\/wp\/v2\/posts\/176836\/revisions"}],"wp:featuredmedia":[{"embeddable":true,"href":"https:\/\/www.europesays.com\/fr\/wp-json\/wp\/v2\/media\/176837"}],"wp:attachment":[{"href":"https:\/\/www.europesays.com\/fr\/wp-json\/wp\/v2\/media?parent=176836"}],"wp:term":[{"taxonomy":"category","embeddable":true,"href":"https:\/\/www.europesays.com\/fr\/wp-json\/wp\/v2\/categories?post=176836"},{"taxonomy":"post_tag","embeddable":true,"href":"https:\/\/www.europesays.com\/fr\/wp-json\/wp\/v2\/tags?post=176836"}],"curies":[{"name":"wp","href":"https:\/\/api.w.org\/{rel}","templated":true}]}}