{"id":176840,"date":"2025-06-14T21:33:10","date_gmt":"2025-06-14T21:33:10","guid":{"rendered":"https:\/\/www.europesays.com\/fr\/176840\/"},"modified":"2025-06-14T21:33:10","modified_gmt":"2025-06-14T21:33:10","slug":"jerome-guedj-accuse-jean-luc-melenchon-detre-devenu-un-salopard-antisemite-liberation","status":"publish","type":"post","link":"https:\/\/www.europesays.com\/fr\/176840\/","title":{"rendered":"J\u00e9r\u00f4me Guedj accuse Jean-Luc M\u00e9lenchon d\u2019\u00eatre devenu \u00abun salopard antis\u00e9mite\u00bb \u2013 Lib\u00e9ration"},"content":{"rendered":"<p class=\"sc-ksZaOG ehjQrN text-element\">Ils n\u2019ont plus de mot assez durs l\u2019un pour l\u2019autre. <a href=\"https:\/\/www.liberation.fr\/politique\/jerome-guedj-socialiste-de-bonne-fracture-20230521_NKMPJ334TFF3TMCNADAWLXJXBU\/\" target=\"_blank\" rel=\"noreferrer noopener\" title=\"https:\/\/www.liberation.fr\/politique\/jerome-guedj-socialiste-de-bonne-fracture-20230521_NKMPJ334TFF3TMCNADAWLXJXBU\/\">Le d\u00e9put\u00e9 socialiste J\u00e9r\u00f4me Guedj<\/a>, qui a rompu avec La France insoumise apr\u00e8s les attaques du Hamas contre Isra\u00ebl le 7 octobre 2023, a accus\u00e9 ce samedi 14 juin Jean-Luc M\u00e9lenchon \u2212 sorte de p\u00e8re spirituel \u00e0 ses d\u00e9buts en politique \u2212, d\u2019\u00eatre devenu <a href=\"https:\/\/www.liberation.fr\/politique\/antisemitisme-residuel-en-france-melenchon-fait-expres-de-creer-du-doute-20240603_V4QEF5BV2FFBRMMLV53WRRUL5Y\/\" target=\"_blank\" rel=\"noreferrer noopener\" title=\"https:\/\/www.liberation.fr\/politique\/antisemitisme-residuel-en-france-melenchon-fait-expres-de-creer-du-doute-20240603_V4QEF5BV2FFBRMMLV53WRRUL5Y\/\">\u00abun salopard antis\u00e9mite\u00bb<\/a>.<\/p>\n<p class=\"sc-ksZaOG ehjQrN text-element\">\u00abQuand je dis \u00e0 Jean-Luc M\u00e9lenchon qu\u2019il n\u2019est pas possible et souhaitable de d\u00e9fendre la revendication de la Palestine \u201c<a href=\"https:\/\/www.liberation.fr\/checknews\/quelle-est-lorigine-du-slogan-polemique-from-the-river-to-the-sea-utilise-par-les-soutiens-de-la-palestine-20231107_LEGKMTKLPBCWJBZ6YPUOJCMTAA\/\" target=\"_blank\" rel=\"noreferrer noopener\" title=\"https:\/\/www.liberation.fr\/checknews\/quelle-est-lorigine-du-slogan-polemique-from-the-river-to-the-sea-utilise-par-les-soutiens-de-la-palestine-20231107_LEGKMTKLPBCWJBZ6YPUOJCMTAA\/\">de la mer \u00e0 la rivi\u00e8re<\/a>\u201d, je d\u00e9fends la position historique des socialistes, notamment celle de Fran\u00e7ois Mitterrand \u00e0 la Knesset en 1982, qui est celle de la solution \u00e0 deux Etats, de la s\u00e9curit\u00e9 d\u2019Isra\u00ebl et de la reconnaissance de l\u2019Etat palestinien. Et \u00e0 ce moment-l\u00e0, je deviens le sioniste g\u00e9nocidaire pour Jean-Luc M\u00e9lenchon et les siens\u00bb, a lanc\u00e9 J\u00e9r\u00f4me Guedj \u00e0 la tribune du congr\u00e8s du Parti socialiste \u00e0 Nancy.<\/p>\n<p class=\"sc-ksZaOG ehjQrN text-element\">\u00abJ\u2019ai une meurtrissure terrible \u00e0 dire devant <a href=\"https:\/\/www.liberation.fr\/politique\/congres-du-ps-nicolas-mayer-rossignol-pose-ses-conditions-a-olivier-faure-20250613_NK2PMGTOUFAK7A3NKYF6H74BW4\/\" target=\"_blank\" rel=\"noreferrer noopener\" title=\"https:\/\/www.liberation.fr\/politique\/congres-du-ps-nicolas-mayer-rossignol-pose-ses-conditions-a-olivier-faure-20250613_NK2PMGTOUFAK7A3NKYF6H74BW4\/\">ce congr\u00e8s<\/a> que, pour la premi\u00e8re fois de ma vie, j\u2019ai d\u00fb dire de l\u2019homme que j\u2019ai aim\u00e9 profond\u00e9ment qu\u2019il est devenu un salopard antis\u00e9mite, avec des propos qui sont pour nous absolument insupportables\u00bb, a ajout\u00e9 le d\u00e9put\u00e9 de l\u2019Essonne, sous les applaudissements de la salle.<\/p>\n<p class=\"sc-ksZaOG ehjQrN text-element\">\u00abSur le rapport avec LFI, on est encore dans l\u2019ambigu\u00eft\u00e9, et c\u2019est assum\u00e9\u00bb de la part de la direction du Parti socialiste, avait d\u00e9nonc\u00e9 peu avant son intervention ce grand partisan de la Nupes, l\u2019alliance de gauche post-pr\u00e9sidentielle 2022.<\/p>\n<p class=\"sc-ksZaOG ehjQrN text-element\">Un des enjeux du congr\u00e8s est <a href=\"https:\/\/www.liberation.fr\/politique\/pour-lfi-le-ps-a-rompu-unilateralement-le-cadre-du-nfp-en-ne-votant-pas-la-censure-sur-le-budget-20250205_MYOS6R46KJD5VFEK4J2O7LRF7M\/\" target=\"_blank\" rel=\"noreferrer noopener\" title=\"https:\/\/www.liberation.fr\/politique\/pour-lfi-le-ps-a-rompu-unilateralement-le-cadre-du-nfp-en-ne-votant-pas-la-censure-sur-le-budget-20250205_MYOS6R46KJD5VFEK4J2O7LRF7M\/\">le rapport du PS avec le mouvement de Jean-Luc M\u00e9lenchon<\/a> : les opposants \u00e0 Olivier Faure r\u00e9clament la rupture la plus ferme possible avec les insoumis lors des prochaines \u00e9ch\u00e9ances \u00e9lectorales. <a href=\"https:\/\/www.liberation.fr\/politique\/olivier-faure-au-ps-nous-devons-aller-chercher-la-radicalite-20250612_P5VA37LQA5AYNMXLQDZ3UE3DYM\/\" target=\"_blank\" rel=\"noreferrer noopener\" title=\"https:\/\/www.liberation.fr\/politique\/olivier-faure-au-ps-nous-devons-aller-chercher-la-radicalite-20250612_P5VA37LQA5AYNMXLQDZ3UE3DYM\/\">Dans une interview \u00e0 Lib\u00e9ration<\/a>, le premier secr\u00e9taire r\u00e9\u00e9lu, Olivier Faure, \u00e9carte l\u2019id\u00e9e d\u2019une alliance avec LFI, tout en laissant la porte ouverte \u00e0 des discussions \u00e0 l\u2019\u00e9chelle locale en vue des municipales.<\/p>\n<p class=\"sc-ksZaOG ehjQrN text-element\">Jean-Luc M\u00e9lenchon a tenu des propos tr\u00e8s durs et ambigus \u00e0 l\u2019encontre de J\u00e9r\u00f4me Guedj, le qualifiant notamment de \u00abl\u00e2che de cette vari\u00e9t\u00e9 humaine que l\u2019on conna\u00eet tous, les d\u00e9lateurs\u00bb. \u00abL\u2019int\u00e9ressant est de le voir s\u2019agiter autour du piquet o\u00f9 le retient la laisse de ses adh\u00e9sions\u00bb, avait-il \u00e9galement d\u00e9clar\u00e9. Jean-Luc M\u00e9lenchon et J\u00e9r\u00f4me Guedj \u00e9taient tr\u00e8s proches quand le premier \u00e9tait au Parti socialiste, qu\u2019il a quitt\u00e9 en 2008.<\/p>\n","protected":false},"excerpt":{"rendered":"Ils n\u2019ont plus de mot assez durs l\u2019un pour l\u2019autre. Le d\u00e9put\u00e9 socialiste J\u00e9r\u00f4me Guedj, qui a rompu&hellip;\n","protected":false},"author":2,"featured_media":176841,"comment_status":"","ping_status":"","sticky":false,"template":"","format":"standard","meta":{"footnotes":""},"categories":[2],"tags":[11,6155,1011,27,3081,780,12,429],"class_list":{"0":"post-176840","1":"post","2":"type-post","3":"status-publish","4":"format-standard","5":"has-post-thumbnail","7":"category-actualites","8":"tag-actualites","9":"tag-antisemitisme","10":"tag-fr","11":"tag-france","12":"tag-jean-luc-melenchon","13":"tag-lfi","14":"tag-news","15":"tag-ps"},"share_on_mastodon":{"url":"https:\/\/pubeurope.com\/@fr\/114683865029187454","error":""},"_links":{"self":[{"href":"https:\/\/www.europesays.com\/fr\/wp-json\/wp\/v2\/posts\/176840","targetHints":{"allow":["GET"]}}],"collection":[{"href":"https:\/\/www.europesays.com\/fr\/wp-json\/wp\/v2\/posts"}],"about":[{"href":"https:\/\/www.europesays.com\/fr\/wp-json\/wp\/v2\/types\/post"}],"author":[{"embeddable":true,"href":"https:\/\/www.europesays.com\/fr\/wp-json\/wp\/v2\/users\/2"}],"replies":[{"embeddable":true,"href":"https:\/\/www.europesays.com\/fr\/wp-json\/wp\/v2\/comments?post=176840"}],"version-history":[{"count":0,"href":"https:\/\/www.europesays.com\/fr\/wp-json\/wp\/v2\/posts\/176840\/revisions"}],"wp:featuredmedia":[{"embeddable":true,"href":"https:\/\/www.europesays.com\/fr\/wp-json\/wp\/v2\/media\/176841"}],"wp:attachment":[{"href":"https:\/\/www.europesays.com\/fr\/wp-json\/wp\/v2\/media?parent=176840"}],"wp:term":[{"taxonomy":"category","embeddable":true,"href":"https:\/\/www.europesays.com\/fr\/wp-json\/wp\/v2\/categories?post=176840"},{"taxonomy":"post_tag","embeddable":true,"href":"https:\/\/www.europesays.com\/fr\/wp-json\/wp\/v2\/tags?post=176840"}],"curies":[{"name":"wp","href":"https:\/\/api.w.org\/{rel}","templated":true}]}}