{"id":176845,"date":"2025-06-14T21:36:32","date_gmt":"2025-06-14T21:36:32","guid":{"rendered":"https:\/\/www.europesays.com\/fr\/176845\/"},"modified":"2025-06-14T21:36:32","modified_gmt":"2025-06-14T21:36:32","slug":"le-coup-de-pression-des-elus-lorrains-sur-olivier-faure","status":"publish","type":"post","link":"https:\/\/www.europesays.com\/fr\/176845\/","title":{"rendered":"le coup de pression des \u00e9lus lorrains sur Olivier Faure"},"content":{"rendered":"<p>Un pr\u00e9ambule muscl\u00e9 \u00e0 sa prise de fonction. Deux \u00e9lus meurthe-et-mosellans se sont succ\u00e9d\u00e9 \u00e0 la tribune ce samedi 14\u00a0juin, pour le deuxi\u00e8me jour du congr\u00e8s national du Part socialiste qui devait voir la ratification des votes des 27\u00a0mai et 5\u00a0juin. La confirmation, en somme, de la r\u00e9\u00e9lection d\u2019<a href=\"https:\/\/www.vosgesmatin.fr\/p\/olivier-faure\" target=\"_blank\" rel=\"noopener\">Olivier Faure<\/a> au poste de 1er secr\u00e9taire du PS. Face \u00e0 une assembl\u00e9e de militants plut\u00f4t clairsem\u00e9e, <a href=\"https:\/\/www.vosgesmatin.fr\/p\/chaynesse-khirouni\" target=\"_blank\" rel=\"noopener\">Chaynesse Khirouni<\/a> a ouvert le ban faisant tonner sa voix dans l\u2019immense salle des pl\u00e9ni\u00e8res du Centre Jean-Prouv\u00e9 de Nancy, ville socialiste depuis 2020.<\/p>\n<p>\u00ab\u00a0Une gauche unie et r\u00e9solue\u00a0\u00bb<\/p>\n<p>La pr\u00e9sidente du conseil d\u00e9partemental de Meurthe-et-Moselle, seule femme \u00e0 la t\u00eate d\u2019un ex\u00e9cutif territorial, jouait \u00e0 domicile et n\u2019a pas manqu\u00e9 de citer en exemple son territoire, bastion de gauche devenu \u00ab\u00a0\u00eelot de r\u00e9sistance\u00a0\u00bb sous la pouss\u00e9e des extr\u00eames. \u00ab\u00a0Depuis 1998, le d\u00e9partement&#8230;<\/p>\n","protected":false},"excerpt":{"rendered":"Un pr\u00e9ambule muscl\u00e9 \u00e0 sa prise de fonction. Deux \u00e9lus meurthe-et-mosellans se sont succ\u00e9d\u00e9 \u00e0 la tribune ce&hellip;\n","protected":false},"author":2,"featured_media":176846,"comment_status":"","ping_status":"","sticky":false,"template":"","format":"standard","meta":{"footnotes":""},"categories":[9635],"tags":[1111,11,1777,674,1011,27,775,2338,3539,1702,12,8387,3541,316,1078,3456,25],"class_list":{"0":"post-176845","1":"post","2":"type-post","3":"status-publish","4":"format-standard","5":"has-post-thumbnail","7":"category-nancy","8":"tag-actu","9":"tag-actualites","10":"tag-eu","11":"tag-europe","12":"tag-fr","13":"tag-france","14":"tag-grand-est","15":"tag-la-france-insoumise","16":"tag-les-ecologistes","17":"tag-nancy","18":"tag-news","19":"tag-parti-communiste","20":"tag-parti-socialiste","21":"tag-politique","22":"tag-rassemblement-national","23":"tag-region-lorraine","24":"tag-republique-francaise"},"share_on_mastodon":{"url":"https:\/\/pubeurope.com\/@fr\/114683877002045579","error":""},"_links":{"self":[{"href":"https:\/\/www.europesays.com\/fr\/wp-json\/wp\/v2\/posts\/176845","targetHints":{"allow":["GET"]}}],"collection":[{"href":"https:\/\/www.europesays.com\/fr\/wp-json\/wp\/v2\/posts"}],"about":[{"href":"https:\/\/www.europesays.com\/fr\/wp-json\/wp\/v2\/types\/post"}],"author":[{"embeddable":true,"href":"https:\/\/www.europesays.com\/fr\/wp-json\/wp\/v2\/users\/2"}],"replies":[{"embeddable":true,"href":"https:\/\/www.europesays.com\/fr\/wp-json\/wp\/v2\/comments?post=176845"}],"version-history":[{"count":0,"href":"https:\/\/www.europesays.com\/fr\/wp-json\/wp\/v2\/posts\/176845\/revisions"}],"wp:featuredmedia":[{"embeddable":true,"href":"https:\/\/www.europesays.com\/fr\/wp-json\/wp\/v2\/media\/176846"}],"wp:attachment":[{"href":"https:\/\/www.europesays.com\/fr\/wp-json\/wp\/v2\/media?parent=176845"}],"wp:term":[{"taxonomy":"category","embeddable":true,"href":"https:\/\/www.europesays.com\/fr\/wp-json\/wp\/v2\/categories?post=176845"},{"taxonomy":"post_tag","embeddable":true,"href":"https:\/\/www.europesays.com\/fr\/wp-json\/wp\/v2\/tags?post=176845"}],"curies":[{"name":"wp","href":"https:\/\/api.w.org\/{rel}","templated":true}]}}