{"id":176847,"date":"2025-06-14T21:37:31","date_gmt":"2025-06-14T21:37:31","guid":{"rendered":"https:\/\/www.europesays.com\/fr\/176847\/"},"modified":"2025-06-14T21:37:31","modified_gmt":"2025-06-14T21:37:31","slug":"le-coup-de-pression-des-elus-lorrains-sur-olivier-faure-2","status":"publish","type":"post","link":"https:\/\/www.europesays.com\/fr\/176847\/","title":{"rendered":"le coup de pression des \u00e9lus lorrains sur Olivier Faure"},"content":{"rendered":"<p>Un pr\u00e9ambule muscl\u00e9 \u00e0 sa prise de fonction. Deux \u00e9lus meurthe-et-mosellans se sont succ\u00e9d\u00e9 \u00e0 la tribune ce samedi 14\u00a0juin, pour le deuxi\u00e8me jour du congr\u00e8s national du Part socialiste qui devait voir la ratification des votes des 27\u00a0mai et 5\u00a0juin. La confirmation, en somme, de la r\u00e9\u00e9lection d\u2019<a href=\"https:\/\/www.estrepublicain.fr\/p\/olivier-faure\" target=\"_blank\" rel=\"noopener\">Olivier Faure<\/a> au poste de 1er secr\u00e9taire du PS. Face \u00e0 une assembl\u00e9e de militants plut\u00f4t clairsem\u00e9e, <a href=\"https:\/\/www.estrepublicain.fr\/p\/chaynesse-khirouni\" target=\"_blank\" rel=\"noopener\">Chaynesse Khirouni<\/a> a ouvert le ban faisant tonner sa voix dans l\u2019immense salle des pl\u00e9ni\u00e8res du Centre Jean-Prouv\u00e9 de Nancy, ville socialiste depuis 2020.<\/p>\n<p>  \u00ab\u00a0Une gauche unie et r\u00e9solue\u00a0\u00bb<\/p>\n<p>La pr\u00e9sidente du conseil d\u00e9partemental de Meurthe-et-Moselle, seule femme \u00e0 la t\u00eate d\u2019un ex\u00e9cutif territorial, jouait \u00e0 domicile et n\u2019a pas manqu\u00e9 de citer en exemple son territoire, bastion de gauche devenu \u00ab\u00a0\u00eelot de r\u00e9sistance\u00a0\u00bb sous la pouss\u00e9e des extr\u00eames. \u00ab\u00a0Depuis 1998, le d\u00e9partement est dirig\u00e9 par la gauche, par les socialistes. Une gauche unie et r\u00e9solue. Une gauche qui prouve que la R\u00e9publique peut encore changer la vie\u00a0\u00bb, a scand\u00e9 Chaynesse Khirouni. Un exemple \u00e0 suivre en quelque sorte par un <a href=\"https:\/\/www.estrepublicain.fr\/politique\/2025\/06\/13\/olivier-faure-au-81-e-congres-du-ps-a-nancy-il-faut-que-s-acheve-le-bal-des-ego\" target=\"_blank\" rel=\"noopener\">Olivier Faure qui pr\u00f4ne une alliance des forces de gauches dans l\u2019arc Glucksmann (Place publique)-Ruffin (ex-LFI)<\/a>. Poursuivant, <a href=\"https:\/\/www.estrepublicain.fr\/politique\/2024\/04\/08\/chaynesse-khirouni-quand-c-est-flou-c-est-qu-il-y-a-un-loup\" target=\"_blank\" rel=\"noopener\">Chaynesse Khirouni<\/a> a appel\u00e9 \u00e0 l\u00e2cher les divisions raviv\u00e9es par l\u2019\u00e9lection interne du PS\u00a0: \u00ab\u00a0Nous devons r\u00e9solument, collectivement, r\u00e9pondre \u00e0 l\u2019exigence de construire ensemble, de rassembler et de mobiliser avec humilit\u00e9 au-del\u00e0 de nos diff\u00e9rences, voire de nos divergences.\u00a0\u00bb<\/p>\n<p>  Le congr\u00e8s du \u00ab\u00a0courage\u00a0\u00bb<\/p>\n<p>Un v\u0153u partag\u00e9 par le maire de Nancy et pr\u00e9sident de la M\u00e9tropole du Grand Nancy. Dans le camp Faure, <a href=\"https:\/\/www.estrepublicain.fr\/p\/mathieu-klein\" target=\"_blank\" rel=\"noopener\">Mathieu Klein<\/a> veut croire, lui aussi, en un sursaut d\u2019un PS fractionn\u00e9\u00a0: \u00ab\u00a0Ce congr\u00e8s doit \u00eatre celui du courage, de l\u2019unit\u00e9 des socialistes. La gauche que les Fran\u00e7ais attendent en 2027 est celle qui anime dans presque toutes nos collectivit\u00e9s, des majorit\u00e9s compos\u00e9es d\u2018\u00e9lus issus de la soci\u00e9t\u00e9 civile, socialistes, communistes, \u00e9cologistes\u2026 Une gauche plurielle qui ne renonce jamais \u00e0 son id\u00e9al. Le Parti socialiste est aussi un parti de construction, de rassemblement, qui l\u2019a prouv\u00e9 dans son histoire. Alors, il ne s\u2019agit pas d\u2019oublier nos id\u00e9es respectives, il s\u2019agit de leur donner un centre, une coalition au service d\u2019un peuple qui attend autre chose que des postures.\u00a0\u00bb<\/p>\n<p>  Arr\u00eater le cabotage<\/p>\n<p>Exhorter \u00e0 faire fi des antagonismes peut-il suffire \u00e0 soigner un parti d\u00e9bord\u00e9 par les extr\u00eames et \u00e9rod\u00e9 par les \u00e9checs \u00e9lectoraux\u00a0? Pas certain. Les courants contraires se sont r\u00e9v\u00e9l\u00e9s puissants ces derniers mois au sein du PS. Le chemin de la recomposition est parsem\u00e9 d\u2019\u00e9pines pour Olivier Faure \u00e0 qui il est, notamment, reproch\u00e9 une position confuse vis-\u00e0-vis de LFI (La France insoumise). Soutien du maire de Rouen et adversaire d\u2019Olivier Faure, <a href=\"https:\/\/www.estrepublicain.fr\/p\/nicolas-mayer-rossignol\" target=\"_blank\" rel=\"noopener\">Nicolas Mayer-Rossignol<\/a> (49,1\u00a0% des suffrages le 5\u00a0juin), <a href=\"https:\/\/www.estrepublicain.fr\/elections\/2024\/07\/07\/dominique-potier-l-emporte-largement-face-a-louis-joseph-pecher-dans-la-5e-circonscription\" target=\"_blank\" rel=\"noopener\">Dominique Potier<\/a> , d\u00e9put\u00e9 PS de Meurthe-et-Moselle et \u00e9lu du monde rural o\u00f9 le Rassemblement national (RN) prosp\u00e8re, estime que \u00ab\u00a0pour arr\u00eater le cabotage et prendre le large\u00a0\u00bb, le PS aurait ainsi \u00ab\u00a0besoin de la plus grande clart\u00e9 sur la question europ\u00e9enne et sur la R\u00e9publique\u00a0\u00bb. \u00ab\u00a0Il faut qu\u2019Olivier Faure annonce clairement la fin de l\u2019emprise de LFI sur le destin du socialisme d\u00e9mocratique\u00a0\u00bb, ass\u00e8ne le parlementaire qui juge\u00a0: \u00ab\u00a0Pour l\u2019instant, il cultive l\u2019ambigu\u00eft\u00e9 et cette ambigu\u00eft\u00e9 nous co\u00fbte tr\u00e8s cher, notamment dans les milieux ruraux et populaires.\u00a0\u00bb<\/p>\n<p>  \u00ab\u00a0Une gestion clanique\u00a0\u00bb<\/p>\n<p>Autre voix hostile, celle de <a href=\"https:\/\/www.republicain-lorrain.fr\/politique\/2023\/09\/25\/michael-weber-maire-de-woelfling-senateur-ps-federateur\" target=\"_blank\" rel=\"noopener\"> Micka\u00ebl Weber, s\u00e9nateur mosellan et 1er secr\u00e9taire du PS en Moselle<\/a>. L\u2019\u00e9lu rang\u00e9 derri\u00e8re <a href=\"https:\/\/www.estrepublicain.fr\/p\/boris-vallaud\" target=\"_blank\" rel=\"noopener\">Boris Vallaud<\/a>, le d\u00e9put\u00e9 des Landes \u00e9limin\u00e9 au 1er tour du scrutin interne, ne m\u00e9nage pas un Olivier Faure qu\u2019il consid\u00e8re \u00ab\u00a0affaibli\u00a0\u00bb\u00a0: \u00ab\u00a0L\u2019unit\u00e9 n\u2019aurait \u00e9t\u00e9 possible que dans le changement. Jusqu\u2019\u00e0 pr\u00e9sent, Olivier Faure et son \u00e9quipe ont eu un comportement et une gestion clanique du parti. Aujourd\u2019hui, on ne peut pas vouloir la synth\u00e8se en demandant \u00e0 chacun de renoncer \u00e0 ce qu\u2019il est. Cela ne peut se faire que dans le respect des divergences de vues. Et en ayant bien compris que la ligne propos\u00e9e par Olivier Faure n\u2019est pas majoritaire. On ne peut pas pr\u00e9tendre unir la France, si l\u2019on n\u2019arrive pas \u00e0 unir le parti.\u00a0\u00bb Olivier Faure sera-t-il en capacit\u00e9 de recoller les morceaux d\u2019un PS \u00e9parpill\u00e9\u00a0? R\u00e9ponse, peut-\u00eatre, ce dimanche matin, lors de son discours d\u2019installation et de cl\u00f4ture du congr\u00e8s.<\/p>\n","protected":false},"excerpt":{"rendered":"Un pr\u00e9ambule muscl\u00e9 \u00e0 sa prise de fonction. Deux \u00e9lus meurthe-et-mosellans se sont succ\u00e9d\u00e9 \u00e0 la tribune ce&hellip;\n","protected":false},"author":2,"featured_media":176846,"comment_status":"","ping_status":"","sticky":false,"template":"","format":"standard","meta":{"footnotes":""},"categories":[9635],"tags":[1111,11,1704,1777,674,1011,27,775,2338,3539,3457,1702,1703,12,8387,3541,316,1078,3456,25],"class_list":{"0":"post-176847","1":"post","2":"type-post","3":"status-publish","4":"format-standard","5":"has-post-thumbnail","7":"category-nancy","8":"tag-actu","9":"tag-actualites","10":"tag-edition-nancy-et-agglomeration","11":"tag-eu","12":"tag-europe","13":"tag-fr","14":"tag-france","15":"tag-grand-est","16":"tag-la-france-insoumise","17":"tag-les-ecologistes","18":"tag-meurthe-et-moselle","19":"tag-nancy","20":"tag-nancy-ville-54b","21":"tag-news","22":"tag-parti-communiste","23":"tag-parti-socialiste","24":"tag-politique","25":"tag-rassemblement-national","26":"tag-region-lorraine","27":"tag-republique-francaise"},"share_on_mastodon":{"url":"https:\/\/pubeurope.com\/@fr\/114683880646580517","error":""},"_links":{"self":[{"href":"https:\/\/www.europesays.com\/fr\/wp-json\/wp\/v2\/posts\/176847","targetHints":{"allow":["GET"]}}],"collection":[{"href":"https:\/\/www.europesays.com\/fr\/wp-json\/wp\/v2\/posts"}],"about":[{"href":"https:\/\/www.europesays.com\/fr\/wp-json\/wp\/v2\/types\/post"}],"author":[{"embeddable":true,"href":"https:\/\/www.europesays.com\/fr\/wp-json\/wp\/v2\/users\/2"}],"replies":[{"embeddable":true,"href":"https:\/\/www.europesays.com\/fr\/wp-json\/wp\/v2\/comments?post=176847"}],"version-history":[{"count":0,"href":"https:\/\/www.europesays.com\/fr\/wp-json\/wp\/v2\/posts\/176847\/revisions"}],"wp:featuredmedia":[{"embeddable":true,"href":"https:\/\/www.europesays.com\/fr\/wp-json\/wp\/v2\/media\/176846"}],"wp:attachment":[{"href":"https:\/\/www.europesays.com\/fr\/wp-json\/wp\/v2\/media?parent=176847"}],"wp:term":[{"taxonomy":"category","embeddable":true,"href":"https:\/\/www.europesays.com\/fr\/wp-json\/wp\/v2\/categories?post=176847"},{"taxonomy":"post_tag","embeddable":true,"href":"https:\/\/www.europesays.com\/fr\/wp-json\/wp\/v2\/tags?post=176847"}],"curies":[{"name":"wp","href":"https:\/\/api.w.org\/{rel}","templated":true}]}}