{"id":176848,"date":"2025-06-14T21:38:12","date_gmt":"2025-06-14T21:38:12","guid":{"rendered":"https:\/\/www.europesays.com\/fr\/176848\/"},"modified":"2025-06-14T21:38:12","modified_gmt":"2025-06-14T21:38:12","slug":"a-toulon-entre-2-000-et-4-000-personnes-ont-defile-a-la-marche-des-fiertes","status":"publish","type":"post","link":"https:\/\/www.europesays.com\/fr\/176848\/","title":{"rendered":"A Toulon, entre 2.000 et 4.000 personnes ont d\u00e9fil\u00e9 \u00e0 la marche des fiert\u00e9s"},"content":{"rendered":"<p>La marche des fiert\u00e9s \u00e0 Toulon a une nouvelle fois enflamm\u00e9 les rues de la capitale varoise pour la Pride. De la place d\u2019Armes au boulevard de Strasbourg en passant par l\u2019avenue de la R\u00e9publique, plusieurs milliers de personnes ont d\u00e9fil\u00e9 pour d\u00e9fendre les droits de la communaut\u00e9 LGBTQIA + (1), ce samedi d\u00e8s 17h, en marge de la quinzaine des fiert\u00e9s organis\u00e9e \u00e0 Toulon.<\/p>\n<p>Un temps solennel, avec notamment la tenue d\u2019un sitting en hommage aux victimes de l\u2019homophobie du monde entier, ce moment fut surtout tr\u00e8s festif, constituant le point d\u2019orgue des nombreuses manifestations impuls\u00e9es par le collectif Fiert\u00e9s Toulon depuis le 30 mai dernier.<\/p>\n<p>              <img ci-src=\"https:\/\/www.varmatin.com\/vie-locale\/protec\/DATA_ART_15717783-uTXbzN8c.jpg?vh=ca8fbe&amp;ci_seal=b408ee2122\" alt=\"\"\/><br \/>\n         <strong>Luc Boutria (Nice-Matin).<\/strong> <\/p>\n<p>Guid\u00e9s par deux chars, des animatrices et des DJ rassembleurs, les participants ont ainsi fait le tour du centre-ville avec leurs pancartes, drapeaux arc-en-ciel et autres accessoires. Ils \u00e9taient plus de 2.200 selon les forces de l\u2019ordre, et pr\u00e8s de 4.000 d\u2019apr\u00e8s les organisateurs.<\/p>\n<p><strong>\u00ab\u00a0Une bataille sociale et une f\u00eate\u00a0\u00bb<\/strong><\/p>\n<p>Cl\u00e9mence, venue avec sa compagne Alyson, faisait partie du cort\u00e8ge: \u00ab\u00a0C\u2019est important d\u2019\u00eatre l\u00e0. \u00c7a montre qu\u2019on existe et \u00e7a nous donne de la visibilit\u00e9, car on reste une minorit\u00e9 assez ignor\u00e9e. Il faut monter la fiert\u00e9 qu\u2019on a de notre histoire, de la communaut\u00e9, et faire comprendre aux gens qu\u2019on ne va pas \u00ab s\u2019\u00e9vanouir\u00a0\u00bb pour le confort des autres. C\u2019est \u00e0 la fois une bataille sociale et une f\u00eate! \u00ab\u00a0<\/p>\n<p>              <img ci-src=\"https:\/\/www.varmatin.com\/vie-locale\/protec\/DATA_ART_15717793-JYb59KSy.jpg?vh=c9e30a&amp;ci_seal=77d445d7ac\" alt=\"\"\/><br \/>\n        Entre 2 000 et 4 000 personnes ont d\u00e9fil\u00e9 ce week-end dans les rues toulonnaises. Photos Luc Boutria <strong>Luc Boutria (Nice-Matin).<\/strong> <\/p>\n<p>Avant de se poursuivre sur la place de l\u2019\u00c9querre et dans la discoth\u00e8que du Boy\u2019s paradise, plus tard dans la soir\u00e9e, les festivit\u00e9s furent en effet belles au pied du Faron.<\/p>\n<p>Si bien que m\u00eame les supporters du Castres olympique, venus assister au match de rugby du soir contre Toulon, se sont un instant rapproch\u00e9s du cort\u00e8ge en chantant avec leurs drapeaux et tambours. <strong>Une image aussi insolite que bon enfant.<\/strong><\/p>\n<p>              <img ci-src=\"https:\/\/www.varmatin.com\/vie-locale\/protec\/DATA_ART_15717792-FFyf3sTB.jpg?vh=279b1d&amp;ci_seal=38e30757b7\" alt=\"\"\/><br \/>\n        L\u00e9gende Web uniquement. <strong>Luc Boutria (Nice-Matin).<\/strong> <\/p>\n<p>\u00ab\u00a0Tout le monde est le bienvenu, assurait S\u00e9bastien, touriste britannique ayant d\u00e9laiss\u00e9 sa campagne anglaise pour le soleil varois. C\u2019est tr\u00e8s important d\u2019avoir \u00e7a pour c\u00e9l\u00e9brer qui nous sommes et l\u2019identit\u00e9 des membres de la communaut\u00e9. Pas seulement \u00e0 Toulon ou en France, mais dans le monde. \u00c7a permet d\u2019attirer l\u2019attention du grand public.\u00a0\u00bb<\/p>\n<p>Ce fut chose faite. Ce samedi apr\u00e8s-midi, les Toulonnais du centre-ville ont forc\u00e9ment vu ou entendu tous ces gens, fiers, venus c\u00e9l\u00e9brer la diversit\u00e9.<\/p>\n<p>1. Les lesbiennes, les gays, les bisexuels, les transgenres, les queers, les intersexes, les asexuels\u2026<\/p>\n","protected":false},"excerpt":{"rendered":"La marche des fiert\u00e9s \u00e0 Toulon a une nouvelle fois enflamm\u00e9 les rues de la capitale varoise pour&hellip;\n","protected":false},"author":2,"featured_media":176849,"comment_status":"","ping_status":"","sticky":false,"template":"","format":"standard","meta":{"footnotes":""},"categories":[9619],"tags":[1111,11,1777,674,1011,27,12,882,25,2310,3366],"class_list":{"0":"post-176848","1":"post","2":"type-post","3":"status-publish","4":"format-standard","5":"has-post-thumbnail","7":"category-toulon","8":"tag-actu","9":"tag-actualites","10":"tag-eu","11":"tag-europe","12":"tag-fr","13":"tag-france","14":"tag-news","15":"tag-provence-alpes-cote-dazur","16":"tag-republique-francaise","17":"tag-toulon","18":"tag-vie-locale"},"share_on_mastodon":{"url":"https:\/\/pubeurope.com\/@fr\/114683884582772518","error":""},"_links":{"self":[{"href":"https:\/\/www.europesays.com\/fr\/wp-json\/wp\/v2\/posts\/176848","targetHints":{"allow":["GET"]}}],"collection":[{"href":"https:\/\/www.europesays.com\/fr\/wp-json\/wp\/v2\/posts"}],"about":[{"href":"https:\/\/www.europesays.com\/fr\/wp-json\/wp\/v2\/types\/post"}],"author":[{"embeddable":true,"href":"https:\/\/www.europesays.com\/fr\/wp-json\/wp\/v2\/users\/2"}],"replies":[{"embeddable":true,"href":"https:\/\/www.europesays.com\/fr\/wp-json\/wp\/v2\/comments?post=176848"}],"version-history":[{"count":0,"href":"https:\/\/www.europesays.com\/fr\/wp-json\/wp\/v2\/posts\/176848\/revisions"}],"wp:featuredmedia":[{"embeddable":true,"href":"https:\/\/www.europesays.com\/fr\/wp-json\/wp\/v2\/media\/176849"}],"wp:attachment":[{"href":"https:\/\/www.europesays.com\/fr\/wp-json\/wp\/v2\/media?parent=176848"}],"wp:term":[{"taxonomy":"category","embeddable":true,"href":"https:\/\/www.europesays.com\/fr\/wp-json\/wp\/v2\/categories?post=176848"},{"taxonomy":"post_tag","embeddable":true,"href":"https:\/\/www.europesays.com\/fr\/wp-json\/wp\/v2\/tags?post=176848"}],"curies":[{"name":"wp","href":"https:\/\/api.w.org\/{rel}","templated":true}]}}