{"id":17685,"date":"2025-04-11T16:05:14","date_gmt":"2025-04-11T16:05:14","guid":{"rendered":"https:\/\/www.europesays.com\/fr\/17685\/"},"modified":"2025-04-11T16:05:14","modified_gmt":"2025-04-11T16:05:14","slug":"aviateur-tue-dans-un-accident-il-y-a-56-ans-la-justice-nantaise-balaie-la-these-de","status":"publish","type":"post","link":"https:\/\/www.europesays.com\/fr\/17685\/","title":{"rendered":"Aviateur tu\u00e9 dans un accident il y a 56\u00a0ans\u00a0: la justice nantaise balaie la th\u00e8se de"},"content":{"rendered":"<tr wp_automatic_readability=\"5.890243902439\">\n<td valign=\"middle\" align=\"center\" class=\"col-logo\" wp_automatic_readability=\"5\">\n    <img decoding=\"async\" src=\"https:\/\/www.europesays.com\/fr\/wp-content\/uploads\/2025\/04\/logo-of-monetise.svg\" alt=\"logo Ouest-France\" height=\"66\"\/><\/p>\n<p>Contenu r\u00e9serv\u00e9 aux abonn\u00e9s<\/p>\n<\/td>\n<td class=\"col-titre\">\n\t\t\tJeudi 10 avril 2025 19:26<br \/>\n\t\t\t<a class=\"icon-bulle sizeL count\" href=\"#ancreAvis\"><br \/>\n\t&#8230;<br \/>\n<\/a><\/td>\n<\/tr>\n<p>\t\t<a class=\"mavillebox2 elmt-photo\" href=\"https:\/\/maville.com\/photosmvi\/2025\/04\/10\/P35163298D6759822G.jpg\" title=\" Maryvonne, veuve de Gilbert Br\u00e9ant, et son fils Charles, au c\u00f4t\u00e9 de leur avocat Bertrand Salquain, mardi 11\u00a0mars 2025, au tribunal administratif de Nantes.  \u00a9  Archives Ouest-France  &lt;!--TAG-BLC credit--&gt;\" rel=\"galerie_actu noopener\" target=\"_blank\"><br \/>\n\t<img decoding=\"async\" src=\"https:\/\/www.europesays.com\/fr\/wp-content\/uploads\/2025\/04\/P35163298D6759822G_crop_640-330_.jpg\" alt=\"photo  maryvonne, veuve de gilbert br\u00e9ant, et son fils charles, au c\u00f4t\u00e9 de leur avocat bertrand salquain, mardi 11\u00a0mars 2025, au tribunal administratif de nantes.  \u00a9  archives ouest-france \"\/><br \/>\n\t1<br \/>\n<\/a><\/p>\n<p class=\"elmt-legende\"> Maryvonne, veuve de Gilbert Br\u00e9ant, et son fils Charles, au c\u00f4t\u00e9 de leur avocat Bertrand Salquain, mardi 11\u00a0mars 2025, au tribunal administratif de Nantes.  \u00a9  Archives Ouest-France  <\/p>\n<p>\t\tLa veuve de Gilbert Br\u00e9ant et ses soutiens viennent de perdre une bataille devant le tribunal administratif de Nantes. \u00ab\u00a0Faute d\u2019\u00e9l\u00e9ment probant\u00a0\u00bb, il exclut toute responsabilit\u00e9 de l\u2019arm\u00e9e fran\u00e7aise dans la disparition de l\u2019aviateur, dans des circonstances troubles, en\u00a0mars\u00a01969, au large de l\u2019\u00c9gypte. La famille, install\u00e9e \u00e0 Angers, va faire appel.<\/p>\n<p><b>Cet article est r\u00e9serv\u00e9 aux abonn\u00e9s<\/b><\/p>\n<p>Pour un acc\u00e8s imm\u00e9diat, abonnez-vous<\/p>\n<p><b>1\u00e8re semaine offerte<\/b><\/p>\n<p>\t\t Kevin GRETHEN. \u00a0\u00a0<br \/>\n\t\tOuest-France<\/p>\n<p>Retrouvez d&rsquo;autres actus sur les communes de :<\/p>\n<p>\t\t&#13;<\/p>\n","protected":false},"excerpt":{"rendered":"Contenu r\u00e9serv\u00e9 aux abonn\u00e9s Jeudi 10 avril 2025 19:26 &#8230; 1 Maryvonne, veuve de Gilbert Br\u00e9ant, et son&hellip;\n","protected":false},"author":2,"featured_media":17686,"comment_status":"","ping_status":"","sticky":false,"template":"","format":"standard","meta":{"footnotes":""},"categories":[2818],"tags":[7126,119,1111,11,1764,3575,7128,4777,1777,674,1011,27,303,7127,766,12,2636,25,7129,5911],"class_list":{"0":"post-17685","1":"post","2":"type-post","3":"status-publish","4":"format-standard","5":"has-post-thumbnail","7":"category-nantes","8":"tag-7126","9":"tag-accident","10":"tag-actu","11":"tag-actualites","12":"tag-ans","13":"tag-aviateur","14":"tag-balaie","15":"tag-espionnage","16":"tag-eu","17":"tag-europe","18":"tag-fr","19":"tag-france","20":"tag-justice","21":"tag-nantaise","22":"tag-nantes","23":"tag-news","24":"tag-pays-de-la-loire","25":"tag-republique-francaise","26":"tag-these","27":"tag-tue"},"share_on_mastodon":{"url":"https:\/\/pubeurope.com\/@fr\/114320187452761851","error":""},"_links":{"self":[{"href":"https:\/\/www.europesays.com\/fr\/wp-json\/wp\/v2\/posts\/17685","targetHints":{"allow":["GET"]}}],"collection":[{"href":"https:\/\/www.europesays.com\/fr\/wp-json\/wp\/v2\/posts"}],"about":[{"href":"https:\/\/www.europesays.com\/fr\/wp-json\/wp\/v2\/types\/post"}],"author":[{"embeddable":true,"href":"https:\/\/www.europesays.com\/fr\/wp-json\/wp\/v2\/users\/2"}],"replies":[{"embeddable":true,"href":"https:\/\/www.europesays.com\/fr\/wp-json\/wp\/v2\/comments?post=17685"}],"version-history":[{"count":0,"href":"https:\/\/www.europesays.com\/fr\/wp-json\/wp\/v2\/posts\/17685\/revisions"}],"wp:featuredmedia":[{"embeddable":true,"href":"https:\/\/www.europesays.com\/fr\/wp-json\/wp\/v2\/media\/17686"}],"wp:attachment":[{"href":"https:\/\/www.europesays.com\/fr\/wp-json\/wp\/v2\/media?parent=17685"}],"wp:term":[{"taxonomy":"category","embeddable":true,"href":"https:\/\/www.europesays.com\/fr\/wp-json\/wp\/v2\/categories?post=17685"},{"taxonomy":"post_tag","embeddable":true,"href":"https:\/\/www.europesays.com\/fr\/wp-json\/wp\/v2\/tags?post=17685"}],"curies":[{"name":"wp","href":"https:\/\/api.w.org\/{rel}","templated":true}]}}