{"id":176854,"date":"2025-06-14T21:41:10","date_gmt":"2025-06-14T21:41:10","guid":{"rendered":"https:\/\/www.europesays.com\/fr\/176854\/"},"modified":"2025-06-14T21:41:10","modified_gmt":"2025-06-14T21:41:10","slug":"trois-nageuses-brestoises-en-finale-nationale-et-un-record-de-france-pour-grousset-a-montpellier","status":"publish","type":"post","link":"https:\/\/www.europesays.com\/fr\/176854\/","title":{"rendered":"Trois nageuses brestoises en finale nationale et un record de France pour Grousset \u00e0 Montpellier"},"content":{"rendered":"<p>Championnats de France \u00e0 Montpellier<\/p>\n<p>Pas de podium breton, ce samedi \u00e0 Montpellier, pour la premi\u00e8re journ\u00e9e des championnats de France de natation. Trois nageuses du CN Brest se sont tout de m\u00eame qualifi\u00e9es en finale A de leur cat\u00e9gorie\u00a0: Louann Soulard en 200 m quatre nages (5e), Claire Bourse sur la m\u00eame course (7e) et Oriane Hita en 400 m nage libre (6e).<\/p>\n<p>Pas d\u2019exploit chez les hommes pour un autre Brestois, Amaury Albar, engag\u00e9 sur 50 m papillon et qui s\u2019est content\u00e9 d\u2019une 6e place en finale C.<\/p>\n<p>A noter, ce samedi, le record de France de Maxime Grousset sur 50 m papillon, de deux centi\u00e8mes, en 22\u2019\u201970, devant Michel Arkhangelsky et Nikita Baez. Il valide ainsi sa participation aux Championnats du monde \u00e0 Singapour cet \u00e9t\u00e9.<\/p>\n<p class=\"titre-tech\">Les principaux r\u00e9sultats<\/p>\n<p class=\"tech\"><strong class=\"tech\">FEMMES<\/strong><\/p>\n<p class=\"tech\"><strong class=\"tech\">200 m quatre nages\u00a0: <\/strong>1. Cyrielle Duhamel 2\u201911\u2019\u201906\u00a0; 2. C.Tissandie 2\u201913\u2019\u201992\u00a0; 3. G. Rossi-Bene 2\u201915\u2019\u201912\u00a0;&#8230;5. L. SOULARD (CN BREST) 2\u201916\u2019\u201908\u00a0;&#8230;7. C. BOURSE Claire (CN BREST) 2\u201919\u2019\u201989<\/p>\n<p class=\"tech\"><strong class=\"tech\">100 m papillon\u00a0: <\/strong>1. Lilou Ressencourt 58\u2019\u201902\u00a0; 2. M. Wattel 58\u2019\u201936\u00a0; 3. M. Jehl 59\u2019\u201946.<\/p>\n<p class=\"tech\"><strong class=\"tech\">400 m nage libre\u00a0: <\/strong>1. Anastasiia Kirpichnikova 4\u201907\u2019\u201974\u00a0; 2. L. Tessariol 4\u201911\u2019\u201958\u00a0; 3. V. Leclercq 4\u201914\u2019\u201915\u00a0;&#8230;6.O. HITA (CN BREST) 4\u201920\u2019\u201915.<\/p>\n<p class=\"tech\"><strong class=\"tech\">HOMMES<\/strong><\/p>\n<p class=\"tech\"><strong class=\"tech\">400 m nage libre\u00a0: <\/strong>1. Pierre Largeron 3\u201949\u2019\u201984\u00a0; 2. R. Raguenaud 3\u201950\u2019\u201964\u00a0; 3. T. Camblong 3\u201951\u2019\u201924.<\/p>\n<p class=\"tech\"><strong class=\"tech\">50 m papillon\u00a0: <\/strong>1. Maxime Grousset 22\u2019\u201970 (record de France)\u00a0; 2. N. Baez 23\u2019\u201923\u00a0; 3. C. Secchi 23\u2019\u201931. Finale C\u00a0: 6. A. ALBAR (CN BREST) 24\u2019\u201949<\/p>\n<p class=\"tech\"><strong class=\"tech\">100 m brasse\u00a0:<\/strong> 1. J\u00e9r\u00e9mie Delbois 1\u201900\u2019\u201917\u00a0; 2. C. Aitkaci 1\u201900\u2019\u201922\u00a0; 3. A. Viquerat 1\u201900\u2019\u201935. Finale B\u00a0:\u2026 5. T. MONTELEONE (CPB RENNES) 1\u201903\u2019\u201932.<\/p>\n","protected":false},"excerpt":{"rendered":"Championnats de France \u00e0 Montpellier Pas de podium breton, ce samedi \u00e0 Montpellier, pour la premi\u00e8re journ\u00e9e des&hellip;\n","protected":false},"author":2,"featured_media":176855,"comment_status":"","ping_status":"","sticky":false,"template":"","format":"standard","meta":{"footnotes":""},"categories":[9599],"tags":[1111,11,3450,3166,1777,674,1011,27,2208,5216,12,2680,25,60],"class_list":{"0":"post-176854","1":"post","2":"type-post","3":"status-publish","4":"format-standard","5":"has-post-thumbnail","7":"category-montpellier","8":"tag-actu","9":"tag-actualites","10":"tag-brest","11":"tag-en-continu-sports","12":"tag-eu","13":"tag-europe","14":"tag-fr","15":"tag-france","16":"tag-montpellier","17":"tag-natation","18":"tag-news","19":"tag-occitanie","20":"tag-republique-francaise","21":"tag-sports"},"share_on_mastodon":{"url":"https:\/\/pubeurope.com\/@fr\/114683896350904266","error":""},"_links":{"self":[{"href":"https:\/\/www.europesays.com\/fr\/wp-json\/wp\/v2\/posts\/176854","targetHints":{"allow":["GET"]}}],"collection":[{"href":"https:\/\/www.europesays.com\/fr\/wp-json\/wp\/v2\/posts"}],"about":[{"href":"https:\/\/www.europesays.com\/fr\/wp-json\/wp\/v2\/types\/post"}],"author":[{"embeddable":true,"href":"https:\/\/www.europesays.com\/fr\/wp-json\/wp\/v2\/users\/2"}],"replies":[{"embeddable":true,"href":"https:\/\/www.europesays.com\/fr\/wp-json\/wp\/v2\/comments?post=176854"}],"version-history":[{"count":0,"href":"https:\/\/www.europesays.com\/fr\/wp-json\/wp\/v2\/posts\/176854\/revisions"}],"wp:featuredmedia":[{"embeddable":true,"href":"https:\/\/www.europesays.com\/fr\/wp-json\/wp\/v2\/media\/176855"}],"wp:attachment":[{"href":"https:\/\/www.europesays.com\/fr\/wp-json\/wp\/v2\/media?parent=176854"}],"wp:term":[{"taxonomy":"category","embeddable":true,"href":"https:\/\/www.europesays.com\/fr\/wp-json\/wp\/v2\/categories?post=176854"},{"taxonomy":"post_tag","embeddable":true,"href":"https:\/\/www.europesays.com\/fr\/wp-json\/wp\/v2\/tags?post=176854"}],"curies":[{"name":"wp","href":"https:\/\/api.w.org\/{rel}","templated":true}]}}