{"id":176862,"date":"2025-06-14T21:47:14","date_gmt":"2025-06-14T21:47:14","guid":{"rendered":"https:\/\/www.europesays.com\/fr\/176862\/"},"modified":"2025-06-14T21:47:14","modified_gmt":"2025-06-14T21:47:14","slug":"on-se-tient-dans-un-mouchoir-de-poche-julian-chartier-et-pierre-gouzou-destins-croises-aux-championnats-de-france-de-gym-a-rennes","status":"publish","type":"post","link":"https:\/\/www.europesays.com\/fr\/176862\/","title":{"rendered":"\u00ab On se tient dans un mouchoir de poche \u00bb, Julian Chartier et Pierre Gouzou, destins crois\u00e9s aux championnats de France de gym \u00e0 Rennes"},"content":{"rendered":"<p>Championnats de France \u00e0 Rennes<\/p>\n<p>Ce samedi soir, dans la fournaise du hall 8 du Parc Expo de Rennes, tous les yeux \u00e9taient riv\u00e9s sur la finale de trampoline masculin. En perspective, un duel entre le Vannetais Julian Chartier, <a href=\"https:\/\/www.letelegramme.fr\/sports\/gymnastique\/le-vannetais-julian-chartier-champion-deurope-de-trampoline-avec-lequipe-de-france-6557987.php\" target=\"_blank\" rel=\"noopener\">champion d\u2019Europe<\/a> et <a href=\"https:\/\/www.letelegramme.fr\/morbihan\/vannes-56000\/coupe-du-monde-de-trampoline-au-portugal-le-vannetais-julian-chartier-remporte-la-medaille-dor-6622770.php\" target=\"_blank\" rel=\"noopener\">du monde avec l\u2019\u00e9quipe de France<\/a>. Et le Francilien, Pierre Gouzou, 6e en individuel en finale des JO de Paris 2024. Le duel a finalement souri au gymnaste de Bois-Colombes (92), qui, en passant en derni\u00e8re position, a profit\u00e9 de la chute du Breton, juste avant lui, pour s\u2019octroyer le titre de champion de France.<\/p>\n<p>\u00ab\u00a0On se tient dans un mouchoir de poche. On se tire la bourre, mais en dehors on est tr\u00e8s potes. On n\u2019\u00e9volue pas dans les m\u00eames p\u00f4les, mais c\u2019est toujours un plaisir de se voir en comp\u00e9tition\u00a0\u00bb, avouait le vainqueur du jour.<\/p>\n<p>\u00ab\u00a0On est hyper proches. \u00c7a fait un moment qu\u2019on fait des comp\u00e9titions ensemble. On se conna\u00eet par c\u0153ur, quand il y en a un qui gagne, on ne peut qu\u2019\u00eatre satisfait pour lui, c\u2019est de la bonne bataille\u00a0\u00bb, confirmait, en \u00e9cho, le Vannetais.<\/p>\n<p>\u00ab\u00a0J\u2019ai essay\u00e9 un mouvement un petit plus compliqu\u00e9\u00a0\u00bb<\/p>\n<p>Le local, champion de France en titre, \u00e9tait tout de m\u00eame frustr\u00e9 de sa prestation\u00a0: \u00ab\u00a0\u00c7a ne s\u2019est pas forc\u00e9ment pass\u00e9 comme je l\u2019attendais. Je n\u2019avais pas forc\u00e9ment de pression, j\u2019\u00e9tais assez d\u00e9tendu. J\u2019ai essay\u00e9 un mouvement un petit plus compliqu\u00e9, avec lequel je suis encore en calage, mais \u00e7a n\u2019est pas pass\u00e9 pour cette fois. Je suis forc\u00e9ment un peu d\u00e9\u00e7u car je voulais aller chercher un podium.\u00a0\u00bb<\/p>\n<p>Pour se consoler, le Breton a compost\u00e9 jeudi son ticket pour les Jeux mondiaux en Chine, au mois d\u2019ao\u00fbt, en duo avec Florestant Rioux\u00a0: \u00ab\u00a0C\u2019\u00e9tait un objectif un peu inesp\u00e9r\u00e9. On a recompos\u00e9 une paire \u00e0 la derni\u00e8re minute, sans avoir eu forc\u00e9ment le temps de s\u2019entra\u00eener avec Florestan. On a r\u00e9ussi \u00e0 se remobiliser au bon moment, et c\u2019est quand m\u00eame une belle note pour ce week-end\u00a0\u00bb.<\/p>\n<p>Une rivalit\u00e9 olympique<\/p>\n<p>Apr\u00e8s cette ann\u00e9e olympique, o\u00f9 Gouzou a particip\u00e9 \u00e0 l\u2019olympiade et pas Chartier, le retour \u00e0 la comp\u00e9tition a forc\u00e9ment \u00e9t\u00e9 diff\u00e9rent pour les deux hommes\u00a0: \u00ab\u00a0La vie ne change pas, m\u00eame si les autres nous voient un peu diff\u00e9remment, confie le finaliste olympique, qui a obtenu le deuxi\u00e8me meilleur classement de l\u2018histoire du trampoline fran\u00e7ais aux Jeux olympiques, avec sa sixi\u00e8me place. J\u2019essaie de rester le m\u00eame. Le plus dur, c\u2019est de garder cette constance. Il y a forc\u00e9ment eu une baisse de motivation les deux, trois mois qui ont suivi les Jeux, mais c\u2019est normal\u00a0\u00bb.<\/p>\n<p><img decoding=\"async\" src=\"https:\/\/www.europesays.com\/fr\/wp-content\/uploads\/2025\/06\/684dec7e04d900b05009c153.1.jpeg\" width=\"480\" height=\"300\" class=\"web_golden_m\" loading=\"lazy\" alt=\"Julian Chartier \u00e9tait d\u00e9\u00e7u apr\u00e8s son saut rat\u00e9 en finale.\"\/>Julian Chartier \u00e9tait d\u00e9\u00e7u apr\u00e8s son saut rat\u00e9 en finale. (Photo FFGym\/JMSP)<\/p>\n<p>\u00c0 l\u2019inverse, le Vannetais a d\u00fb dig\u00e9rer sa non-s\u00e9lection aux Jeux pour tenter de rebondir par la suite\u00a0: \u00ab\u00a0On r\u00e9ussit \u00e0 rebondir car il y a des objectifs qui arrivent rapidement. Les Jeux, c\u2019\u00e9tait un objectif qui a \u00e9t\u00e9 tr\u00e8s motivant pendant plusieurs ann\u00e9es. \u00c7a a \u00e9t\u00e9 dur d\u2019accepter de ne pas y aller, mais je suis pass\u00e9 \u00e0 autre chose.\u00a0\u00bb<\/p>\n<p>Au mois de mai, <a href=\"https:\/\/www.letelegramme.fr\/sports\/gymnastique\/julian-chartier-et-le-vannes-trampoline-uck-nef-sillustrent-avant-le-championnat-de-france-2025-a-rennes-6822343.php\" target=\"_blank\" rel=\"noopener\">Julian Chartier avait battu Pierre Gouzou, chez lui, \u00e0 Bois-Colombes<\/a>, lors des Masters de Trampoline. Les trois derniers championnats de France ont \u00e9t\u00e9 partag\u00e9s entre les deux comp\u00e8res, 2024 pour Chartier, 2023 et 2025 pour Gouzou. Ce dernier duel, conclu par une franche accolade entre les deux gymnastes, en appelle d\u2019autres toujours plus comp\u00e9titifs.<\/p>\n","protected":false},"excerpt":{"rendered":"Championnats de France \u00e0 Rennes Ce samedi soir, dans la fournaise du hall 8 du Parc Expo de&hellip;\n","protected":false},"author":2,"featured_media":176863,"comment_status":"","ping_status":"","sticky":false,"template":"","format":"standard","meta":{"footnotes":""},"categories":[2821],"tags":[1111,11,829,1777,674,1011,27,15465,12,584,25,60,3165],"class_list":{"0":"post-176862","1":"post","2":"type-post","3":"status-publish","4":"format-standard","5":"has-post-thumbnail","7":"category-rennes","8":"tag-actu","9":"tag-actualites","10":"tag-bretagne","11":"tag-eu","12":"tag-europe","13":"tag-fr","14":"tag-france","15":"tag-gymnastique","16":"tag-news","17":"tag-rennes","18":"tag-republique-francaise","19":"tag-sports","20":"tag-vannes"},"share_on_mastodon":{"url":"https:\/\/pubeurope.com\/@fr\/114683919928302248","error":""},"_links":{"self":[{"href":"https:\/\/www.europesays.com\/fr\/wp-json\/wp\/v2\/posts\/176862","targetHints":{"allow":["GET"]}}],"collection":[{"href":"https:\/\/www.europesays.com\/fr\/wp-json\/wp\/v2\/posts"}],"about":[{"href":"https:\/\/www.europesays.com\/fr\/wp-json\/wp\/v2\/types\/post"}],"author":[{"embeddable":true,"href":"https:\/\/www.europesays.com\/fr\/wp-json\/wp\/v2\/users\/2"}],"replies":[{"embeddable":true,"href":"https:\/\/www.europesays.com\/fr\/wp-json\/wp\/v2\/comments?post=176862"}],"version-history":[{"count":0,"href":"https:\/\/www.europesays.com\/fr\/wp-json\/wp\/v2\/posts\/176862\/revisions"}],"wp:featuredmedia":[{"embeddable":true,"href":"https:\/\/www.europesays.com\/fr\/wp-json\/wp\/v2\/media\/176863"}],"wp:attachment":[{"href":"https:\/\/www.europesays.com\/fr\/wp-json\/wp\/v2\/media?parent=176862"}],"wp:term":[{"taxonomy":"category","embeddable":true,"href":"https:\/\/www.europesays.com\/fr\/wp-json\/wp\/v2\/categories?post=176862"},{"taxonomy":"post_tag","embeddable":true,"href":"https:\/\/www.europesays.com\/fr\/wp-json\/wp\/v2\/tags?post=176862"}],"curies":[{"name":"wp","href":"https:\/\/api.w.org\/{rel}","templated":true}]}}