{"id":176865,"date":"2025-06-14T21:49:44","date_gmt":"2025-06-14T21:49:44","guid":{"rendered":"https:\/\/www.europesays.com\/fr\/176865\/"},"modified":"2025-06-14T21:49:44","modified_gmt":"2025-06-14T21:49:44","slug":"5-nouveaux-trams-illustres-sillonnent-strasbourg","status":"publish","type":"post","link":"https:\/\/www.europesays.com\/fr\/176865\/","title":{"rendered":"5 nouveaux trams illustr\u00e9s sillonnent Strasbourg"},"content":{"rendered":"<p><strong>C\u2019est avec succ\u00e8s que s\u2019est achev\u00e9, il y a quelques mois, l\u2019\u00e9v\u00e9nement Strasbourg, capitale mondiale du livre. Pour garder un souvenir de cette ann\u00e9e, 5 trams ont \u00e9t\u00e9 relook\u00e9s avec l\u2019aide d\u2019artistes de la r\u00e9gion. Mis en service depuis plusieurs semaines, ils resteront 5 ans en circulation. Pr\u00e9sentation.\u00a0<\/strong><\/p>\n<p style=\"text-align: left;\" align=\"justify\">Sillonnant inlassablement les rues de Strasbourg, il anime notre belle ville du matin jusqu\u2019\u00e0 minuit, permettant \u00e0 chacun(e)<strong>\u00a0d\u2019atteindre en un temps record (ou presque) sa destination dans l\u2019Eurom\u00e9tropole<\/strong>. Vous l\u2019avez devin\u00e9 : il s\u2019agit du tramway.<\/p>\n<p>    <img width=\"800\" height=\"534\" src=\"https:\/\/www.europesays.com\/fr\/wp-content\/uploads\/2025\/06\/dsc-0701-800x534.jpg\" class=\"attachment-image-size-L size-image-size-L\" alt=\"Tram Anouk Ricard 1 CTS\" decoding=\"async\" loading=\"lazy\"  \/>         \u00a9 Alice Kiefer \/ Pokaa <\/p>\n<p style=\"text-align: left;\" align=\"justify\">Du doux ronronnement du moteur aux voix qui annoncent les arr\u00eats, Strasbourg sonnerait bien diff\u00e9remment sans lui. D\u2019ailleurs, pratiques et hauts en couleur, <strong>les trams illustr\u00e9s sont nombreux \u00e0 arpenter le r\u00e9seau et \u00e0 \u00e9gayer la chauss\u00e9e. <\/strong><\/p>\n<p style=\"text-align: left;\" align=\"justify\"><strong>Et pour laisser une trace de Strasbourg, capitale mondiale du livre, 5 trams ont \u00e9t\u00e9 illustr\u00e9s gr\u00e2ce aux talents d\u2019artistes reconnu(e)s. <\/strong>Chacun(e) est intimement li\u00e9(e) \u00e0 la capitale alsacienne et ils et elles se sont inspir\u00e9(e)s des cinq axes d\u2019exploration du projet \u00ab Lire notre monde \u00bb.<\/p>\n<p>    <img width=\"800\" height=\"533\" src=\"https:\/\/www.europesays.com\/fr\/wp-content\/uploads\/2025\/06\/librairie-ex-libro-livres-6-800x533.jpg\" class=\"attachment-image-size-L size-image-size-L\" alt=\"Librairie Ex libro livres (6)\" decoding=\"async\" loading=\"lazy\"  \/>         \u00a9 Marie Goehner-David \/ Pokaa <\/p>\n<p>Strasbourg, ville amie des enfants\u00a0: par Serge Bloch<\/p>\n<p style=\"text-align: left;\" align=\"justify\"><strong>Notre promenade artistique d\u00e9bute avec la rencontre du tram illustr\u00e9 de Serge Bloch<\/strong>, un Alsacien \u00e0 qui nous devons notamment la s\u00e9rie de BD Max et Lili, d\u00e9di\u00e9e aux grandes questions que peuvent se poser les plus petit(e)s.<\/p>\n<p style=\"text-align: left;\" align=\"justify\">Les dessins et citations aussi amusantes que touchantes visibles sur son tramway <strong>nous plongent dans de douces r\u00e9flexions enfantines \u00e0 l\u2019accent alsacien<\/strong>.<\/p>\n<p>                <img width=\"749\" height=\"500\" src=\"https:\/\/www.europesays.com\/fr\/wp-content\/uploads\/2025\/06\/dsc-0601-749x500.jpg\" class=\"attachment-gallery size-gallery\" alt=\"Tram Serge Bloch 5 CTS\" data-full-url=\"https:\/\/pokaa.fr\/wp-content\/uploads\/2025\/06\/02\/dsc-0601-1500x1001.jpg\" decoding=\"async\" loading=\"lazy\"  \/>            <\/p>\n<p>                <img width=\"749\" height=\"500\" src=\"https:\/\/www.europesays.com\/fr\/wp-content\/uploads\/2025\/06\/dsc-0597-749x500.jpg\" class=\"attachment-gallery size-gallery\" alt=\"Tram Serge Bloch 6 CTS\" data-full-url=\"https:\/\/pokaa.fr\/wp-content\/uploads\/2025\/06\/02\/dsc-0597-1500x1001.jpg\" decoding=\"async\" loading=\"lazy\"  \/>            <\/p>\n<p>                <img width=\"667\" height=\"500\" src=\"https:\/\/www.europesays.com\/fr\/wp-content\/uploads\/2025\/06\/img-20250521-184230-667x500.jpg\" class=\"attachment-gallery size-gallery\" alt=\"Tram Serge Bloch 4 CTS\" data-full-url=\"https:\/\/pokaa.fr\/wp-content\/uploads\/2025\/06\/02\/img-20250521-184230-1500x1125.jpg\" decoding=\"async\" loading=\"lazy\"  \/>            <\/p>\n<p>                <img width=\"750\" height=\"500\" src=\"https:\/\/www.europesays.com\/fr\/wp-content\/uploads\/2025\/06\/img-20250521-184581-750x500.jpg\" class=\"attachment-gallery size-gallery\" alt=\"Tram Serge Bloch 1 CTS\" data-full-url=\"https:\/\/pokaa.fr\/wp-content\/uploads\/2025\/06\/02\/img-20250521-184581-1500x1000.jpg\" decoding=\"async\" loading=\"lazy\"  \/>            <\/p>\n<p>                <img width=\"667\" height=\"500\" src=\"https:\/\/www.europesays.com\/fr\/wp-content\/uploads\/2025\/06\/img-20250521-184310-667x500.jpg\" class=\"attachment-gallery size-gallery\" alt=\"Tram Serge Bloch 3 CTS\" data-full-url=\"https:\/\/pokaa.fr\/wp-content\/uploads\/2025\/06\/02\/img-20250521-184310-1500x1125.jpg\" decoding=\"async\" loading=\"lazy\"  \/>            <\/p>\n<p>                    \u00a9 Alice Kiefer \/ Pokaa<\/p>\n<p>Strasbourg, ville \u00e9mancipatrice, inclusive et \u00e9cologique\u00a0: par Joseph Levacher<\/p>\n<p style=\"text-align: left;\" align=\"justify\"><strong>Le tram de Joseph Levacher arpente discr\u00e8tement le d\u00e9cor dans une tentative de camouflage incertaine<\/strong>. Pour notre plus grand bonheur, il est bel et bien visible dans les rues de Strasbourg.<\/p>\n<p style=\"text-align: left;\" align=\"justify\">Envahi par une riche v\u00e9g\u00e9tation, <strong>il nous inspire une nature abondante,<\/strong> parfois \u00e9loign\u00e9e de notre quotidien.<\/p>\n<p style=\"text-align: left;\" align=\"justify\"><strong>La beaut\u00e9 des lianes, des plantes grimpantes et des petites fleurs color\u00e9es<\/strong> qui se c\u00f4toient sur ces rames fait souvent \u00e9cho aux \u00eelots de verdure que rencontre fr\u00e9quemment le tram dans l\u2019Eurom\u00e9tropole, nous rappelant qu\u2019il est primordial d\u2019avancer avec cette nature dont nous ne pouvons nous extraire.<\/p>\n<p>                <img width=\"750\" height=\"500\" src=\"https:\/\/www.europesays.com\/fr\/wp-content\/uploads\/2025\/06\/img-20250526-181824-750x500.jpg\" class=\"attachment-gallery size-gallery\" alt=\"Tram Joseph Levacher 4 CTS\" data-full-url=\"https:\/\/pokaa.fr\/wp-content\/uploads\/2025\/06\/02\/img-20250526-181824-1500x1000.jpg\" decoding=\"async\" loading=\"lazy\"  \/>            <\/p>\n<p>                <img width=\"749\" height=\"500\" src=\"https:\/\/www.europesays.com\/fr\/wp-content\/uploads\/2025\/06\/dsc-8428-749x500.jpg\" class=\"attachment-gallery size-gallery\" alt=\"Tram Joseph Levacher 6 CTS\" data-full-url=\"https:\/\/pokaa.fr\/wp-content\/uploads\/2025\/06\/02\/dsc-8428-1500x1001.jpg\" decoding=\"async\" loading=\"lazy\"  \/>            <\/p>\n<p>                <img width=\"749\" height=\"500\" src=\"https:\/\/www.europesays.com\/fr\/wp-content\/uploads\/2025\/06\/dsc-8432-749x500.jpg\" class=\"attachment-gallery size-gallery\" alt=\"Tram Joseph Levacher 5 CTS\" data-full-url=\"https:\/\/pokaa.fr\/wp-content\/uploads\/2025\/06\/02\/dsc-8432-1500x1001.jpg\" decoding=\"async\" loading=\"lazy\"  \/>            <\/p>\n<p>                <img width=\"750\" height=\"500\" src=\"https:\/\/www.europesays.com\/fr\/wp-content\/uploads\/2025\/06\/img-20250526-181917-750x500.jpg\" class=\"attachment-gallery size-gallery\" alt=\"Tram Joseph Levacher 3 CTS\" data-full-url=\"https:\/\/pokaa.fr\/wp-content\/uploads\/2025\/06\/02\/img-20250526-181917-1500x1000.jpg\" decoding=\"async\" loading=\"lazy\"  \/>            <\/p>\n<p>                <img width=\"750\" height=\"500\" src=\"https:\/\/www.europesays.com\/fr\/wp-content\/uploads\/2025\/06\/img-20250527-180330-750x500.jpg\" class=\"attachment-gallery size-gallery\" alt=\"Tram Joseph Levacher 2 CTS\" data-full-url=\"https:\/\/pokaa.fr\/wp-content\/uploads\/2025\/06\/02\/img-20250527-180330-1500x1000.jpg\" decoding=\"async\" loading=\"lazy\"  \/>            <\/p>\n<p>                <img width=\"750\" height=\"500\" src=\"https:\/\/www.europesays.com\/fr\/wp-content\/uploads\/2025\/06\/img-20250527-182213-1-750x500.jpg\" class=\"attachment-gallery size-gallery\" alt=\"Tram Joseph Levacher 1 CTS\" data-full-url=\"https:\/\/pokaa.fr\/wp-content\/uploads\/2025\/06\/02\/img-20250527-182213-1-1500x1000.jpg\" decoding=\"async\" loading=\"lazy\"  \/>            <\/p>\n<p>                    \u00a9 Alice Kiefer \/ Pokaa<\/p>\n<p>Strasbourg, ville refuge, humanisme et interculturalit\u00e9\u00a0: par \u00c9milie Clarke <\/p>\n<p style=\"text-align: left;\" align=\"justify\">Pour <strong>ce tramway magnifiquement color\u00e9<\/strong> que nous apercevons de loin et sign\u00e9 \u00c9milie Clarke, <strong>nous avons eu l\u2019occasion de discuter avec l\u2019artiste strasbourgeoise. <\/strong>Autrice et illustratrice d\u2019une bande dessin\u00e9e \u00e0 succ\u00e8s (Violette), elle s\u2019est vue confier la mission d\u2019illustrer un tram en <strong>suivant l\u2019axe d\u2019une \u00ab ville refuge \u00bb<\/strong>.<\/p>\n<p style=\"text-align: left;\" align=\"justify\"><strong>Ce th\u00e8me lui inspire un univers peupl\u00e9 et color\u00e9<\/strong>, que nous prenons grand plaisir \u00e0 admirer lorsque la chance nous permet de le croiser. \u00ab Pour ce th\u00e8me, je me suis dit qu\u2019il fallait plein de bonhommes, car c\u2018est hyper chaleureux et \u00e7a fait plaisir. \u00bb<\/p>\n<p>                <img width=\"749\" height=\"500\" src=\"https:\/\/www.europesays.com\/fr\/wp-content\/uploads\/2025\/06\/dsc-0607-749x500.jpg\" class=\"attachment-gallery size-gallery\" alt=\"Tram Emilie Clarke 6 CTS\" data-full-url=\"https:\/\/pokaa.fr\/wp-content\/uploads\/2025\/06\/02\/dsc-0607-1500x1001.jpg\" decoding=\"async\" loading=\"lazy\"  \/>            <\/p>\n<p>                <img width=\"334\" height=\"500\" src=\"https:\/\/www.europesays.com\/fr\/wp-content\/uploads\/2025\/06\/dsc-0619-334x500.jpg\" class=\"attachment-gallery size-gallery\" alt=\"Tram Emilie Clarke 5 CTS\" data-full-url=\"https:\/\/pokaa.fr\/wp-content\/uploads\/2025\/06\/02\/dsc-0619.jpg\" decoding=\"async\" loading=\"lazy\"  \/>            <\/p>\n<p>                <img width=\"664\" height=\"500\" src=\"https:\/\/www.europesays.com\/fr\/wp-content\/uploads\/2025\/06\/img-20250602-wa0001-664x500.jpg\" class=\"attachment-gallery size-gallery\" alt=\"Tram Emilie Clarke 2 CTS\" data-full-url=\"https:\/\/pokaa.fr\/wp-content\/uploads\/2025\/06\/02\/img-20250602-wa0001-1500x1130.jpg\" decoding=\"async\" loading=\"lazy\"  \/>            <\/p>\n<p>                    \u00a9 Alice Kiefer \/ Pokaa<\/p>\n<p style=\"text-align: left;\">C\u2019est donc avec entrain qu\u2019elle se lance dans ce projet, original et plut\u00f4t \u00e9loign\u00e9 de son quotidien. <strong>\u00ab\u00a0Moi, j\u2019ai l\u2019habitude de dessiner pour des livres. C\u2019\u00e9tait un peu un d\u00e9fi technique aussi, de travailler sur un format comme \u00e7a, avec autant de d\u00e9tails. \u00bb <\/strong>Et en effet, des d\u00e9tails, il y en a beaucoup.<\/p>\n<p style=\"text-align: left;\">On pourrait passer des heures \u00e0 contempler les personnages color\u00e9s qui se cachent derri\u00e8re les recoins d\u2019une porte coulissante, et les cr\u00e9atures adorables qui surplombent les vitres de la rame. \u00ab\u00a0J\u2019adore faire les bonhommes, leur faire des styles, des v\u00eatements, des coupes de cheveux, des accessoires dans tous les sens. [\u2026] <strong>Ce que je voulais, c\u2019est que \u00e7a soit un peu comme un jeu, un peu comme un \u00ab\u00a0O\u00f9 est Charlie ?\u00a0\u00bb <\/strong>\u00bb<\/p>\n<p style=\"text-align: left;\">Alors pour les joueurs et joueuses parmi vous, <strong>on vous met au d\u00e9fi d\u2019y rep\u00e9rer les nombreux chiens, les petits poussins ou encore l\u2019h\u00e9ro\u00efne Violette<\/strong> aux lunettes rondes, mais \u00e9galement et enfin, le plus d\u00e9licat pour la fin : le clin d\u2019\u0153il au tram de Joseph Levacher nich\u00e9 dans le d\u00e9cor (petit indice pour ce dernier : on vous conseille d\u2019examiner les photos pr\u00e9sentes dans cet article).<\/p>\n<p>                <img width=\"750\" height=\"500\" src=\"https:\/\/www.europesays.com\/fr\/wp-content\/uploads\/2025\/06\/dsc-0634-750x500.jpg\" class=\"attachment-gallery size-gallery\" alt=\"Tram Emilie Clarke 3 CTS\" data-full-url=\"https:\/\/pokaa.fr\/wp-content\/uploads\/2025\/06\/02\/dsc-0634-1500x1000.jpg\" decoding=\"async\" loading=\"lazy\"  \/>            <\/p>\n<p>                <img width=\"749\" height=\"500\" src=\"https:\/\/www.europesays.com\/fr\/wp-content\/uploads\/2025\/06\/dsc-0610-749x500.jpg\" class=\"attachment-gallery size-gallery\" alt=\"Tram Emilie Clarke 1 CTS\" data-full-url=\"https:\/\/pokaa.fr\/wp-content\/uploads\/2025\/06\/02\/dsc-0610-1500x1001.jpg\" decoding=\"async\" loading=\"lazy\"  \/>            <\/p>\n<p>                <img width=\"749\" height=\"500\" src=\"https:\/\/www.europesays.com\/fr\/wp-content\/uploads\/2025\/06\/dsc-0627-749x500.jpg\" class=\"attachment-gallery size-gallery\" alt=\"Tram Emilie Clarke 4 CTS\" data-full-url=\"https:\/\/pokaa.fr\/wp-content\/uploads\/2025\/06\/02\/dsc-0627-1500x1001.jpg\" decoding=\"async\" loading=\"lazy\"  \/>            <\/p>\n<p>                    \u00a9 Alice Kiefer \/ Pokaa<\/p>\n<p>Strasbourg, ville carrefour d&rsquo;id\u00e9es et de d\u00e9bats\u00a0: par Anouk Ricard<\/p>\n<p style=\"text-align: left;\" align=\"justify\">Sur le tram illustr\u00e9 que nous allons croiser <strong>se c\u00f4toient aussi une multitude de cr\u00e9atures color\u00e9es<\/strong>, inspir\u00e9es d\u2019une faune florissante et d\u2019une flore anim\u00e9e. <strong>Toutes semblent vouloir communiquer par des moyens divers et vari\u00e9s<\/strong>, et ce joyeux d\u00e9cor fig\u00e9 sur les rames s\u2019anime d\u00e8s lors qu\u2019on l\u2019observe quelques instants.<\/p>\n<p style=\"text-align: left;\" align=\"justify\">Illustratrice de bandes dessin\u00e9es \u00e0 succ\u00e8s, \u00e0 destination des enfants pour certaines et des adultes pour d\u2019autres, <strong>Anouk Ricard nous plonge avec brio dans son univers vivant et bariol\u00e9<\/strong> tout en soulignant la multitude de voix qui tentent constamment de s\u2019exprimer, au carrefour de nombreux d\u00e9bats et de nouvelles id\u00e9es.<\/p>\n<p>                <img width=\"750\" height=\"500\" src=\"https:\/\/www.europesays.com\/fr\/wp-content\/uploads\/2025\/06\/dsc-0704-750x500.jpg\" class=\"attachment-gallery size-gallery\" alt=\"Tram Anouk Ricard 2 CTS\" data-full-url=\"https:\/\/pokaa.fr\/wp-content\/uploads\/2025\/06\/02\/dsc-0704-1500x1000.jpg\" decoding=\"async\" loading=\"lazy\"  \/>            <\/p>\n<p>                <img width=\"750\" height=\"500\" src=\"https:\/\/www.europesays.com\/fr\/wp-content\/uploads\/2025\/06\/dsc-8639-750x500.jpg\" class=\"attachment-gallery size-gallery\" alt=\"Tram Anouk Ricard 7 CTS\" data-full-url=\"https:\/\/pokaa.fr\/wp-content\/uploads\/2025\/06\/02\/dsc-8639-1500x1000.jpg\" decoding=\"async\" loading=\"lazy\"  \/>            <\/p>\n<p>                <img width=\"750\" height=\"500\" src=\"https:\/\/www.europesays.com\/fr\/wp-content\/uploads\/2025\/06\/dsc-8644-750x500.jpg\" class=\"attachment-gallery size-gallery\" alt=\"Tram Anouk Ricard 8 CTS\" data-full-url=\"https:\/\/pokaa.fr\/wp-content\/uploads\/2025\/06\/02\/dsc-8644-1500x1000.jpg\" decoding=\"async\" loading=\"lazy\"  \/>            <\/p>\n<p>                <img width=\"749\" height=\"500\" src=\"https:\/\/www.europesays.com\/fr\/wp-content\/uploads\/2025\/06\/dsc-0713-749x500.jpg\" class=\"attachment-gallery size-gallery\" alt=\"Tram Anouk Ricard 3 CTS\" data-full-url=\"https:\/\/pokaa.fr\/wp-content\/uploads\/2025\/06\/02\/dsc-0713-1500x1001.jpg\" decoding=\"async\" loading=\"lazy\"  \/>            <\/p>\n<p>                <img width=\"749\" height=\"500\" src=\"https:\/\/www.europesays.com\/fr\/wp-content\/uploads\/2025\/06\/dsc-8586-749x500.jpg\" class=\"attachment-gallery size-gallery\" alt=\"Tram Anouk Ricard 6 CTS\" data-full-url=\"https:\/\/pokaa.fr\/wp-content\/uploads\/2025\/06\/02\/dsc-8586-1500x1001.jpg\" decoding=\"async\" loading=\"lazy\"  \/>            <\/p>\n<p>                <img width=\"749\" height=\"500\" src=\"https:\/\/www.europesays.com\/fr\/wp-content\/uploads\/2025\/06\/dsc-8579-749x500.jpg\" class=\"attachment-gallery size-gallery\" alt=\"Tram Anouk Ricard 5 CTS\" data-full-url=\"https:\/\/pokaa.fr\/wp-content\/uploads\/2025\/06\/02\/dsc-8579-1500x1001.jpg\" decoding=\"async\" loading=\"lazy\"  \/>            <\/p>\n<p>                    \u00a9 Alice Kiefer \/ Pokaa<\/p>\n<p>Strasbourg, ville cr\u00e9ative et po\u00e9tique\u00a0: par Blutch<\/p>\n<p style=\"text-align: left;\" align=\"justify\">Strasbourg est la ville berceau de nombreux\/ses cr\u00e9ateurs\/rices, dont <strong>le renomm\u00e9 Blutch (Christian Hincker), figure de proue de la bande dessin\u00e9e fran\u00e7aise<\/strong> \u00e0 qui nous devons le dernier tramway illustr\u00e9 \u00e0 avoir \u00e9t\u00e9 mis en circulation.<\/p>\n<p style=\"text-align: left;\" align=\"justify\"><strong>Son large \u00e9ventail de styles et sa plume chevronn\u00e9e donnent \u00e0 chaque voiture un charme diff\u00e9rent.<\/strong><\/p>\n<p style=\"text-align: left;\" align=\"justify\">Sp\u00e9cialiste dans l\u2019art de <strong>faire revivre des personnages iconiques<\/strong> sous son coup de crayon, certain(e)s d\u00e9barquent sur les rames du tramway, et ne n\u00e9cessitent qu\u2019un clin d\u2019\u0153il pour nous faire sourire et replonger dans de d\u00e9licieux souvenirs de lecture. De quoi ravir les plus press\u00e9(e)s d\u2019entre nous et <strong>nous faire r\u00eaver m\u00eame les jours les plus maussades<\/strong>.<\/p>\n<p>                <img width=\"749\" height=\"500\" src=\"https:\/\/www.europesays.com\/fr\/wp-content\/uploads\/2025\/06\/dsc-0739-749x500.jpg\" class=\"attachment-gallery size-gallery\" alt=\"Tram Blutch 5 CTS\" data-full-url=\"https:\/\/pokaa.fr\/wp-content\/uploads\/2025\/06\/02\/dsc-0739-1500x1001.jpg\" decoding=\"async\" loading=\"lazy\"  \/>            <\/p>\n<p>                <img width=\"750\" height=\"500\" src=\"https:\/\/www.europesays.com\/fr\/wp-content\/uploads\/2025\/06\/dsc-0692-750x500.jpg\" class=\"attachment-gallery size-gallery\" alt=\"Tram Blutch 1 CTS\" data-full-url=\"https:\/\/pokaa.fr\/wp-content\/uploads\/2025\/06\/02\/dsc-0692-1500x1000.jpg\" decoding=\"async\" loading=\"lazy\"  \/>            <\/p>\n<p>                <img width=\"749\" height=\"500\" src=\"https:\/\/www.europesays.com\/fr\/wp-content\/uploads\/2025\/06\/dsc-0699-749x500.jpg\" class=\"attachment-gallery size-gallery\" alt=\"Tram Blutch 4 CTS\" data-full-url=\"https:\/\/pokaa.fr\/wp-content\/uploads\/2025\/06\/02\/dsc-0699-1500x1001.jpg\" decoding=\"async\" loading=\"lazy\"  \/>            <\/p>\n<p>                <img width=\"750\" height=\"500\" src=\"https:\/\/www.europesays.com\/fr\/wp-content\/uploads\/2025\/06\/dsc-0698-750x500.jpg\" class=\"attachment-gallery size-gallery\" alt=\"Tram Blutch 3 CTS\" data-full-url=\"https:\/\/pokaa.fr\/wp-content\/uploads\/2025\/06\/02\/dsc-0698-1500x1000.jpg\" decoding=\"async\" loading=\"lazy\"  \/>            <\/p>\n<p>                <img width=\"750\" height=\"500\" src=\"https:\/\/www.europesays.com\/fr\/wp-content\/uploads\/2025\/06\/dsc-0667-750x500.jpg\" class=\"attachment-gallery size-gallery\" alt=\"Tram Blutch 2 CTS\" data-full-url=\"https:\/\/pokaa.fr\/wp-content\/uploads\/2025\/06\/02\/dsc-0667-1500x1000.jpg\" decoding=\"async\" loading=\"lazy\"  \/>            <\/p>\n<p>                <img width=\"333\" height=\"500\" src=\"https:\/\/www.europesays.com\/fr\/wp-content\/uploads\/2025\/06\/img-20250521-184001-333x500.jpg\" class=\"attachment-gallery size-gallery\" alt=\"Tram Blutch 6 CTS\" data-full-url=\"https:\/\/pokaa.fr\/wp-content\/uploads\/2025\/06\/02\/img-20250521-184001.jpg\" decoding=\"async\" loading=\"lazy\"  \/>            <\/p>\n<p>                    \u00a9 Alice Kiefer \/ Pokaa<\/p>\n","protected":false},"excerpt":{"rendered":"C\u2019est avec succ\u00e8s que s\u2019est achev\u00e9, il y a quelques mois, l\u2019\u00e9v\u00e9nement Strasbourg, capitale mondiale du livre. Pour&hellip;\n","protected":false},"author":2,"featured_media":176866,"comment_status":"","ping_status":"","sticky":false,"template":"","format":"standard","meta":{"footnotes":""},"categories":[2820],"tags":[1111,11,29220,1777,674,1011,27,775,12,25,640,31268,24435],"class_list":{"0":"post-176865","1":"post","2":"type-post","3":"status-publish","4":"format-standard","5":"has-post-thumbnail","7":"category-strasbourg","8":"tag-actu","9":"tag-actualites","10":"tag-cts","11":"tag-eu","12":"tag-europe","13":"tag-fr","14":"tag-france","15":"tag-grand-est","16":"tag-news","17":"tag-republique-francaise","18":"tag-strasbourg","19":"tag-strasbourg-capitale-mondiale-du-livre","20":"tag-trams"},"share_on_mastodon":{"url":"https:\/\/pubeurope.com\/@fr\/114683928667497086","error":""},"_links":{"self":[{"href":"https:\/\/www.europesays.com\/fr\/wp-json\/wp\/v2\/posts\/176865","targetHints":{"allow":["GET"]}}],"collection":[{"href":"https:\/\/www.europesays.com\/fr\/wp-json\/wp\/v2\/posts"}],"about":[{"href":"https:\/\/www.europesays.com\/fr\/wp-json\/wp\/v2\/types\/post"}],"author":[{"embeddable":true,"href":"https:\/\/www.europesays.com\/fr\/wp-json\/wp\/v2\/users\/2"}],"replies":[{"embeddable":true,"href":"https:\/\/www.europesays.com\/fr\/wp-json\/wp\/v2\/comments?post=176865"}],"version-history":[{"count":0,"href":"https:\/\/www.europesays.com\/fr\/wp-json\/wp\/v2\/posts\/176865\/revisions"}],"wp:featuredmedia":[{"embeddable":true,"href":"https:\/\/www.europesays.com\/fr\/wp-json\/wp\/v2\/media\/176866"}],"wp:attachment":[{"href":"https:\/\/www.europesays.com\/fr\/wp-json\/wp\/v2\/media?parent=176865"}],"wp:term":[{"taxonomy":"category","embeddable":true,"href":"https:\/\/www.europesays.com\/fr\/wp-json\/wp\/v2\/categories?post=176865"},{"taxonomy":"post_tag","embeddable":true,"href":"https:\/\/www.europesays.com\/fr\/wp-json\/wp\/v2\/tags?post=176865"}],"curies":[{"name":"wp","href":"https:\/\/api.w.org\/{rel}","templated":true}]}}