{"id":176871,"date":"2025-06-14T21:52:17","date_gmt":"2025-06-14T21:52:17","guid":{"rendered":"https:\/\/www.europesays.com\/fr\/176871\/"},"modified":"2025-06-14T21:52:17","modified_gmt":"2025-06-14T21:52:17","slug":"un-arc-en-ciel-de-1-500-personnes-sans-nuage-malgre-un-parcours-restreint","status":"publish","type":"post","link":"https:\/\/www.europesays.com\/fr\/176871\/","title":{"rendered":"un arc-en-ciel de 1\u00a0500 personnes sans nuage malgr\u00e9 un parcours restreint"},"content":{"rendered":"<p>\u00ab\u00a0On est l\u00e0, m\u00eame si Koenders ne veut pas, nous on est l\u00e0.\u00a0\u00bb Message limpide d\u00e8s le d\u00e9but du regroupement place Darcy, l\u2019interdiction du parcours initial en hypercentre passe mal, mais ne g\u00e2che pas pour autant la f\u00eate. Les paillettes, c\u2019est joli, mais \u00e7a ne masque pas certaines violences que vivent les membres de la communaut\u00e9 LGBTQIA +. <\/p>\n<p>Charly, 25 ans, et Liliane, 24 ans, sont dans le cort\u00e8ge place Darcy. Pour Liliane, c\u2019est la premi\u00e8re Pride. \u00ab\u00a0Je suis venue pour voir ceux qui sont habitu\u00e9s. C\u2019est important cette visibilit\u00e9 donn\u00e9e au mouvement. On fait \u00e7a aujourd\u2019hui car tous ensemble <a href=\"https:\/\/www.bienpublic.com\/faits-divers-justice\/2024\/03\/13\/agression-homophobe-quatorze-mois-avec-sursis\" target=\"_blank\" rel=\"noopener\">on se sent en s\u00e9curit\u00e9<\/a>. Plus que dans le quotidien, ou on vit un peu dans l\u2019incertitude face \u00e0 la r\u00e9action des gens.\u00a0\u00bb<\/p>\n<p>Pour Charly, les choses ont boug\u00e9 \u00ab\u00a0mais cela reste&#8230;<\/p>\n","protected":false},"excerpt":{"rendered":"\u00ab\u00a0On est l\u00e0, m\u00eame si Koenders ne veut pas, nous on est l\u00e0.\u00a0\u00bb Message limpide d\u00e8s le d\u00e9but&hellip;\n","protected":false},"author":2,"featured_media":176872,"comment_status":"","ping_status":"","sticky":false,"template":"","format":"standard","meta":{"footnotes":""},"categories":[2818],"tags":[1111,11,9671,2931,2930,8587,8588,1777,674,107,1011,27,766,12,2636,25,801,104],"class_list":{"0":"post-176871","1":"post","2":"type-post","3":"status-publish","4":"format-standard","5":"has-post-thumbnail","7":"category-nantes","8":"tag-actu","9":"tag-actualites","10":"tag-conflit-social","11":"tag-cote-dor","12":"tag-dijon","13":"tag-dijon-ville","14":"tag-edition-dijon-et-son-agglomeration","15":"tag-eu","16":"tag-europe","17":"tag-fil-info","18":"tag-fr","19":"tag-france","20":"tag-nantes","21":"tag-news","22":"tag-pays-de-la-loire","23":"tag-republique-francaise","24":"tag-social","25":"tag-societe"},"share_on_mastodon":{"url":"https:\/\/pubeurope.com\/@fr\/114683939608204583","error":""},"_links":{"self":[{"href":"https:\/\/www.europesays.com\/fr\/wp-json\/wp\/v2\/posts\/176871","targetHints":{"allow":["GET"]}}],"collection":[{"href":"https:\/\/www.europesays.com\/fr\/wp-json\/wp\/v2\/posts"}],"about":[{"href":"https:\/\/www.europesays.com\/fr\/wp-json\/wp\/v2\/types\/post"}],"author":[{"embeddable":true,"href":"https:\/\/www.europesays.com\/fr\/wp-json\/wp\/v2\/users\/2"}],"replies":[{"embeddable":true,"href":"https:\/\/www.europesays.com\/fr\/wp-json\/wp\/v2\/comments?post=176871"}],"version-history":[{"count":0,"href":"https:\/\/www.europesays.com\/fr\/wp-json\/wp\/v2\/posts\/176871\/revisions"}],"wp:featuredmedia":[{"embeddable":true,"href":"https:\/\/www.europesays.com\/fr\/wp-json\/wp\/v2\/media\/176872"}],"wp:attachment":[{"href":"https:\/\/www.europesays.com\/fr\/wp-json\/wp\/v2\/media?parent=176871"}],"wp:term":[{"taxonomy":"category","embeddable":true,"href":"https:\/\/www.europesays.com\/fr\/wp-json\/wp\/v2\/categories?post=176871"},{"taxonomy":"post_tag","embeddable":true,"href":"https:\/\/www.europesays.com\/fr\/wp-json\/wp\/v2\/tags?post=176871"}],"curies":[{"name":"wp","href":"https:\/\/api.w.org\/{rel}","templated":true}]}}