{"id":176881,"date":"2025-06-14T21:57:13","date_gmt":"2025-06-14T21:57:13","guid":{"rendered":"https:\/\/www.europesays.com\/fr\/176881\/"},"modified":"2025-06-14T21:57:13","modified_gmt":"2025-06-14T21:57:13","slug":"ce-que-dit-meteo-france","status":"publish","type":"post","link":"https:\/\/www.europesays.com\/fr\/176881\/","title":{"rendered":"ce que dit M\u00e9t\u00e9o France"},"content":{"rendered":"<p>            Par<br \/>\n        <strong><br \/>\n            <a href=\"https:\/\/actu.fr\/auteur\/mareva-laville-actu-fr\" title=\"Consulter tous les articles de Mar\u00e9va Laville\" target=\"_blank\" rel=\"noopener\">Mar\u00e9va Laville<\/a><br \/>\n        <\/strong><\/p>\n<p>        Publi\u00e9 le<\/p>\n<p>            14 juin 2025 \u00e0 16h12        <\/p>\n<p>Le ciel sera-t-il ravag\u00e9 par les \u00e9clairs comme vendredi 13\u00a0juin 2025 soir \u00e0 <a href=\"http:\/\/www.actu.fr\/toulouse\" target=\"_blank\" rel=\"noopener\"><strong>Toulouse<\/strong> <\/a>et ses alentours\u2009? La <strong>Haute-Garonne<\/strong> qui \u00e9tait <a href=\"https:\/\/actu.fr\/occitanie\/toulouse_31555\/la-haute-garonne-passe-en-vigilance-orange-aux-orages-ce-vendredi_62766893.html\" target=\"_blank\" rel=\"noopener\">plac\u00e9e en vigilance orange hier<\/a> pour<strong> violents orages<\/strong> n\u2019a pas \u00e9t\u00e9 \u00e9pargn\u00e9e par la foudre. \u00c0 tel point que, par pr\u00e9caution, <a href=\"https:\/\/actu.fr\/occitanie\/toulouse_31555\/toulouse-alerte-orange-aux-orages-la-soiree-du-festival-rio-loco-sera-t-elle-maintenue_62768401.html\" target=\"_blank\" rel=\"noopener\">le festival Rio Loco a annul\u00e9 presque au dernier moment sa soir\u00e9e du vendredi.<\/a> De fait, une pluie d\u2019\u00e9clairs s\u2019est abattue sur la Ville rose et ses pourtours.<\/p>\n<p class=\" wall-content\">\n<p class=\" wall-content\">Vers 23h30, des <strong>chutes d\u2019arbres<\/strong> ont provoqu\u00e9 la <strong>fermeture dans les deux sens de l\u2019A680<\/strong> entre le rond-point de Verfeil et la sortie de Gragnague jusqu\u2019\u00e0 2h30, tandis qu\u2019un <strong>v\u00e9ritable d\u00e9luge<\/strong> tombait \u00e0 Toulouse dans la soir\u00e9e\u2026 Comme ici, sur les All\u00e9es Jules Guesde, pr\u00e8s du Palais de Justice ou plus en p\u00e9riph\u00e9rie.<\/p>\n<p class=\" wall-content\"><a href=\"https:\/\/www.instagram.com\/p\/DK36_2CMdGm\/embed\" title=\"Ouvrir le lien sur Instagram\" target=\"_blank\" rel=\"noopener\">Visualiser le contenu sur Instagram<\/a><\/p>\n<p class=\" wall-content\">\n<p>De nouveaux risques d\u2019orages ce soir mais moins forts<\/p>\n<p class=\" wall-content\">En sera-t-il de m\u00eame ce soir\u2009? M\u00e9t\u00e9o France pr\u00e9voit \u00e0 nouveau <strong>des risques d\u2019orages<\/strong> \u00ab\u2009mais pas de caract\u00e8re s\u00e9v\u00e8re\u2009\u00bb, assure <strong>Val\u00e9ry Mourot, un pr\u00e9visionniste<\/strong> contact\u00e9 par Actu Toulouse. \u00ab\u2009On ne peut pas exclure les ond\u00e9es orageuses, mais il n\u2019y aura pas autant de vent qu\u2019hier (60\u00a0km\/h \u00e0 Toulouse, NDLR.) ni de fortes pluies.\u2009\u00bb<\/p>\n<p class=\" wall-content\">Malgr\u00e9 tout, la prudence est de rigueur encore ce soir. D\u2019apr\u00e8s le bulletin m\u00e9t\u00e9o, le risque d\u2019intemp\u00e9ries se jouerait <strong>entre 21\u00a0heures et 23\u00a0heures \u00e0 Toulouse,<\/strong> mais aussi \u00e0 <strong>Carbonne<\/strong>, <strong>Muret<\/strong>, le Lauragais et tout le <strong>nord de la Haute-Garonne<\/strong>. Toutefois, le d\u00e9partement ne se trouve plus en vigilance orange, ni les autres contr\u00e9es d\u2019Occitanie, \u00e0 l\u2019exception des Pyr\u00e9n\u00e9es-Orientales qui bascule en alerte jaune dimanche.<\/p>\n<p>    <img   decoding=\"async\" loading=\"lazy\" src=\"https:\/\/www.europesays.com\/fr\/wp-content\/uploads\/2025\/06\/samedi14-haute-garonne-960x640.png\" alt=\"Le risque d'orages touchera la Haute-Garonne \u00e0 partir de 21 heures ce samedi 14 juin soir.\" width=\"960\" height=\"640\"\/><br \/>\n    Le risque d\u2019orages touchera la Haute-Garonne \u00e0 partir de 21\u00a0heures ce samedi 14\u00a0juin soir. (\u00a9Capture d\u2019\u00e9cran M\u00e9t\u00e9o France)Vid\u00e9os : en ce moment sur ActuD\u2019autres d\u00e9partements concern\u00e9s en Occitanie<\/p>\n<p class=\" wall-content\">Ce soir, les risques d\u2019orages touchent <strong>l\u2019Ari\u00e8ge, l\u2019Aude, le Tarn, l\u2019Aveyron, le Lot, et la Loz\u00e8re.<\/strong> Ce qui devrait continuer \u00e0 faire baisser les temp\u00e9ratures\u2026 \u00ab\u2009Aujourd\u2019hui, on se contente de 27\u00b0C \u00e0 Toulouse, demain, on chute \u00e0 23\u00b0C\u2009\u00bb, assure Val\u00e9ry Mourot de M\u00e9t\u00e9o France. Bien loin des <a href=\"https:\/\/actu.fr\/occitanie\/toulouse_31555\/toulouse-pour-faire-face-aux-fortes-chaleurs-les-ombrieres-urbaines-sont-reinstallees-voici-ou-les-trouver_62761588.html\" target=\"_blank\" rel=\"noopener\">35\u00b0C \u00ab\u2009presque caniculaires\u2009\u00bb du milieu de semaine.<\/a><\/p>\n<p>    <img   decoding=\"async\" loading=\"lazy\" src=\"https:\/\/www.europesays.com\/fr\/wp-content\/uploads\/2025\/06\/samedi14-occi-960x640.png\" alt=\"Plusieurs autres d\u00e9partements d'Occitanie sont concern\u00e9s par les risques d'orages ce soir.\" width=\"960\" height=\"640\"\/><br \/>\n    Plusieurs autres d\u00e9partements d\u2019Occitanie sont concern\u00e9s par les risques d\u2019orages ce soir. (\u00a9Capture d\u2019\u00e9cran M\u00e9t\u00e9o France)<\/p>\n<p class=\" wall-content\">Suivez toute l\u2019actualit\u00e9 de vos villes et m\u00e9dias favoris en vous inscrivant \u00e0 <a href=\"https:\/\/moncompte.actu.fr\" title=\"D\u00e9couvez Mon Actu\" rel=\"nofollow noopener\" data-trk=\"{&quot;cta&quot;:{&quot;action&quot;:&quot;https:\\\/\\\/moncompte.actu.fr&quot;,&quot;category&quot;:&quot;mon compte&quot;,&quot;from&quot;:&quot;article footer&quot;,&quot;name&quot;:&quot;Mon actu&quot;,&quot;type&quot;:&quot;cta&quot;}}\" target=\"_blank\">Mon Actu<\/a>.<\/p>\n<p>                    <script async src=\"\/\/www.instagram.com\/embed.js\"><\/script><\/p>\n","protected":false},"excerpt":{"rendered":"Par Mar\u00e9va Laville Publi\u00e9 le 14 juin 2025 \u00e0 16h12 Le ciel sera-t-il ravag\u00e9 par les \u00e9clairs comme&hellip;\n","protected":false},"author":2,"featured_media":176882,"comment_status":"","ping_status":"","sticky":false,"template":"","format":"standard","meta":{"footnotes":""},"categories":[2816],"tags":[1111,11,1777,674,1011,27,2487,12,2680,4594,25,2312],"class_list":{"0":"post-176881","1":"post","2":"type-post","3":"status-publish","4":"format-standard","5":"has-post-thumbnail","7":"category-toulouse","8":"tag-actu","9":"tag-actualites","10":"tag-eu","11":"tag-europe","12":"tag-fr","13":"tag-france","14":"tag-meteo","15":"tag-news","16":"tag-occitanie","17":"tag-orages","18":"tag-republique-francaise","19":"tag-toulouse"},"share_on_mastodon":{"url":"https:\/\/pubeurope.com\/@fr\/114683959286961700","error":""},"_links":{"self":[{"href":"https:\/\/www.europesays.com\/fr\/wp-json\/wp\/v2\/posts\/176881","targetHints":{"allow":["GET"]}}],"collection":[{"href":"https:\/\/www.europesays.com\/fr\/wp-json\/wp\/v2\/posts"}],"about":[{"href":"https:\/\/www.europesays.com\/fr\/wp-json\/wp\/v2\/types\/post"}],"author":[{"embeddable":true,"href":"https:\/\/www.europesays.com\/fr\/wp-json\/wp\/v2\/users\/2"}],"replies":[{"embeddable":true,"href":"https:\/\/www.europesays.com\/fr\/wp-json\/wp\/v2\/comments?post=176881"}],"version-history":[{"count":0,"href":"https:\/\/www.europesays.com\/fr\/wp-json\/wp\/v2\/posts\/176881\/revisions"}],"wp:featuredmedia":[{"embeddable":true,"href":"https:\/\/www.europesays.com\/fr\/wp-json\/wp\/v2\/media\/176882"}],"wp:attachment":[{"href":"https:\/\/www.europesays.com\/fr\/wp-json\/wp\/v2\/media?parent=176881"}],"wp:term":[{"taxonomy":"category","embeddable":true,"href":"https:\/\/www.europesays.com\/fr\/wp-json\/wp\/v2\/categories?post=176881"},{"taxonomy":"post_tag","embeddable":true,"href":"https:\/\/www.europesays.com\/fr\/wp-json\/wp\/v2\/tags?post=176881"}],"curies":[{"name":"wp","href":"https:\/\/api.w.org\/{rel}","templated":true}]}}