{"id":176885,"date":"2025-06-14T22:00:16","date_gmt":"2025-06-14T22:00:16","guid":{"rendered":"https:\/\/www.europesays.com\/fr\/176885\/"},"modified":"2025-06-14T22:00:16","modified_gmt":"2025-06-14T22:00:16","slug":"au-30e-festival-de-marseille-la-danse-comme-un-rituel","status":"publish","type":"post","link":"https:\/\/www.europesays.com\/fr\/176885\/","title":{"rendered":"Au 30e Festival de Marseille, la danse comme un rituel"},"content":{"rendered":"<p>Pour l\u2019ouverture de sa trenti\u00e8me \u00e9dition, le Festival de Marseille fait se rencontrer artistes confirm\u00e9s, \u00e9mergents et amateurs. Apr\u00e8s une grande c\u00e9l\u00e9bration de la danse en guise de premier rendez-vous, rassemblant des classes d\u2019\u00e9tablissements scolaires autour d\u2019un projet \u00e0 grande \u00e9chelle port\u00e9 par Marina Gomes, ce sont Pol Jim\u00e9nez et Nacera Belaza qui ont pris en main ces premiers jours de programmation. Solo ensoleill\u00e9 ou groupe fondu dans l\u2019obscurit\u00e9, si les formes semblent alors s\u2019opposer, une \u00e9vidence relie chacun de ces projets. Comme abord\u00e9s par le prisme d\u2019une pratique rituelle, <strong>Lo Faunal<\/strong> puis <strong>La Nu\u00e9e<\/strong> semblent s\u2019\u00e9crire par le biais du ressenti, \u00e0 la lisi\u00e8re de l\u2019exp\u00e9rience mystique.<\/p>\n<p>Pol Jim\u00e9nez, la transe d\u2019un faune<\/p>\n<p>La posture n\u2019est ni celle d\u2019un animal, ni celle d\u2019un \u00eatre humain. D\u2019ailleurs, contrairement \u00e0 ce que pourrait induire le titre de la pi\u00e8ce, la musique n\u2019est pas vraiment celle de Debussy. Pour l\u2019heure, la cr\u00e9ature \u00e0 mi-chemin des esp\u00e8ces et des genres se tient quasi immobile, les yeux clos, centr\u00e9e sur elle-m\u00eame. Bient\u00f4t elle s\u2019animera, lentement, laissant les ondes du collage musical de Jaume Clotet alimenter ses gestes et animer son corps. Alors Pol Jim\u00e9nez traversera toute une s\u00e9rie d\u2019\u00e9tats, puissamment marqu\u00e9s par les traits de son visage investi, se laissant progressivement aller \u00e0 une forme d\u2019extase qui ne tient pas uniquement de la jouissance.<\/p>\n<p><img loading=\"lazy\" decoding=\"async\" width=\"1024\" height=\"682\" src=\"data:image\/svg+xml,%3Csvg%20xmlns=\" http:=\"\" alt=\"\" class=\"wp-image-23134\" data-lazy- data-lazy- data-lazy-src=\"https:\/\/www.europesays.com\/fr\/wp-content\/uploads\/2025\/06\/13.06.25_Fdm_Lo-Faunal_Pol-Jimenez_Pierre-Gondard-2.jpg\"\/>\u00a9 Pierre Gondard<\/p>\n<p>Sur les pav\u00e9s encore chauds de la cour de la Vieille Charit\u00e9, le contraste s\u2019impose sans mal entre les pierres ocre des hauts murs et la silhouette du danseur enrubann\u00e9 de blanc. Dans ce cadre, pourtant, les traditions entrent bel et bien en dialogue. Et pour cause, sur le plateau improvis\u00e9 \u00e0 ciel ouvert, Pol Jim\u00e9nez convoque tout son h\u00e9ritage d\u2019artiste catalan. Sans toutefois les reproduire \u00e0 la lettre, les attitudes, les expressions et les castagnettes comme prolongement naturel des doigts ne trompent pas, d\u2019autant qu\u2019elles sont particuli\u00e8rement ma\u00eetris\u00e9es. Comme la composition sonore vient faire vibrer le monument s\u00e9culaire qui l\u2019entoure, les danses traditionnelles dont s\u2019inspire <strong>Lo Faunal<\/strong> se voient donc \u00e0 leur tour bouscul\u00e9es par une interpr\u00e9tation personnelle et sinc\u00e8re.<\/p>\n<p>Le regard imperturbablement tourn\u00e9 vers lui-m\u00eame, Pol Jim\u00e9nez transmet n\u00e9anmoins son art avec une grande g\u00e9n\u00e9rosit\u00e9. \u00c0 la faveur de la proximit\u00e9 qu\u2019il se pla\u00eet \u00e0 cr\u00e9er avec les spectateurs, et tandis que son corps et ses gestes s\u2019agrandissent dans l\u2019espace, l\u2019exp\u00e9rience intime se transforme en une \u00e9nergie partag\u00e9e, alors que les basses de la musique continuent de r\u00e9sonner dans la chair. Celle du danseur, en tout cas, se d\u00e9voue sans retenue \u00e0 sa pi\u00e8ce, dans une \u00e9nergie impressionnante et magn\u00e9tique.<\/p>\n<p>Nacera Belaza, une pri\u00e8re dans la nuit<\/p>\n<p>Quiconque conna\u00eet le travail de Nacera Belaza sait toute l\u2019importance que repr\u00e9sente pour elle la recherche de la lumi\u00e8re, notamment dans les ombres qu\u2019elle cr\u00e9e en contraste. Avec <strong>La Nu\u00e9e<\/strong>, la chor\u00e9graphe ne fait pas d\u00e9faut \u00e0 son identit\u00e9, loin s\u2019en faut, d\u2019autant qu\u2019elle se lance avec cette cr\u00e9ation dans une recherche in\u00e9dite autour de la forme du cercle. Celle-ci s\u2019impose d\u00e8s les premi\u00e8res images, \u00e0 peine perceptibles dans la p\u00e9nombre cr\u00e9\u00e9e par un unique halo de projecteur \u00e0 faible intensit\u00e9. L\u00e0, des silhouettes anonymis\u00e9es par l\u2019obscurit\u00e9 virevoltent, une \u00e0 une, \u00e0 la fa\u00e7on de derviches tourneurs qui semblent condamn\u00e9s \u00e0 ne jamais s\u2019arr\u00eater. Comme des insectes instinctivement attir\u00e9s par la source lumineuse, les corps se multiplient par suggestion, leur solitude fait bient\u00f4t masse.<\/p>\n<p><img loading=\"lazy\" decoding=\"async\" width=\"1024\" height=\"682\" src=\"data:image\/svg+xml,%3Csvg%20xmlns=\" http:=\"\" alt=\"\" class=\"wp-image-23133\" data-lazy- data-lazy- data-lazy-src=\"https:\/\/www.europesays.com\/fr\/wp-content\/uploads\/2025\/06\/12.06.25_FdM_La-Nuee_Nacera-Belaza_Pierre-Gondard-5.jpg\"\/>\u00a9 Pierre Gondard<\/p>\n<p>S\u2019appuyant sur une composition sonore ent\u00eatante, Nacera Belaza pousse \u00e0 la concentration pour distinguer les gestes, les d\u00e9placements et les intentions de ses interpr\u00e8tes. Ensemble, les danseuses et danseurs forment un groupe qui \u00e9volue dans une harmonie toute relative,\u00a0 de celles qui se lisent dans leur globalit\u00e9 \u00e0 travers une dynamique et une \u00e9nergie communes. Car en d\u00e9pit de leurs \u00e9videntes individualit\u00e9s, les silhouettes qui composent <strong>La Nu\u00e9e<\/strong> semblent en qu\u00eate d\u2019un m\u00eame objectif, conscient ou non.<\/p>\n<p>Au gr\u00e9 des rapprochements et des \u00e9loignements qu\u2019elle op\u00e8re au plateau, jouant d\u00e9licatement avec la perception \u2013 r\u00e9elle ou fantasm\u00e9e \u2013 du mouvement, Nacera Belaza semble presque concevoir un espace de pri\u00e8re. Une forme de rapport spirituel s\u2019instaure alors entre les corps organiques et les \u00e9l\u00e9ments techniques, comme un dialogue tacite qui unirait d\u00e9finitivement les uns aux autres. <strong>La Nu\u00e9e<\/strong> est de ces pi\u00e8ces qui se recomposent image par image, dans un clair-obscur qui pousse \u00e0 \u00eatre attentif au moindre d\u00e9tail, au plateau comme en salle.<\/p>\n<p>Festival de Marseille<br \/>Du 12 juin au 6 juillet 2025<\/p>\n<p>Lo Faunal<br \/>Cr\u00e9ation 2024<\/p>\n<p class=\"has-small-font-size\">R\u00e9alisation et chor\u00e9graphie :<strong> Bruno Ramri <\/strong>\/ Chor\u00e9graphie et interpr\u00e9tation :<strong> Pol Jim\u00e9nez<\/strong> \/ Composition et collage musical : <strong>Jaume Clotet<\/strong> \/ \u00c9clairage :<strong> Lucas Tornero<\/strong> \/ Conception des costumes : <strong>Maria Monseny<\/strong> \/ Confection des costumes : <strong>Brodats Paquita<\/strong> \/ Espace sc\u00e9nique : <strong>Bruno Ramri, Maria Monseny<\/strong> \/ Conception graphique : <strong>Sergi Mayench<\/strong> \/ Distribution : <strong>Patty Maestre<\/strong> \/ Mast\u00e9risation : <strong>Gerard Porqueres<\/strong><\/p>\n<p>La Nu\u00e9e<br \/>Cr\u00e9ation 2024 Kunstenfestivaldesarts<\/p>\n<p class=\"has-small-font-size\">Chor\u00e9graphie, conception son et lumi\u00e8re : <strong>Nacera Belaza<\/strong> \/ Interpr\u00e9tation : <strong>Paulin Banc, Aur\u00e9lie Berland, Viivi Forsman, Bastien Gash, Magdalena Hylak, Loreta Juodkaite, Aim\u00e9e Lagrange, Camille Marchand, Pierre Morillon, Eva Studzinski <\/strong>\/ R\u00e9gie g\u00e9n\u00e9rale, son et lumi\u00e8re : <strong>Christophe Renaud <\/strong>\/ Son : <strong>Marco Parenti<\/strong><\/p>\n","protected":false},"excerpt":{"rendered":"Pour l\u2019ouverture de sa trenti\u00e8me \u00e9dition, le Festival de Marseille fait se rencontrer artistes confirm\u00e9s, \u00e9mergents et amateurs.&hellip;\n","protected":false},"author":2,"featured_media":176886,"comment_status":"","ping_status":"","sticky":false,"template":"","format":"standard","meta":{"footnotes":""},"categories":[2814],"tags":[1111,11,3834,1777,674,31269,1011,27,884,31270,12,31271,882,25],"class_list":{"0":"post-176885","1":"post","2":"type-post","3":"status-publish","4":"format-standard","5":"has-post-thumbnail","7":"category-marseille","8":"tag-actu","9":"tag-actualites","10":"tag-critique-spectacle","11":"tag-eu","12":"tag-europe","13":"tag-festival-de-marseille","14":"tag-fr","15":"tag-france","16":"tag-marseille","17":"tag-nacera-belaza","18":"tag-news","19":"tag-pol-jimenez","20":"tag-provence-alpes-cote-dazur","21":"tag-republique-francaise"},"share_on_mastodon":{"url":"https:\/\/pubeurope.com\/@fr\/114683971251787329","error":""},"_links":{"self":[{"href":"https:\/\/www.europesays.com\/fr\/wp-json\/wp\/v2\/posts\/176885","targetHints":{"allow":["GET"]}}],"collection":[{"href":"https:\/\/www.europesays.com\/fr\/wp-json\/wp\/v2\/posts"}],"about":[{"href":"https:\/\/www.europesays.com\/fr\/wp-json\/wp\/v2\/types\/post"}],"author":[{"embeddable":true,"href":"https:\/\/www.europesays.com\/fr\/wp-json\/wp\/v2\/users\/2"}],"replies":[{"embeddable":true,"href":"https:\/\/www.europesays.com\/fr\/wp-json\/wp\/v2\/comments?post=176885"}],"version-history":[{"count":0,"href":"https:\/\/www.europesays.com\/fr\/wp-json\/wp\/v2\/posts\/176885\/revisions"}],"wp:featuredmedia":[{"embeddable":true,"href":"https:\/\/www.europesays.com\/fr\/wp-json\/wp\/v2\/media\/176886"}],"wp:attachment":[{"href":"https:\/\/www.europesays.com\/fr\/wp-json\/wp\/v2\/media?parent=176885"}],"wp:term":[{"taxonomy":"category","embeddable":true,"href":"https:\/\/www.europesays.com\/fr\/wp-json\/wp\/v2\/categories?post=176885"},{"taxonomy":"post_tag","embeddable":true,"href":"https:\/\/www.europesays.com\/fr\/wp-json\/wp\/v2\/tags?post=176885"}],"curies":[{"name":"wp","href":"https:\/\/api.w.org\/{rel}","templated":true}]}}