{"id":176895,"date":"2025-06-14T22:07:12","date_gmt":"2025-06-14T22:07:12","guid":{"rendered":"https:\/\/www.europesays.com\/fr\/176895\/"},"modified":"2025-06-14T22:07:12","modified_gmt":"2025-06-14T22:07:12","slug":"mike-james-toujours-suspendu-par-monaco-pour-la-finale-face-a-paris","status":"publish","type":"post","link":"https:\/\/www.europesays.com\/fr\/176895\/","title":{"rendered":"Mike James toujours suspendu par Monaco pour la finale face \u00e0 Paris"},"content":{"rendered":"<p>Monaco confirme la suspension de Mike James pour \u00abinfraction au r\u00e8glement interne du club\u00bb. Le meneur de jeu va rater au moins les deux premiers matchs de la finale du championnat.<\/p>\n<p class=\"fig-paragraph\">Le capitaine de Monaco,\u00a0<a href=\"http:\/\/www.lefigaro.fr\/sports\/basket\/basket-mike-james-suspendu-a-titre-conservatoire-par-monaco-20250602\" data-fig-type=\"NewsFlash\" data-gtm-custom-categorie=\"navigation\" data-gtm-custom-action=\"crossclick\" data-gtm-custom-label=\"Contextuel\" data-gtm-event=\"customEventSPE\" data-fig-domain=\"LEFIGARO\" target=\"_blank\" rel=\"noopener\">Mike James<\/a>, suspendu par son club depuis le 2 juin dernier \u00aben raison d&rsquo;une infraction au r\u00e8glement interne du club\u00bb, n&rsquo;a pas vu sa situation \u00e9voluer, a-t-on appris samedi aupr\u00e8s du club de la Principaut\u00e9. James, 34 ans et meneur vedette du club de la Principaut\u00e9, ne disputera donc pas, au moins,<a href=\"http:\/\/www.lefigaro.fr\/sports\/basket\/basket-ou-et-quand-suivre-la-finale-du-championnat-de-france-entre-paris-et-monaco-20250611\" data-fig-type=\"NewsFlash\" data-gtm-custom-categorie=\"navigation\" data-gtm-custom-action=\"crossclick\" data-gtm-custom-label=\"Contextuel\" data-gtm-event=\"customEventSPE\" data-fig-domain=\"LEFIGARO\" target=\"_blank\" rel=\"noopener\">\u00a0les deux premiers matches de la finale du championnat de France<\/a>\u00a0de basket contre le Paris Basketball, qui se d\u00e9rouleront dans la capitale ce dimanche, puis mardi 17 juin.<\/p>\n<p>\u00c9loign\u00e9 du club depuis sa suspension<\/p>\n<p class=\"fig-paragraph\">Le joueur, qui, depuis le d\u00e9but de sa suspension, est tenu \u00ab\u00e9loign\u00e9 de toutes les activit\u00e9s le reliant \u00e0 l&rsquo;entit\u00e9 de l&rsquo;AS Monaco basket\u00bb, ne s&rsquo;entra\u00eene plus avec la Roca Team. Il est donc tr\u00e8s peu probable qu&rsquo;il puisse effectuer son retour pour le match 3 de la finale, qui se tiendra en Principaut\u00e9 le 20 juin prochain.<\/p>\n<p class=\"fig-paragraph\">Meilleur marqueur de l&rsquo;histoire de l&rsquo;Euroligue avec 5276 points, \u00e9lu MVP de la comp\u00e9tition en 2024, l&rsquo;Am\u00e9ricain a disput\u00e9 son dernier match en date avec Monaco le 25 mai dernier lors de la finale perdue de l&rsquo;Euroligue contre le Fenerbah\u00e7e (70-81), disput\u00e9e \u00e0 Abou Dhabi. James, joueur au salaire le plus \u00e9lev\u00e9 du championnat de France, estim\u00e9 \u00e0 2,7 millions d&rsquo;euros annuels, est sous contrat avec Monaco jusqu&rsquo;en juin 2027.<\/p>\n","protected":false},"excerpt":{"rendered":"Monaco confirme la suspension de Mike James pour \u00abinfraction au r\u00e8glement interne du club\u00bb. Le meneur de jeu&hellip;\n","protected":false},"author":2,"featured_media":176896,"comment_status":"","ping_status":"","sticky":false,"template":"","format":"standard","meta":{"footnotes":""},"categories":[1888],"tags":[1111,1928,11,1927,7540,2190,1465,1464,3146,2180,2192,814,64,1777,450,2183,674,1011,27,2191,2193,820,2181,2182,12,1926,626,2179,1925,2189,2186,2184,2185,25,1980,2188,2187],"class_list":{"0":"post-176895","1":"post","2":"type-post","3":"status-publish","4":"format-standard","5":"has-post-thumbnail","7":"category-paris","8":"tag-actu","9":"tag-actu-paris","10":"tag-actualites","11":"tag-actualites-paris","12":"tag-as-monaco-basket","13":"tag-asvel","14":"tag-basket","15":"tag-basketball","16":"tag-betclic-elite","17":"tag-championnats-deurope","18":"tag-cholet","19":"tag-direct","20":"tag-equipe-de-france","21":"tag-eu","22":"tag-euro","23":"tag-euroligue","24":"tag-europe","25":"tag-fr","26":"tag-france","27":"tag-le-mans","28":"tag-limoges","29":"tag-live","30":"tag-mondial","31":"tag-nba","32":"tag-news","33":"tag-news-paris","34":"tag-paris","35":"tag-paris-basketball","36":"tag-paris-news","37":"tag-photos","38":"tag-play-offs","39":"tag-pro-a","40":"tag-pro-b","41":"tag-republique-francaise","42":"tag-resultats","43":"tag-statistiques","44":"tag-stats"},"share_on_mastodon":{"url":"https:\/\/pubeurope.com\/@fr\/114683998571056166","error":""},"_links":{"self":[{"href":"https:\/\/www.europesays.com\/fr\/wp-json\/wp\/v2\/posts\/176895","targetHints":{"allow":["GET"]}}],"collection":[{"href":"https:\/\/www.europesays.com\/fr\/wp-json\/wp\/v2\/posts"}],"about":[{"href":"https:\/\/www.europesays.com\/fr\/wp-json\/wp\/v2\/types\/post"}],"author":[{"embeddable":true,"href":"https:\/\/www.europesays.com\/fr\/wp-json\/wp\/v2\/users\/2"}],"replies":[{"embeddable":true,"href":"https:\/\/www.europesays.com\/fr\/wp-json\/wp\/v2\/comments?post=176895"}],"version-history":[{"count":0,"href":"https:\/\/www.europesays.com\/fr\/wp-json\/wp\/v2\/posts\/176895\/revisions"}],"wp:featuredmedia":[{"embeddable":true,"href":"https:\/\/www.europesays.com\/fr\/wp-json\/wp\/v2\/media\/176896"}],"wp:attachment":[{"href":"https:\/\/www.europesays.com\/fr\/wp-json\/wp\/v2\/media?parent=176895"}],"wp:term":[{"taxonomy":"category","embeddable":true,"href":"https:\/\/www.europesays.com\/fr\/wp-json\/wp\/v2\/categories?post=176895"},{"taxonomy":"post_tag","embeddable":true,"href":"https:\/\/www.europesays.com\/fr\/wp-json\/wp\/v2\/tags?post=176895"}],"curies":[{"name":"wp","href":"https:\/\/api.w.org\/{rel}","templated":true}]}}