{"id":176897,"date":"2025-06-14T22:08:16","date_gmt":"2025-06-14T22:08:16","guid":{"rendered":"https:\/\/www.europesays.com\/fr\/176897\/"},"modified":"2025-06-14T22:08:16","modified_gmt":"2025-06-14T22:08:16","slug":"elle-peut-etre-empruntee-en-toute-securite-la-passerelle-entre-alfortville-et-charenton-rouvre-enfin","status":"publish","type":"post","link":"https:\/\/www.europesays.com\/fr\/176897\/","title":{"rendered":"\u00ab\u00a0Elle peut \u00eatre emprunt\u00e9e en toute s\u00e9curit\u00e9\u00a0\u00bb\u00a0: la passerelle entre Alfortville et Charenton rouvre enfin"},"content":{"rendered":"<p class=\"paragraph text_align_left\">L\u2019information satisfait beaucoup de monde \u00e0 <a href=\"https:\/\/www.leparisien.fr\/val-de-marne-94\/alfortville-94140\/\" target=\"_blank\" rel=\"noreferrer noopener\">Alfortville<\/a> et <a href=\"https:\/\/www.leparisien.fr\/val-de-marne-94\/charenton-le-pont-94220\/\" target=\"_blank\" rel=\"noreferrer noopener\">Charenton-le-Pont<\/a> (Val-de-Marne). <a href=\"https:\/\/www.leparisien.fr\/val-de-marne-94\/la-passerelle-entre-alfortville-et-charenton-fermee-pour-raisons-de-securite-ca-va-me-faire-un-sacre-detour-06-05-2025-SMI26ZBJ7FD3FFLCVBJXAJAMNI.php\" target=\"_blank\" rel=\"noopener\">Ferm\u00e9e depuis le 2 mai \u00ab par pr\u00e9caution \u00bb<\/a> \u2212 des \u00e9l\u00e9ments inqui\u00e9tants avaient \u00e9t\u00e9 relev\u00e9s sur le rev\u00eatement et les soudures de garde-corps \u2212 la passerelle reliant les deux communes a rouvert en d\u00e9but d\u2019apr\u00e8s-midi ce jeudi 12 juin. La mairie d\u2019Alfortville indique dans un communiqu\u00e9 que, \u00ab suite \u00e0 une s\u00e9rie de contr\u00f4les techniques r\u00e9alis\u00e9s par des bureaux d\u2019\u00e9tudes sp\u00e9cialis\u00e9s, la passerelle peut \u00e0 nouveau \u00eatre emprunt\u00e9e en toute s\u00e9curit\u00e9, \u00e0 pied comme \u00e0 v\u00e9lo \u00bb.<\/p>\n<p class=\"paragraph text_align_left\">Elle explique que \u00ab des essais vibratoires ont \u00e9t\u00e9 men\u00e9s pour analyser le comportement de la structure face aux mouvements, comme la marche ou la course \u00bb. R\u00e9sultats : \u00ab Le confort est jug\u00e9 satisfaisant en usage normal (marche, travers\u00e9e pi\u00e9tonne ou \u00e0 v\u00e9lo). Des vibrations plus fortes ont \u00e9t\u00e9 relev\u00e9es lors de situations exceptionnelles (course \u00e0 faible allure), mais sans risque pour la s\u00e9curit\u00e9. \u00bb<\/p>\n","protected":false},"excerpt":{"rendered":"L\u2019information satisfait beaucoup de monde \u00e0 Alfortville et Charenton-le-Pont (Val-de-Marne). Ferm\u00e9e depuis le 2 mai \u00ab par pr\u00e9caution&hellip;\n","protected":false},"author":2,"featured_media":176898,"comment_status":"","ping_status":"","sticky":false,"template":"","format":"standard","meta":{"footnotes":""},"categories":[1888],"tags":[11,1777,674,1011,27,1944,12,626,25,1125],"class_list":{"0":"post-176897","1":"post","2":"type-post","3":"status-publish","4":"format-standard","5":"has-post-thumbnail","7":"category-paris","8":"tag-actualites","9":"tag-eu","10":"tag-europe","11":"tag-fr","12":"tag-france","13":"tag-ma-ville","14":"tag-news","15":"tag-paris","16":"tag-republique-francaise","17":"tag-val-de-marne"},"share_on_mastodon":{"url":"https:\/\/pubeurope.com\/@fr\/114684002618619503","error":""},"_links":{"self":[{"href":"https:\/\/www.europesays.com\/fr\/wp-json\/wp\/v2\/posts\/176897","targetHints":{"allow":["GET"]}}],"collection":[{"href":"https:\/\/www.europesays.com\/fr\/wp-json\/wp\/v2\/posts"}],"about":[{"href":"https:\/\/www.europesays.com\/fr\/wp-json\/wp\/v2\/types\/post"}],"author":[{"embeddable":true,"href":"https:\/\/www.europesays.com\/fr\/wp-json\/wp\/v2\/users\/2"}],"replies":[{"embeddable":true,"href":"https:\/\/www.europesays.com\/fr\/wp-json\/wp\/v2\/comments?post=176897"}],"version-history":[{"count":0,"href":"https:\/\/www.europesays.com\/fr\/wp-json\/wp\/v2\/posts\/176897\/revisions"}],"wp:featuredmedia":[{"embeddable":true,"href":"https:\/\/www.europesays.com\/fr\/wp-json\/wp\/v2\/media\/176898"}],"wp:attachment":[{"href":"https:\/\/www.europesays.com\/fr\/wp-json\/wp\/v2\/media?parent=176897"}],"wp:term":[{"taxonomy":"category","embeddable":true,"href":"https:\/\/www.europesays.com\/fr\/wp-json\/wp\/v2\/categories?post=176897"},{"taxonomy":"post_tag","embeddable":true,"href":"https:\/\/www.europesays.com\/fr\/wp-json\/wp\/v2\/tags?post=176897"}],"curies":[{"name":"wp","href":"https:\/\/api.w.org\/{rel}","templated":true}]}}