{"id":176900,"date":"2025-06-14T22:10:11","date_gmt":"2025-06-14T22:10:11","guid":{"rendered":"https:\/\/www.europesays.com\/fr\/176900\/"},"modified":"2025-06-14T22:10:11","modified_gmt":"2025-06-14T22:10:11","slug":"donald-trump-renoue-avec-vladimir-poutine","status":"publish","type":"post","link":"https:\/\/www.europesays.com\/fr\/176900\/","title":{"rendered":"Donald Trump renoue avec Vladimir Poutine"},"content":{"rendered":"<p>Entre les deux hommes, c\u2019est souvent \u00ab\u00a0je t\u2019aime, moi non plus\u00a0\u00bb, m\u00eame si c\u2019est souvent l\u2019actuel pr\u00e9sident des \u00c9tats-Unis qui fait la discussion. Samedi \u00e9tait un jour sp\u00e9cial pour le milliardaire am\u00e9ricain qui f\u00eatait son 79e anniversaire. Et le ma\u00eetre du Kremlin a eu une charmante attention pour son homologue si l\u2019on en croit <a href=\"https:\/\/www.parismatch.com\/bio\/donald-trump\" rel=\"nofollow noopener\" target=\"_blank\" data-ylk=\"slk:Donald Trump;elm:context_link;itc:0;sec:content-canvas\" class=\"link \">Donald Trump<\/a>.<\/p>\n<p>\u00ab\u00a0Le pr\u00e9sident Poutine m\u2019a appel\u00e9 ce matin pour me souhaiter tr\u00e8s gentiment un joyeux anniversaire\u00a0\u00bb, a \u00e9crit le pr\u00e9sident am\u00e9ricain\u00a0sur sa plateforme Truth Social. Bien s\u00fbr la discussion a pris un ton beaucoup plus diplomatique, apr\u00e8s l\u2019attaque sans pr\u00e9c\u00e9dent men\u00e9 par Isra\u00ebl sur l\u2019Iran et la r\u00e9plique de T\u00e9h\u00e9ran laissant craindre un embrasement g\u00e9n\u00e9ral du Moyen-Orient.<\/p>\n<p>\u00c0 lire aussi <a href=\"https:\/\/www.parismatch.com\/actu\/international\/si-je-netais-pas-la-des-choses-graves-seraient-arrivees-a-la-russie-trump-attaque-une-nouvelle-fois-poutine-sur-lukraine-252003\" rel=\"nofollow noopener\" target=\"_blank\" data-ylk=\"slk:\u00ab\u00a0Si je n\u2019\u00e9tais pas l\u00e0, des choses GRAVES seraient arriv\u00e9es \u00e0 la Russie\u00a0\u00bb\u00a0: Trump attaque une nouvelle fois Poutine sur l\u2019Ukraine;elm:context_link;itc:0;sec:content-canvas\" class=\"link \">\u00ab\u00a0Si je n\u2019\u00e9tais pas l\u00e0, des choses GRAVES seraient arriv\u00e9es \u00e0 la Russie\u00a0\u00bb\u00a0: Trump attaque une nouvelle fois Poutine sur l\u2019Ukraine <\/a><\/p>\n<p>\u00ab Cette guerre Isra\u00ebl-Iran doit s\u2019arr\u00eater \u00bb<\/p>\n<p>Le pr\u00e9sident russe Vladimir Poutine \u00ab\u00a0pense, comme moi, que cette guerre Isra\u00ebl-Iran doit s\u2019arr\u00eater\u00a0\u00bb, a\u00a0 aussi \u00e9crit Donald Trump sur sa plateforme Truth Social apr\u00e8s un \u00e9change t\u00e9l\u00e9phonique avec son homologue. \u00ab\u00a0Je lui ai r\u00e9pondu que sa guerre doit aussi s\u2019arr\u00eater\u00a0\u00bb, a-t-il ajout\u00e9 en faisant r\u00e9f\u00e9rence au conflit entre l\u2019Ukraine et la Russie. \u00ab\u00a0Nous avons longuement parl\u00e9\u00a0\u00bb et \u00ab\u00a0l\u2019appel a dur\u00e9 environ une heure\u00a0\u00bb, a ajout\u00e9 le pr\u00e9sident am\u00e9ricain.<\/p>\n<p>\u00c0 lire aussi <a href=\"https:\/\/www.parismatch.com\/actu\/international\/israel-iran-une-nuit-de-guerre-en-images-252778\" rel=\"nofollow noopener\" target=\"_blank\" data-ylk=\"slk:Isra\u00ebl-Iran, une nuit de guerre en images;elm:context_link;itc:0;sec:content-canvas\" class=\"link \">Isra\u00ebl-Iran, une nuit de guerre en images  <\/a><\/p>\n<p>&#8230;<br \/><a href=\"https:\/\/www.parismatch.com\/actu\/international\/il-ma-souhaite-un-joyeux-anniversaire-donald-trump-renoue-avec-vladimir-poutine-252794?at_medium=affiliate&amp;at_campaign=Yahoo\" rel=\"nofollow noopener\" target=\"_blank\" data-ylk=\"slk:Lire la suite sur ParisMatch;elm:context_link;itc:0;sec:content-canvas\" class=\"link \">Lire la suite sur ParisMatch<\/a><\/p>\n","protected":false},"excerpt":{"rendered":"Entre les deux hommes, c\u2019est souvent \u00ab\u00a0je t\u2019aime, moi non plus\u00a0\u00bb, m\u00eame si c\u2019est souvent l\u2019actuel pr\u00e9sident des&hellip;\n","protected":false},"author":2,"featured_media":176901,"comment_status":"","ping_status":"","sticky":false,"template":"","format":"standard","meta":{"footnotes":""},"categories":[1591],"tags":[11,75,1887,12,7274,1325,1885,1886,132,31273,31272,135],"class_list":{"0":"post-176900","1":"post","2":"type-post","3":"status-publish","4":"format-standard","5":"has-post-thumbnail","7":"category-russie","8":"tag-actualites","9":"tag-donald-trump","10":"tag-federation-de-russie","11":"tag-news","12":"tag-president-americain","13":"tag-president-des-etats-unis","14":"tag-russia","15":"tag-russian-federation","16":"tag-russie","17":"tag-truth-social","18":"tag-un-jour","19":"tag-vladimir-poutine"},"share_on_mastodon":{"url":"https:\/\/pubeurope.com\/@fr\/114684010552841435","error":""},"_links":{"self":[{"href":"https:\/\/www.europesays.com\/fr\/wp-json\/wp\/v2\/posts\/176900","targetHints":{"allow":["GET"]}}],"collection":[{"href":"https:\/\/www.europesays.com\/fr\/wp-json\/wp\/v2\/posts"}],"about":[{"href":"https:\/\/www.europesays.com\/fr\/wp-json\/wp\/v2\/types\/post"}],"author":[{"embeddable":true,"href":"https:\/\/www.europesays.com\/fr\/wp-json\/wp\/v2\/users\/2"}],"replies":[{"embeddable":true,"href":"https:\/\/www.europesays.com\/fr\/wp-json\/wp\/v2\/comments?post=176900"}],"version-history":[{"count":0,"href":"https:\/\/www.europesays.com\/fr\/wp-json\/wp\/v2\/posts\/176900\/revisions"}],"wp:featuredmedia":[{"embeddable":true,"href":"https:\/\/www.europesays.com\/fr\/wp-json\/wp\/v2\/media\/176901"}],"wp:attachment":[{"href":"https:\/\/www.europesays.com\/fr\/wp-json\/wp\/v2\/media?parent=176900"}],"wp:term":[{"taxonomy":"category","embeddable":true,"href":"https:\/\/www.europesays.com\/fr\/wp-json\/wp\/v2\/categories?post=176900"},{"taxonomy":"post_tag","embeddable":true,"href":"https:\/\/www.europesays.com\/fr\/wp-json\/wp\/v2\/tags?post=176900"}],"curies":[{"name":"wp","href":"https:\/\/api.w.org\/{rel}","templated":true}]}}