{"id":17691,"date":"2025-04-11T16:08:19","date_gmt":"2025-04-11T16:08:19","guid":{"rendered":"https:\/\/www.europesays.com\/fr\/17691\/"},"modified":"2025-04-11T16:08:19","modified_gmt":"2025-04-11T16:08:19","slug":"pas-de-suspension-des-travaux-pour-les-amenagements-ferroviaires-au-sud-de-bordeaux","status":"publish","type":"post","link":"https:\/\/www.europesays.com\/fr\/17691\/","title":{"rendered":"Pas de suspension des travaux pour les am\u00e9nagements ferroviaires au sud de Bordeaux"},"content":{"rendered":"<p class=\"wp-block-post-excerpt__excerpt\">Saisi en r\u00e9f\u00e9r\u00e9, le tribunal administratif de Bordeaux a rejet\u00e9 ce jeudi 10 avril la demande des associations anti-LGV de suspendre le chantier des am\u00e9nagements ferroviaires au sud de Bordeaux. <\/p>\n<p><a href=\"https:\/\/rue89bordeaux.com\/category\/actualite\/\" rel=\"tag noopener\" target=\"_blank\">Actualit\u00e9<\/a>, <a href=\"https:\/\/rue89bordeaux.com\/category\/kiosque-abonne\/\" rel=\"tag noopener\" target=\"_blank\">\u00c9dition abonn\u00e9s<\/a><\/p>\n<p>La R\u00e9daction<\/p>\n<p>Publi\u00e9 le 11 avril 2025\u00a0\u00a0\u00b7\u00a0\u00a0<\/p>\n<p>Imprim\u00e9 le 11 avril 2025 \u00e0 18h08\u00a0\u00a0\u00b7\u00a0\u00a0<\/p>\n<p>\t\t\t\t\t4\u00a0minutes\n<\/p>\n<p>Nouvel \u00e9chec judiciaire pour les anti-LGV. En d\u00e9cembre, <a href=\"https:\/\/rue89bordeaux.com\/2024\/12\/rejet-de-la-demande-de-suspension-des-travaux-pour-la-lgv-au-sud-de-bordeaux\/\" target=\"_blank\" rel=\"noreferrer noopener\">le tribunal administratif de Bordeaux les avait\u00a0d\u00e9bout\u00e9s <\/a>d\u2019une premi\u00e8re demande de suspendre le chantier des am\u00e9nagements ferroviaires au sud de Bordeaux (AFSB). Le caract\u00e8re d\u2019urgence, condition indispensable d\u2019une d\u00e9marche en r\u00e9f\u00e9r\u00e9, ne s\u2019imposait pas pour la juge, puisque le m\u00eame tribunal \u00e9tait cens\u00e9 se prononcer d\u00e9but 2025 sur le fond du dossier, en l\u2019occurrence sur la validit\u00e9 de la d\u00e9claration d\u2019utilit\u00e9 publique du projet.<\/p>\n<p>Quelques mois plus tard, ne voyant toujours rien venir en ce sens, les requ\u00e9rants \u2013 LGVEA, la Sepanso, Transcub et d\u2019autres associations, soutenues par les communes travers\u00e9es par la future ligne \u00e0 grande vitesse \u2013 ont \u00e0 nouveau saisi la justice administrative en r\u00e9f\u00e9r\u00e9. Alors que le gros des travaux doit d\u00e9marrer le 18 avril, les requ\u00e9rants ont cette fois attaqu\u00e9 l\u2019autorisation environnementale, arguant<a href=\"https:\/\/rue89bordeaux.com\/2025\/03\/lgv-bordeaux-toulouse-un-effet-a69-pour-stopper-les-amenagements-au-sud-de-bordeaux\/\" target=\"_blank\" rel=\"noreferrer noopener\"> la n\u00e9cessit\u00e9 d\u2019\u00e9viter un fiasco judiciaire similaire \u00e0 celui de l\u2019A69<\/a>.<\/p>\n<p>\t\t2 \u00e0 3 ans de retard<\/p>\n<p>Mais la m\u00eame juge a produit les m\u00eames effets, rejetant ce nouveau recours. A l\u2019audience qui s\u2019est d\u00e9roul\u00e9e le 4 avril dernier, SNCF R\u00e9seau, ma\u00eetre d\u2019\u0153uvre du projet, avait plaid\u00e9 qu\u2019un retard du chantier aurait engendr\u00e9, pour un projet 100% public, \u00ab\u00a0un surco\u00fbt tr\u00e8s important entre 652 et 964 millions d\u2019euros pour une suspension entre 12 et 18 mois, et un retard de mise en service entre 2 et 3 ans\u00a0\u00bb.<\/p>\n<p class=\"has-primary-color has-text-color\">\n\t\t\t<strong> Cet article fait partie de l\u2019\u00e9dition abonn\u00e9s.<\/strong><br \/>\n\t\t\t| D\u00e9j\u00e0 abonn\u00e9\u00a0?<br \/>\n\t\t\t<a href=\"https:\/\/rue89bordeaux.com\/user\/login\/\" data-type=\"page\" data-id=\"26256\" target=\"_blank\" rel=\"noopener\">Connectez-vous<\/a>\n\t\t<\/p>\n<p>Abonnez-vous maintenant pour poursuivre votre lecture<\/p>\n<p><img loading=\"lazy\" decoding=\"async\" width=\"607\" height=\"480\" src=\"https:\/\/www.europesays.com\/fr\/wp-content\/uploads\/2025\/04\/1744387698_768_04-paywall.png\" alt=\"Abonnez-vous\" class=\"wp-image-128438\" style=\"aspect-ratio:1.2645833333333334;width:281px;height:auto\"  \/><\/p>\n<p>\t\t\t<a href=\"https:\/\/rue89bordeaux.com\/\" class=\"custom-logo-link\" rel=\"home noopener\" target=\"_blank\"><img loading=\"lazy\" decoding=\"async\" width=\"290\" height=\"49\" src=\"https:\/\/www.europesays.com\/fr\/wp-content\/uploads\/2025\/04\/logo.png\" class=\"custom-logo\" alt=\"Rue89Bordeaux Enqu\u00eates et informations de proximit\u00e9\"  \/><\/a><\/p>\n<p>\n\t\t\t\tAbonnez-vous maintenant pour suivre l\u2019actualit\u00e9 locale.\t\t\t<\/p>\n<p class=\"font-bold font-serif-heading mb-2 text-4xl\">\n\t\t\t\t\t\tL\u2019investigation locale \u00e0 port\u00e9e de main.\n\t\t\t\t\t<\/p>\n<p>\n\t\t\t\t\t\tAbonnez-vous et profitez d\u2019un acc\u00e8s illimit\u00e9 \u00e0 Rue89Bordeaux. Annulez quand vous voulez.\n\t\t\t\t\t<\/p>\n<p class=\"xl:text-sm\">\n\t\t\t\t\tD\u00e9j\u00e0 abonn\u00e9\u00a0?<br \/>\n\t\t\t\t\t<a class=\"border border-transparent text-center transition-colors duration-instant focus:border-info focus:rounded focus:shadow-focus cursor-pointer text-black hover:text-gray-700 active:bg-black-700 font-semibold inline-block\" href=\"https:\/\/rue89bordeaux.com\/user\/login\/?redirect=\/2025\/04\/pas-de-suspension-des-travaux-pour-les-amenagements-ferroviaires-au-sud-de-bordeaux\/\" target=\"_blank\" rel=\"noopener\">Connectez-vous<\/a>\t\t\t\t<\/p>\n<p>\n\t\t\t\tChoisissez votre formule\u00a0:\n\t\t\t<\/p>\n<p>\t\t\t\tFermer<\/p>\n","protected":false},"excerpt":{"rendered":"Saisi en r\u00e9f\u00e9r\u00e9, le tribunal administratif de Bordeaux a rejet\u00e9 ce jeudi 10 avril la demande des associations&hellip;\n","protected":false},"author":2,"featured_media":17692,"comment_status":"","ping_status":"","sticky":false,"template":"","format":"standard","meta":{"footnotes":""},"categories":[2817],"tags":[1111,11,7130,1997,1777,674,1011,27,6200,12,2219,7131,25,7132],"class_list":{"0":"post-17691","1":"post","2":"type-post","3":"status-publish","4":"format-standard","5":"has-post-thumbnail","7":"category-bordeaux","8":"tag-actu","9":"tag-actualites","10":"tag-afsb","11":"tag-bordeaux","12":"tag-eu","13":"tag-europe","14":"tag-fr","15":"tag-france","16":"tag-lgv-bordeaux-toulouse","17":"tag-news","18":"tag-nouvelle-aquitaine","19":"tag-prefecture-de-la-gironde","20":"tag-republique-francaise","21":"tag-tribunal-administratif-de-bordeaux"},"share_on_mastodon":{"url":"https:\/\/pubeurope.com\/@fr\/114320199215374352","error":""},"_links":{"self":[{"href":"https:\/\/www.europesays.com\/fr\/wp-json\/wp\/v2\/posts\/17691","targetHints":{"allow":["GET"]}}],"collection":[{"href":"https:\/\/www.europesays.com\/fr\/wp-json\/wp\/v2\/posts"}],"about":[{"href":"https:\/\/www.europesays.com\/fr\/wp-json\/wp\/v2\/types\/post"}],"author":[{"embeddable":true,"href":"https:\/\/www.europesays.com\/fr\/wp-json\/wp\/v2\/users\/2"}],"replies":[{"embeddable":true,"href":"https:\/\/www.europesays.com\/fr\/wp-json\/wp\/v2\/comments?post=17691"}],"version-history":[{"count":0,"href":"https:\/\/www.europesays.com\/fr\/wp-json\/wp\/v2\/posts\/17691\/revisions"}],"wp:featuredmedia":[{"embeddable":true,"href":"https:\/\/www.europesays.com\/fr\/wp-json\/wp\/v2\/media\/17692"}],"wp:attachment":[{"href":"https:\/\/www.europesays.com\/fr\/wp-json\/wp\/v2\/media?parent=17691"}],"wp:term":[{"taxonomy":"category","embeddable":true,"href":"https:\/\/www.europesays.com\/fr\/wp-json\/wp\/v2\/categories?post=17691"},{"taxonomy":"post_tag","embeddable":true,"href":"https:\/\/www.europesays.com\/fr\/wp-json\/wp\/v2\/tags?post=17691"}],"curies":[{"name":"wp","href":"https:\/\/api.w.org\/{rel}","templated":true}]}}