{"id":176916,"date":"2025-06-14T22:19:16","date_gmt":"2025-06-14T22:19:16","guid":{"rendered":"https:\/\/www.europesays.com\/fr\/176916\/"},"modified":"2025-06-14T22:19:16","modified_gmt":"2025-06-14T22:19:16","slug":"la-france-miraculee-contre-la-georgie","status":"publish","type":"post","link":"https:\/\/www.europesays.com\/fr\/176916\/","title":{"rendered":"La France miracul\u00e9e contre la G\u00e9orgie"},"content":{"rendered":"<p>Miracle \u00e0 Zilina: l&rsquo;\u00e9quipe de France Espoirs a arrach\u00e9 la victoire \u00e0 la toute derni\u00e8re seconde contre la G\u00e9orgie (3-2) \u00e0 l&rsquo;Euro-2025, samedi, et s&rsquo;est bien plac\u00e9e pour se qualifier pour les quarts de finale.<\/p>\n<p>Le h\u00e9ros s&rsquo;appelle Thierno Barry. L&rsquo;attaquant de Villarreal avait cru signer la remontada des Bleuets au d\u00e9but du temps additionnel (90+2), mais son but a \u00e9t\u00e9 refus\u00e9 pour un hors-jeu d\u00e9tect\u00e9 par le VAR.<\/p>\n<p>Mais il est revenu \u00e0 la charge tout au bout du match pour reprendre un centre de Castello Lukeba (90+12) et offrir une victoire aux Bleuets, deuxi\u00e8mes de leur groupe \u00e0 \u00e9galit\u00e9 de points avec le Portugal, contre qui ils avaient fait match nul (0-0) lors de la premi\u00e8re rencontre.<\/p>\n<p>Les Lusitaniens ont de leur c\u00f4t\u00e9 \u00e9cras\u00e9 la Pologne (5-0) dans l&rsquo;autre match. Tout le suspense \u00e9tait concentr\u00e9 sur France-G\u00e9orgie.<\/p>\n<p>Les joueurs de G\u00e9rald Baticle, en qu\u00eate d&rsquo;esprit d&rsquo;\u00e9quipe avec un groupe qui a d\u00fb \u00eatre reconstruit au dernier moment en raison des nombreux forfait, ont v\u00e9cu des moments qui peuvent cimenter leur histoire commune.<\/p>\n<p>Face \u00e0 des G\u00e9orgiens athl\u00e9tiques, qui avaient battu la Pologne (2-1) au premier match, les Fran\u00e7ais dominaient mollement, jusqu&rsquo;\u00e0 un penalty siffl\u00e9 pour une faute du d\u00e9fenseur central Saba Sazonov, un pied lev\u00e9 qui a frapp\u00e9 Tel \u00e0 la m\u00e2choire.<\/p>\n<p>Le joueur de Tottenham a lui-m\u00eame transform\u00e9 la sanction (35e, s.p.) en trompant le gardien Luka Kharatishvili, parti du mauvais c\u00f4t\u00e9.<\/p>\n<p>&#8211; Thierno ce h\u00e9ros &#8211;<\/p>\n<p>Tel, positionn\u00e9 en pointe par G\u00e9rald Baticle \u00e0 la place de Matthis Abline, qui avait \u00e9t\u00e9 align\u00e9 contre le Portugal, avait \u00e9t\u00e9 le Bleuet le plus dangereux, notamment sur une frappe envelopp\u00e9e sortie par le portier g\u00e9orgien (22e) ou une vol\u00e9e manquant de peu le cadre (52e).<\/p>\n<p>Mais faute de prendre le large, les Bleuets se sont fait pi\u00e9ger. Ils dominaient, mais Gabriel Sigua a chip\u00e9 le ballon dans les pieds de Matthis Abline, qui venait de remplacer Tel, et a servi Giorgi Abuashvili qui a tromp\u00e9 Guillaume Restes (77e).<\/p>\n<p>Deux minutes avant, l&rsquo;attaquant nantais avait but\u00e9 sur le gardien pour la balle de 2-0 (75e).<\/p>\n<p>Les Espoirs fran\u00e7ais ont cru tout perdre quelques minutes plus tard quand Sazonov a marqu\u00e9 de la t\u00eate le but du 2-1 (84e).<\/p>\n<p>Mais Johann Lepenant a \u00e9galis\u00e9 sur une passe de Lucien Agoum\u00e9 (89e), de retour de blessure, et le temps additionnel a vir\u00e9 \u00e0 la folie.<\/p>\n<p>Thierno Barry a cru marquer mais ne s&rsquo;est pas d\u00e9courag\u00e9 et a sign\u00e9 le but vainqueur dans les tous derniers instants. Les Bleuets sont en position de force avant de d\u00e9fier la Pologne, bon dernier du groupe, mardi.<\/p>\n<p>eba\/bdu<\/p>\n","protected":false},"excerpt":{"rendered":"Miracle \u00e0 Zilina: l&rsquo;\u00e9quipe de France Espoirs a arrach\u00e9 la victoire \u00e0 la toute derni\u00e8re seconde contre la&hellip;\n","protected":false},"author":2,"featured_media":176917,"comment_status":"","ping_status":"","sticky":false,"template":"","format":"standard","meta":{"footnotes":""},"categories":[4],"tags":[11,31274,30320,1011,27,31275,31277,31279,8398,24151,16500,13295,12,25,31278,31276],"class_list":{"0":"post-176916","1":"post","2":"type-post","3":"status-publish","4":"format-standard","5":"has-post-thumbnail","7":"category-france","8":"tag-actualites","9":"tag-bleuets","10":"tag-castello-lukeba","11":"tag-fr","12":"tag-france","13":"tag-france-espoirs","14":"tag-france-georgie","15":"tag-gabriel-sigua","16":"tag-guillaume-restes","17":"tag-johann-lepenant","18":"tag-la-pologne","19":"tag-matthis-abline","20":"tag-news","21":"tag-republique-francaise","22":"tag-saba-sazonov","23":"tag-thierno-barry"},"share_on_mastodon":{"url":"https:\/\/pubeurope.com\/@fr\/114684045778996685","error":""},"_links":{"self":[{"href":"https:\/\/www.europesays.com\/fr\/wp-json\/wp\/v2\/posts\/176916","targetHints":{"allow":["GET"]}}],"collection":[{"href":"https:\/\/www.europesays.com\/fr\/wp-json\/wp\/v2\/posts"}],"about":[{"href":"https:\/\/www.europesays.com\/fr\/wp-json\/wp\/v2\/types\/post"}],"author":[{"embeddable":true,"href":"https:\/\/www.europesays.com\/fr\/wp-json\/wp\/v2\/users\/2"}],"replies":[{"embeddable":true,"href":"https:\/\/www.europesays.com\/fr\/wp-json\/wp\/v2\/comments?post=176916"}],"version-history":[{"count":0,"href":"https:\/\/www.europesays.com\/fr\/wp-json\/wp\/v2\/posts\/176916\/revisions"}],"wp:featuredmedia":[{"embeddable":true,"href":"https:\/\/www.europesays.com\/fr\/wp-json\/wp\/v2\/media\/176917"}],"wp:attachment":[{"href":"https:\/\/www.europesays.com\/fr\/wp-json\/wp\/v2\/media?parent=176916"}],"wp:term":[{"taxonomy":"category","embeddable":true,"href":"https:\/\/www.europesays.com\/fr\/wp-json\/wp\/v2\/categories?post=176916"},{"taxonomy":"post_tag","embeddable":true,"href":"https:\/\/www.europesays.com\/fr\/wp-json\/wp\/v2\/tags?post=176916"}],"curies":[{"name":"wp","href":"https:\/\/api.w.org\/{rel}","templated":true}]}}