{"id":176925,"date":"2025-06-14T22:26:09","date_gmt":"2025-06-14T22:26:09","guid":{"rendered":"https:\/\/www.europesays.com\/fr\/176925\/"},"modified":"2025-06-14T22:26:09","modified_gmt":"2025-06-14T22:26:09","slug":"jai-des-points-sur-mon-permis-pour-jouer","status":"publish","type":"post","link":"https:\/\/www.europesays.com\/fr\/176925\/","title":{"rendered":"J&rsquo;ai des points sur mon permis pour jouer\u00a0!"},"content":{"rendered":"<p>Deux semaines apr\u00e8s leur altercation \u00e0 Barcelone, <a href=\"https:\/\/fr.motorsport.com\/driver\/george-russell\/96626\/\" target=\"_blank\" rel=\"noopener\">George Russell<\/a> et <a href=\"https:\/\/fr.motorsport.com\/driver\/max-verstappen\/93029\/\" target=\"_blank\" rel=\"noopener\">Max Verstappen<\/a> vont se retrouver c\u00f4te \u00e0 c\u00f4te sur la grille de d\u00e9part \u00e0 Montr\u00e9al. Bien avant ce contact d\u00e9lib\u00e9r\u00e9, qui a valu une p\u00e9nalit\u00e9 \u00e0 Verstappen et le rapproche d&rsquo;une suspension, les deux hommes avaient d\u00e9j\u00e0 un passif, avec une <a href=\"https:\/\/fr.motorsport.com\/f1\/news\/russell-attaque-verstappen-au-dessus-lois\/10679424\/\" target=\"_blank\" rel=\"noopener\">premi\u00e8re sanction pour le pilote Red Bull l&rsquo;an dernier \u00e0 Losail<\/a>, puis la <a href=\"https:\/\/fr.motorsport.com\/f1\/news\/russell-verstappen-opposer-gens-comme-ca\/10695974\/\" target=\"_blank\" rel=\"noopener\">volont\u00e9 affich\u00e9e par Russell durant l&rsquo;intersaison de lui tenir t\u00eate<\/a>.<\/p>\n<p>Dimanche, l&rsquo;Anglais s&rsquo;\u00e9lancera donc juste devant Verstappen, qui aura cependant l&rsquo;avantage d&rsquo;une meilleure vitesse de pointe et de la trajectoire ext\u00e9rieure pour le premier virage. Les ingr\u00e9dients pour un nouvel affrontement muscl\u00e9\u00a0?<\/p>\n<p>\u00ab\u00a0On est potes, dont tout va bien\u00a0!\u00a0\u00bb a ironis\u00e9 Russell \u00e0 la descente de sa monoplace, en poussant la provocation un peu plus loin\u00a0: \u00ab\u00a0J&rsquo;ai des points en plus sur mon permis pour jouer ! [rires] On verra.\u00a0\u00bb<\/p>\n<p>Verstappen a cumul\u00e9 11 points de p\u00e9nalit\u00e9 au cours des derniers mois. Plus qu&rsquo;un et il sera exclu pendant une course, ce qui pourrait le pousser \u00e0 la prudence au cours des deux prochains Grands Prix, m\u00eame s&rsquo;il a <a href=\"https:\/\/fr.motorsport.com\/f1\/news\/verstappen-risque-suspension-pas-changer-pilotage\/10732006\/\" target=\"_blank\" rel=\"noopener\">affich\u00e9 sa volont\u00e9 de ne pas changer d&rsquo;approche<\/a>. Interrog\u00e9 \u00e0 son tour sur le sujet en conf\u00e9rence de presse, le N\u00e9erlandais n&rsquo;a pas du tout voulu plaisanter.<\/p>\n<p>\u00ab\u00a0Je n&rsquo;ai pas besoin de l&rsquo;entendre \u00e0 nouveau, \u00e7a m&rsquo;\u00e9nerve vraiment\u00a0\u00bb, a-t-il comment\u00e9. \u00ab\u00a0Vous en avez parl\u00e9 jeudi, c&rsquo;\u00e9tait une perte de temps, c&rsquo;est tr\u00e8s pu\u00e9ril. C&rsquo;est aussi pour \u00e7a que je ne veux pas trop en parler parce que c&rsquo;est vraiment ennuyeux, c&rsquo;est le monde actuel.\u00a0\u00bb<\/p>\n<p>Lire aussi :<\/p>\n<p>Russell a eu l&rsquo;occasion de s&rsquo;exprimer plus s\u00e9rieusement sur la situation. Il s&rsquo;attend \u00e0 un d\u00e9part tout \u00e0 fait classique :\u00a0\u00ab\u00a0Je pense pas qu&rsquo;un seul pilote cherche \u00e0 percuter quelqu&rsquo;un et obtenir de points de p\u00e9nalit\u00e9 sur son permis. Donc vous savez, Max est l&rsquo;un des meilleurs pilotes, il n&rsquo;y a aucune raison qu&rsquo;il roule diff\u00e9remment.\u00a0\u00bb<\/p>\n<p>\u00ab\u00a0Je ne me dis pas qu&rsquo;il va nous laisser plus de place. S&rsquo;il y a quelque chose, \u00e7a sera probablement l&rsquo;inverse pour essayer de prouver quelque chose. Donc vous savez, je vais rester attentif, mais nous sommes tous l\u00e0 pour gagner. Et nous ne sommes pas l\u00e0 pour mettre notre course en danger.\u00a0\u00bb<\/p>\n<p>\u00ab\u00a0L&rsquo;un des plus exaltants de ma vie\u00a0\u00bb<\/p>\n<p>Avant de songer \u00e0 la course, George Russell va savourer une pole un peu inattendue pour lui. Depuis le d\u00e9but de l&rsquo;ann\u00e9e, les pilotes <a href=\"https:\/\/fr.motorsport.com\/team\/mclaren\/609\/\" target=\"_blank\" rel=\"noopener\">McLaren<\/a> et Max Verstappen avaient d\u00e9croch\u00e9 toutes les poles en jeu. D\u00e9j\u00e0 poleman \u00e0 Montr\u00e9al la saison pass\u00e9e, le pilote <a href=\"https:\/\/fr.motorsport.com\/team\/mercedes\/611\/\" target=\"_blank\" rel=\"noopener\">Mercedes<\/a> a r\u00e9ussi un tr\u00e8s bon tour pour battre les premiers du championnat.<\/p>\n<p>\u00ab\u00a0C&rsquo;est incroyable de d\u00e9crocher la pole devant cette foule incroyable. Sinc\u00e8rement, le dernier tour \u00e9tait probablement l&rsquo;un des plus exaltants de ma vie parce que sur mon volant, j&rsquo;avais l&rsquo;\u00e9cart qui s&rsquo;affichait \u00e0 chaque virage. J&rsquo;\u00e9tais un dixi\u00e8me plus rapide, un dixi\u00e8me plus rapide&#8230; Et au dernier virage, j&rsquo;avais six dixi\u00e8mes d&rsquo;avance.\u00a0\u00bb<\/p>\n<p>\u00ab\u00a0Je me suis dit &lsquo;Tr\u00e8s bien, ce tour est super\u00a0! Et en passant sur la ligne, voir que nous \u00e9tions premiers \u00e9tait une vraie surprise donc oui, je suis super content.\u00a0\u00bb<\/p>\n<p>Lire aussi :<\/p>\n<p>Dans cet article<\/p>\n<p>    Vincent Lalanne-Sicaud\n<\/p>\n<p>    Formule 1\n<\/p>\n<p>    Max Verstappen\n<\/p>\n<p>    George Russell\n<\/p>\n<p>    Red Bull\n<\/p>\n<p>    Mercedes\n<\/p>\n<p>Soyez le premier inform\u00e9 et souscrivez aux alertes mails pour recevoir les infos en temps r\u00e9el<\/p>\n<p>    S&rsquo;abonner aux alertes de news<\/p>\n","protected":false},"excerpt":{"rendered":"Deux semaines apr\u00e8s leur altercation \u00e0 Barcelone, George Russell et Max Verstappen vont se retrouver c\u00f4te \u00e0 c\u00f4te&hellip;\n","protected":false},"author":2,"featured_media":176926,"comment_status":"","ping_status":"","sticky":false,"template":"","format":"standard","meta":{"footnotes":""},"categories":[1412],"tags":[30180,1451,1452,1453,1454,1455,1011,27,9124,30179,2236,4320,2255,60],"class_list":{"0":"post-176925","1":"post","2":"type-post","3":"status-publish","4":"format-standard","5":"has-post-thumbnail","7":"category-f1","8":"tag-circuit-gilles-villeneuve","9":"tag-f1","10":"tag-formula-1","11":"tag-formula1","12":"tag-formule-1","13":"tag-formule1","14":"tag-fr","15":"tag-france","16":"tag-george-russell","17":"tag-gp-du-canada","18":"tag-max-verstappen","19":"tag-mercedes","20":"tag-red-bull","21":"tag-sports"},"share_on_mastodon":{"url":"https:\/\/pubeurope.com\/@fr\/114684073292557217","error":""},"_links":{"self":[{"href":"https:\/\/www.europesays.com\/fr\/wp-json\/wp\/v2\/posts\/176925","targetHints":{"allow":["GET"]}}],"collection":[{"href":"https:\/\/www.europesays.com\/fr\/wp-json\/wp\/v2\/posts"}],"about":[{"href":"https:\/\/www.europesays.com\/fr\/wp-json\/wp\/v2\/types\/post"}],"author":[{"embeddable":true,"href":"https:\/\/www.europesays.com\/fr\/wp-json\/wp\/v2\/users\/2"}],"replies":[{"embeddable":true,"href":"https:\/\/www.europesays.com\/fr\/wp-json\/wp\/v2\/comments?post=176925"}],"version-history":[{"count":0,"href":"https:\/\/www.europesays.com\/fr\/wp-json\/wp\/v2\/posts\/176925\/revisions"}],"wp:featuredmedia":[{"embeddable":true,"href":"https:\/\/www.europesays.com\/fr\/wp-json\/wp\/v2\/media\/176926"}],"wp:attachment":[{"href":"https:\/\/www.europesays.com\/fr\/wp-json\/wp\/v2\/media?parent=176925"}],"wp:term":[{"taxonomy":"category","embeddable":true,"href":"https:\/\/www.europesays.com\/fr\/wp-json\/wp\/v2\/categories?post=176925"},{"taxonomy":"post_tag","embeddable":true,"href":"https:\/\/www.europesays.com\/fr\/wp-json\/wp\/v2\/tags?post=176925"}],"curies":[{"name":"wp","href":"https:\/\/api.w.org\/{rel}","templated":true}]}}