{"id":176927,"date":"2025-06-14T22:27:10","date_gmt":"2025-06-14T22:27:10","guid":{"rendered":"https:\/\/www.europesays.com\/fr\/176927\/"},"modified":"2025-06-14T22:27:10","modified_gmt":"2025-06-14T22:27:10","slug":"cyclisme-tour-de-suisse-alaphilippe-mon-dernier-gros-test-avant-le-tour-de-france","status":"publish","type":"post","link":"https:\/\/www.europesays.com\/fr\/176927\/","title":{"rendered":"Cyclisme. Tour de Suisse &#8211; Alaphilippe : \u00abMon dernier gros test avant le Tour de France&#8230;\u00bb"},"content":{"rendered":"<p> Lire la suite de l&rsquo;article&#13;<\/p>\n<p>\u00a0<\/p>\n<p>&#13;<br \/>\n\u00ab\u00a0J\u2019ai de tr\u00e8s bons souvenirs ici\u00a0\u00bb&#13;<\/p>\n<p><strong>Quels sont vos souvenirs du Tour de Suisse, et avez-vous v\u00e9cu des moments plus difficiles ?<\/strong><\/p>\n<p>&#13;<\/p>\n<p>J\u2019ai de tr\u00e8s bons souvenirs. Je n\u2019ai particip\u00e9 qu\u2019une seule fois au Tour de Suisse, et c\u2019\u00e9tait une belle exp\u00e9rience. Mais c\u2019\u00e9tait aussi un moment tr\u00e8s sp\u00e9cial pour moi : j\u2019ai d\u00fb quitter la course pour la naissance de mon fils. C\u2019\u00e9tait magique. Revenir ici aujourd\u2019hui, le jour de ses 4 ans, c\u2019est vraiment particulier. Apr\u00e8s trois semaines de stage, je suis tr\u00e8s motiv\u00e9. Je suis content d\u2019\u00eatre l\u00e0. C\u2019est une course importante pour l\u2019\u00e9quipe, un vrai test avant le Tour de France. J\u2019ai vraiment envie de me faire plaisir.<\/p>\n<p>&#13;<\/p>\n<p>\u00a0<\/p>\n<p>&#13;<\/p>\n<p><strong>C\u2019est une pr\u00e9paration pour le Tour ou une course \u00e0 part enti\u00e8re ?<\/strong><\/p>\n<p>&#13;<\/p>\n<p>On peut dire que c\u2019est le dernier gros bloc de pr\u00e9paration, mais j\u2019ai aussi envie d\u2019y performer. J\u2019ai beaucoup travaill\u00e9 et j\u2019esp\u00e8re me rapprocher de mon meilleur niveau. C\u2019est une semaine importante pour nous.<\/p>\n<p>&#13;<\/p>\n<p>\u00a0<\/p>\n<p>&#13;<\/p>\n<p><strong>Quel est ton bilan de cette premi\u00e8re moiti\u00e9 de saison ?<\/strong><\/p>\n<p>&#13;<\/p>\n<p>Je suis satisfait, m\u00eame si je n\u2019ai pas encore gagn\u00e9. C\u2019est quelque chose que j\u2019attends avec envie. Les Ardennaises ne se sont pas pass\u00e9es comme pr\u00e9vu, c\u2019est s\u00fbr, mais il y a eu beaucoup de choses positives, pour l\u2019\u00e9quipe et pour moi. Maintenant, j\u2019esp\u00e8re pouvoir aller chercher une belle victoire.<\/p>\n<p>&#13;<\/p>\n<p>\u00a0<\/p>\n<p>&#13;<br \/>\n\u00ab\u00a0J\u2019ai l\u2019impression de red\u00e9couvrir mon m\u00e9tier\u00a0\u00bb&#13;<\/p>\n<p><strong>Tu as d\u00e9j\u00e0 rep\u00e9r\u00e9 les \u00e9tapes du Tour de Suisse ?<\/strong><\/p>\n<p>&#13;<\/p>\n<p>Oui, un peu. Je sais que demain, le final est difficile. Les premiers jours peuvent bien nous convenir, ensuite ce sera plus dur. On a une \u00e9quipe offensive avec Marc (Hirschi), Marius (Mayrhofer), qui vient de gagner une \u00e9tape, et moi. On ne vise pas le g\u00e9n\u00e9ral, mais on veut aller chercher une victoire d\u2019\u00e9tape.<\/p>\n<p>&#13;<\/p>\n<p>\u00a0<\/p>\n<p>&#13;<\/p>\n<p><strong>Quelles sont les choses positives que tu as v\u00e9cues avec l\u2019\u00e9quipe ces derniers mois ?<\/strong><\/p>\n<p>&#13;<\/p>\n<p>Franchement, tout est positif. Le changement a \u00e9t\u00e9 important, mais je me suis vite adapt\u00e9. J\u2019ai pris beaucoup de plaisir dans mon r\u00f4le ici. Le stage en altitude s\u2019est bien pass\u00e9. J\u2019ai l\u2019impression de red\u00e9couvrir mon m\u00e9tier. Ce sont de nouvelles personnes, de nouvelles m\u00e9thodes, mais au final, \u00e7a reste du v\u00e9lo et du partage.<\/p>\n<p>&#13;<\/p>\n<p>\u00a0<\/p>\n<p>&#13;<\/p>\n<p><strong>Est-ce que c\u2019est un plaisir que tu avais un peu perdu ces derni\u00e8res ann\u00e9es ?<\/strong><\/p>\n<p>&#13;<\/p>\n<p>Non, je ne dirais pas \u00e7a. Mais apr\u00e8s autant d\u2019ann\u00e9es, on s\u2019habitue. C\u2019\u00e9tait le bon moment pour moi de rejoindre un projet jeune, nouveau, ambitieux. \u00c7a m\u2019a redonn\u00e9 de l\u2019envie.<\/p>\n<p>&#13;<\/p>\n<p>\u00a0<\/p>\n<p>&#13;<br \/>\n\u00ab\u00a0J\u2019\u00e9tais bien sur certaines courses, mais pas assez pour gagner\u00a0\u00bb&#13;<\/p>\n<p><strong>Le changement de mat\u00e9riel, comment \u00e7a s\u2019est pass\u00e9 ?<\/strong><\/p>\n<p>&#13;<\/p>\n<p>Tr\u00e8s bien. C\u2019\u00e9tait important pour moi, car j\u2019ai roul\u00e9 toute ma carri\u00e8re avec le m\u00eame mat\u00e9riel. Mais apr\u00e8s quelques semaines, j\u2019\u00e9tais d\u00e9j\u00e0 \u00e0 l\u2019aise. Je suis tr\u00e8s content de ce qu\u2019on a aujourd\u2019hui.<\/p>\n<p>&#13;<\/p>\n<p>\u00a0<\/p>\n<p>&#13;<\/p>\n<p><strong>Pourquoi as-tu mis le contre-la-montre de c\u00f4t\u00e9 ?<\/strong><\/p>\n<p>&#13;<\/p>\n<p>Parce que j\u2019ai voulu prendre le temps de m\u2019adapter au nouveau v\u00e9lo, au groupe, \u00e0 toutes ces nouveaut\u00e9s. Je sais que j\u2019ai encore du travail sur la position, sur les r\u00e9glages. Je pr\u00e9f\u00e8re ne pas tout faire en m\u00eame temps. Ce sera pour plus tard.<\/p>\n<p>&#13;<\/p>\n<p>\u00a0<\/p>\n<p>&#13;<\/p>\n<p><strong>Tu dis que ton int\u00e9gration est r\u00e9ussie, mais tu n\u2019as pas encore gagn\u00e9. Qu\u2019est-ce qui t\u2019a manqu\u00e9 ?<\/strong><\/p>\n<p>&#13;<\/p>\n<p>Simplement les jambes. J\u2019ai eu des occasions, j\u2019\u00e9tais bien sur certaines courses, mais pas assez pour gagner. J\u2019esp\u00e8re que la deuxi\u00e8me partie de saison va \u00eatre plus positive. J\u2019ai retrouv\u00e9 de la motivation et de la confiance ces derni\u00e8res semaines.<\/p>\n<p>&#13;<\/p>\n<p>\u00a0<\/p>\n<p>&#13;<br \/>\n\u00ab\u00a0Les sensations sont tr\u00e8s bonnes\u00a0\u00bb&#13;<\/p>\n<p><strong>Tu pensais \u00eatre comp\u00e9titif plus rapidement ?<\/strong><\/p>\n<p>&#13;<\/p>\n<p>Oui, c\u2019\u00e9tait l\u2019objectif. Mais comme souvent, je suis tomb\u00e9 malade juste avant les classiques. \u00c7a m\u2019a fait perdre un peu de temps. Quand on court apr\u00e8s la forme, c\u2019est toujours plus dur que quand on est d\u00e9j\u00e0 bien. J\u2019ai rat\u00e9 quelques occasions, mais la saison est encore longue. Je reste tr\u00e8s motiv\u00e9.<\/p>\n<p>&#13;<\/p>\n<p>\u00a0<\/p>\n<p>&#13;<\/p>\n<p><strong>Comment abordes-tu ces derni\u00e8res semaines avant le Tour de France ?<\/strong><\/p>\n<p>&#13;<\/p>\n<p>Avec beaucoup de motivation. Je reste calme, ma pr\u00e9paration s\u2019est bien pass\u00e9e. J\u2019ai fait un bon stage, j\u2019aurai quelques jours \u00e0 la maison pour r\u00e9cup\u00e9rer apr\u00e8s le Tour de Suisse. Je pense avoir trouv\u00e9 une approche qui me convient. Apr\u00e8s la course, on fera encore quelques reconnaissances. Pour l\u2019\u00e9quipe, ce sera une premi\u00e8re sur le Tour, donc il y a de l\u2019excitation et beaucoup d\u2019envie de bien faire.<\/p>\n<p>&#13;<\/p>\n<p>\u00a0<\/p>\n<p>&#13;<\/p>\n<p><strong>Quelles sont tes sensations actuellement et quelles sont tes ambitions sur le Tour de Suisse ?<\/strong><\/p>\n<p>&#13;<\/p>\n<p>Les sensations sont tr\u00e8s bonnes. J\u2019ai vraiment envie de courir. L\u2019objectif, c\u2019est de montrer que l\u2019\u00e9quipe est l\u00e0, et de tenter d\u2019aller chercher une victoire d\u2019\u00e9tape.<\/p>\n<p>&#13;<\/p>\n<p>\u00a0<\/p>\n<p>&#13;<\/p>\n<p><strong>Penses-tu que le maillot jaune sur le Tour, c\u2019est un r\u00eave ou une vraie possibilit\u00e9 ?<\/strong><\/p>\n<p>&#13;<\/p>\n<p>Les deux. C\u2019est un r\u00eave, \u00e9videmment. Mais c\u2019est aussi une opportunit\u00e9 r\u00e9elle. J\u2019ai d\u00e9j\u00e0 connu cette \u00e9motion, je sais ce que \u00e7a repr\u00e9sente. Et pour l\u2019\u00e9quipe, qui va vivre sa premi\u00e8re participation, ce serait incroyable.<\/p>\n","protected":false},"excerpt":{"rendered":"Lire la suite de l&rsquo;article&#13; \u00a0 &#13; \u00ab\u00a0J\u2019ai de tr\u00e8s bons souvenirs ici\u00a0\u00bb&#13; Quels sont vos souvenirs du&hellip;\n","protected":false},"author":2,"featured_media":176928,"comment_status":"","ping_status":"","sticky":false,"template":"","format":"standard","meta":{"footnotes":""},"categories":[1411],"tags":[1154,207,211,1011,27,209,60,210,2454,212,208,213],"class_list":{"0":"post-176927","1":"post","2":"type-post","3":"status-publish","4":"format-standard","5":"has-post-thumbnail","7":"category-cyclisme","8":"tag-cycling","9":"tag-cyclisme","10":"tag-ffc","11":"tag-fr","12":"tag-france","13":"tag-route","14":"tag-sports","15":"tag-tour-de-france","16":"tag-tour-de-suisse","17":"tag-uci","18":"tag-velo","19":"tag-world-tour"},"share_on_mastodon":{"url":"https:\/\/pubeurope.com\/@fr\/114684077218072426","error":""},"_links":{"self":[{"href":"https:\/\/www.europesays.com\/fr\/wp-json\/wp\/v2\/posts\/176927","targetHints":{"allow":["GET"]}}],"collection":[{"href":"https:\/\/www.europesays.com\/fr\/wp-json\/wp\/v2\/posts"}],"about":[{"href":"https:\/\/www.europesays.com\/fr\/wp-json\/wp\/v2\/types\/post"}],"author":[{"embeddable":true,"href":"https:\/\/www.europesays.com\/fr\/wp-json\/wp\/v2\/users\/2"}],"replies":[{"embeddable":true,"href":"https:\/\/www.europesays.com\/fr\/wp-json\/wp\/v2\/comments?post=176927"}],"version-history":[{"count":0,"href":"https:\/\/www.europesays.com\/fr\/wp-json\/wp\/v2\/posts\/176927\/revisions"}],"wp:featuredmedia":[{"embeddable":true,"href":"https:\/\/www.europesays.com\/fr\/wp-json\/wp\/v2\/media\/176928"}],"wp:attachment":[{"href":"https:\/\/www.europesays.com\/fr\/wp-json\/wp\/v2\/media?parent=176927"}],"wp:term":[{"taxonomy":"category","embeddable":true,"href":"https:\/\/www.europesays.com\/fr\/wp-json\/wp\/v2\/categories?post=176927"},{"taxonomy":"post_tag","embeddable":true,"href":"https:\/\/www.europesays.com\/fr\/wp-json\/wp\/v2\/tags?post=176927"}],"curies":[{"name":"wp","href":"https:\/\/api.w.org\/{rel}","templated":true}]}}