{"id":176931,"date":"2025-06-14T22:29:08","date_gmt":"2025-06-14T22:29:08","guid":{"rendered":"https:\/\/www.europesays.com\/fr\/176931\/"},"modified":"2025-06-14T22:29:08","modified_gmt":"2025-06-14T22:29:08","slug":"le-prince-harry-et-meghan-markle-perdent-quatre-membres-de-leur-equipe-de-communication-aucune-dentre-elles-ne-reussit","status":"publish","type":"post","link":"https:\/\/www.europesays.com\/fr\/176931\/","title":{"rendered":"Le prince Harry et Meghan Markle perdent quatre membres de leur \u00e9quipe de communication : \u00abAucune d&rsquo;entre elles ne r\u00e9ussit\u00bb"},"content":{"rendered":"<p>\u00c0 l&rsquo;heure o\u00f9 la famille royale <a href=\"https:\/\/www.vanityfair.fr\/galerie\/kate-middleton-et-la-princesse-charlotte-parfaitement-assorties-aupres-de-la-famille-royale-pour-trooping-the-color\" target=\"_blank\" rel=\"noopener\">c\u00e9l\u00e8bre l&rsquo;anniversaire du roi<\/a> <a href=\"https:\/\/www.vanityfair.fr\/galerie\/kate-middleton-et-la-princesse-charlotte-parfaitement-assorties-aupres-de-la-famille-royale-pour-trooping-the-color\" isautogenerated=\"true\" target=\"_blank\" rel=\"noopener\">Charles III<\/a>, outre-Atlantique, les Sussex revoient leur strat\u00e9gie de communication. Le <a href=\"https:\/\/www.vanityfair.fr\/dossier\/prince-harry\" isautogenerated=\"true\" target=\"_blank\" rel=\"noopener\">prince Harry<\/a> et <a href=\"https:\/\/www.vanityfair.fr\/dossier\/meghan-markle\" isautogenerated=\"true\" target=\"_blank\" rel=\"noopener\">Meghan Markle<\/a> ont d\u00fb faire face aux d\u00e9parts successifs de quatre de leurs employ\u00e9s, r\u00e9v\u00e8le <a data-offer-url=\"https:\/\/www.hellomagazine.com\/royalty\/838005\/prince-harry-and-meghan-markle-shake-up-four-staff-members-depart-team-sussex\/\" class=\"external-link\" data-event-click=\"{&quot;element&quot;:&quot;ExternalLink&quot;,&quot;outgoingURL&quot;:&quot;https:\/\/www.hellomagazine.com\/royalty\/838005\/prince-harry-and-meghan-markle-shake-up-four-staff-members-depart-team-sussex\/&quot;}\" href=\"https:\/\/www.hellomagazine.com\/royalty\/838005\/prince-harry-and-meghan-markle-shake-up-four-staff-members-depart-team-sussex\/\" rel=\"nofollow noopener\" target=\"_blank\">Hello<\/a>. Parmi eux, deux attach\u00e9s de presse : <strong>Kyle<\/strong> <strong>Boulia<\/strong>, charg\u00e9 d&rsquo;\u00e9changer avec les m\u00e9dias am\u00e9ricains, et <strong>Charlie<\/strong> <strong>Gibson<\/strong>, interlocuteur des titres de presse britanniques et europ\u00e9ens. Tous deux les avaient rejoints en avril 2024.<\/p>\n<p>\u00ab Meghan et Harry ont embauch\u00e9 des personnes parmi les plus incroyables au sommet de leur domaine, mais pourtant, aucune d&rsquo;entre elles ne r\u00e9ussit \u00bb, s&rsquo;interroge une source proche du couple aupr\u00e8s de Hello, ajoutant qu&rsquo;il fallait s&rsquo;attendre \u00e0 \u00ab un autre changement dans le futur \u00bb. <a data-offer-url=\"https:\/\/deadline.com\/2025\/06\/prince-harry-meghan-markle-lose-4-staffers-1236433934\/\" class=\"external-link\" data-event-click=\"{&quot;element&quot;:&quot;ExternalLink&quot;,&quot;outgoingURL&quot;:&quot;https:\/\/deadline.com\/2025\/06\/prince-harry-meghan-markle-lose-4-staffers-1236433934\/&quot;}\" href=\"https:\/\/deadline.com\/2025\/06\/prince-harry-meghan-markle-lose-4-staffers-1236433934\/\" rel=\"nofollow noopener\" target=\"_blank\">Deadline<\/a> indique que pas moins de vingt-deux personnes auraient d\u00e9cid\u00e9 de quitter le navire Sussex, dont six au cours des deux derniers mois.<\/p>\n<p>Ce remaniement pourrait \u00eatre la cons\u00e9quence des r\u00e9centes embauches du duc et de la duchesse. En f\u00e9vrier dernier, ils avaient d\u00e9cid\u00e9 de miser sur les services de Method Communications et de sa directrice <strong>Meredith<\/strong> <strong>Kendall<\/strong> <strong>Maines<\/strong>. Cette derni\u00e8re expliquait avoir revu l&rsquo;organisation interne et ce, dans le but d&rsquo;offrir aux m\u00e9dias internationaux un \u00ab meilleur acc\u00e8s \u00bb aux \u00ab renseignements \u00bb. Une strat\u00e9gie allant de pair avec le d\u00e9veloppement des \u00ab int\u00e9r\u00eats commerciaux et philantropiques \u00bb du couple, disait-elle.<\/p>\n<p>Au milieu des pol\u00e9miques li\u00e9es \u00e0 leur communication &#8211; nourries de <a href=\"https:\/\/www.vanityfair.fr\/article\/meghan-markle-4-ans-lilibet-images-inedites\" target=\"_blank\" rel=\"noopener\">la vid\u00e9o de Meghan Markle<\/a> en salle d&rsquo;accouchement et de l&rsquo;interview du prince Harry donn\u00e9e \u00e0 la BBC <a href=\"https:\/\/www.vanityfair.fr\/article\/comment-le-prince-harry-et-meghan-markle-tentent-de-rebondir-interview-controversee-bbc\" target=\"_blank\" rel=\"noopener\">appelant \u00e0 la r\u00e9conciliation familiale<\/a>, une autre recrue a rejoint les rangs de la nouvelle arm\u00e9e m\u00e9diatique que s&rsquo;appr\u00eate \u00e0 d\u00e9ployer les Sussex. \u00c0 savoir <strong>Emily<\/strong> <strong>Robinson<\/strong>, leur nouvelle directrice de la communication et experte en publicit\u00e9 royale puisqu&rsquo;elle a assur\u00e9 les promotions de la plus c\u00e9l\u00e8bre des s\u00e9ries de t\u00eates couronn\u00e9es : <a href=\"https:\/\/www.vanityfair.fr\/dossier\/the-crown\" isautogenerated=\"true\" target=\"_blank\" rel=\"noopener\">The Crown<\/a>, directement inspir\u00e9e de l&rsquo;histoire de la famille royale britannique.<\/p>\n<p>Les Sussex dans une  \u00ab p\u00e9riode de croissance dynamique \u00bb<\/p>\n<p>Sans oublier l&rsquo;arriv\u00e9e de <strong>Sarah<\/strong> <strong>Fosmo<\/strong>, nomm\u00e9e le mois dernier premi\u00e8re directrice de cabinet de la duchesse. Ancienne assistante de <a href=\"https:\/\/www.vanityfair.fr\/dossier\/bill-gates\" isautogenerated=\"true\" target=\"_blank\" rel=\"noopener\">Bill Gates<\/a>, Meghan Markle s&rsquo;offre ses services dans le but de superviser \u00ab cette p\u00e9riode de croissance dynamique \u00bb, notait Deadline. Et pour cause, les projets de la duchesse de Sussex rencontrent un vif succ\u00e8s, depuis son nouveau podcast Confessions of a Female Founder jusqu&rsquo;\u00e0 son \u00e9mission de cuisine With Love, Meghan, reconduite pour une deuxi\u00e8me saison par <a href=\"https:\/\/www.vanityfair.fr\/dossier\/netflix\" isautogenerated=\"true\" target=\"_blank\" rel=\"noopener\">Netflix<\/a>, en passant par As Ever, sa marque de lifestyle, dont les confitures et autres fleurs s\u00e9ch\u00e9es se sont arrach\u00e9es d\u00e8s la mise en vente. Elle r\u00e9fl\u00e9chit actuellement \u00e0 une <a href=\"https:\/\/www.vanityfair.fr\/article\/meghan-markle-culpabilise-davoir-beaucoup-dargent\" target=\"_blank\" rel=\"noopener\">diversification de sa gamme de produits<\/a>, qui sont attendus au premier trimestre 2026.<\/p>\n","protected":false},"excerpt":{"rendered":"\u00c0 l&rsquo;heure o\u00f9 la famille royale c\u00e9l\u00e8bre l&rsquo;anniversaire du roi Charles III, outre-Atlantique, les Sussex revoient leur strat\u00e9gie&hellip;\n","protected":false},"author":2,"featured_media":176932,"comment_status":"","ping_status":"","sticky":false,"template":"","format":"standard","meta":{"footnotes":""},"categories":[1359],"tags":[58,59,1011,27,908,973,267],"class_list":{"0":"post-176931","1":"post","2":"type-post","3":"status-publish","4":"format-standard","5":"has-post-thumbnail","7":"category-people","8":"tag-divertissement","9":"tag-entertainment","10":"tag-fr","11":"tag-france","12":"tag-meghan-markle","13":"tag-people","14":"tag-prince-harry"},"share_on_mastodon":{"url":"https:\/\/pubeurope.com\/@fr\/114684085091407790","error":""},"_links":{"self":[{"href":"https:\/\/www.europesays.com\/fr\/wp-json\/wp\/v2\/posts\/176931","targetHints":{"allow":["GET"]}}],"collection":[{"href":"https:\/\/www.europesays.com\/fr\/wp-json\/wp\/v2\/posts"}],"about":[{"href":"https:\/\/www.europesays.com\/fr\/wp-json\/wp\/v2\/types\/post"}],"author":[{"embeddable":true,"href":"https:\/\/www.europesays.com\/fr\/wp-json\/wp\/v2\/users\/2"}],"replies":[{"embeddable":true,"href":"https:\/\/www.europesays.com\/fr\/wp-json\/wp\/v2\/comments?post=176931"}],"version-history":[{"count":0,"href":"https:\/\/www.europesays.com\/fr\/wp-json\/wp\/v2\/posts\/176931\/revisions"}],"wp:featuredmedia":[{"embeddable":true,"href":"https:\/\/www.europesays.com\/fr\/wp-json\/wp\/v2\/media\/176932"}],"wp:attachment":[{"href":"https:\/\/www.europesays.com\/fr\/wp-json\/wp\/v2\/media?parent=176931"}],"wp:term":[{"taxonomy":"category","embeddable":true,"href":"https:\/\/www.europesays.com\/fr\/wp-json\/wp\/v2\/categories?post=176931"},{"taxonomy":"post_tag","embeddable":true,"href":"https:\/\/www.europesays.com\/fr\/wp-json\/wp\/v2\/tags?post=176931"}],"curies":[{"name":"wp","href":"https:\/\/api.w.org\/{rel}","templated":true}]}}