{"id":176937,"date":"2025-06-14T22:32:10","date_gmt":"2025-06-14T22:32:10","guid":{"rendered":"https:\/\/www.europesays.com\/fr\/176937\/"},"modified":"2025-06-14T22:32:10","modified_gmt":"2025-06-14T22:32:10","slug":"chez-ruquier-sur-t18-lanimateur-vedette-comme-a-la-maison","status":"publish","type":"post","link":"https:\/\/www.europesays.com\/fr\/176937\/","title":{"rendered":"\u00ab\u00a0Chez Ruquier\u00a0\u00bb\u00a0: sur T18, l\u2019animateur vedette comme \u00e0 la maison"},"content":{"rendered":"<p class=\"paragraph text_align_left\">Un avatar lisant un livre, mangeant du pop-corn avec des lunettes 3D, dansant en \u00e9coutant de la musique, un rideau de th\u00e9\u00e2tre qui s\u2019ouvre\u2026 Le g\u00e9n\u00e9rique de \u00ab Chez Ruquier \u00bb donne le ton : avec <a href=\"https:\/\/www.leparisien.fr\/culture-loisirs\/tv\/il-est-19h45-laurent-ruquier-donne-le-coup-denvoi-de-t18-dans-les-coulisses-du-lancement-de-la-nouvelle-chaine-06-06-2025-LM7NB3DSO5AXPOX34EH22Q4GOE.php\" target=\"_blank\" rel=\"noreferrer nofollow noopener\">Laurent Ruquier sur T18<\/a>, la culture est au c\u0153ur du programme. Chaque samedi, \u00e0 20 heures &#8211; et avec une rediffusion en deuxi\u00e8me partie de soir\u00e9e &#8211; l\u2019animateur de 62 ans va recevoir celles et ceux qui font la vie artistique du pays.<\/p>\n<p class=\"paragraph text_align_left\">Assis sur son bureau, une statue de Voltaire \u00e0 sa gauche, l\u2019homme a donc inaugur\u00e9 sa nouvelle \u00e9mission au titre simplement expliqu\u00e9 : \u00ab La plupart des invit\u00e9s disent cela, je vais chez Ruquier ou je fais Ruquier. Ou le pire des cas, je l\u2019ai entendu r\u00e9cemment, il est toujours vivant, Ruquier ? \u00c7a, c\u2019est Nabilla dans une interview la semaine derni\u00e8re. \u00bb<\/p>\n<p class=\"paragraph text_align_left\">Et comme on ne se refait pas, <a href=\"https:\/\/www.leparisien.fr\/culture-loisirs\/tv\/laurent-ruquier-rejoint-t18-la-nouvelle-chaine-de-la-tnt-je-ne-pouvais-pas-refuser-05-04-2025-SOWQ7LR7GVG23OKFCX4HEDWIMY.php\" target=\"_blank\" rel=\"noreferrer nofollow noopener\">Ruquier<\/a> a ressuscit\u00e9 sa s\u00e9quence des \u00ab invit\u00e9s qui n\u2019ont pas pu venir \u00bb, qu\u2019il a propos\u00e9e dans \u00ab On n\u2019est pas couch\u00e9 \u00bb de 2006 \u00e0 2012. Premi\u00e8re cible : la ministre de la Culture <a href=\"https:\/\/www.leparisien.fr\/paris-75\/notre-dame-de-paris-des-vitraux-historiques-seront-bien-remplaces-mais-restaures-et-exposes-promet-rachida-dati-13-06-2025-INV55KE6HBDSHHTUI7BK4JEE6A.php\" target=\"_blank\" rel=\"noreferrer nofollow noopener\">Rachida Dati<\/a> qui, \u00e0 l\u2019en croire, s\u2019est davantage pr\u00e9occup\u00e9e de la victoire du Paris Saint-Germain en Ligue des champions que du monde du spectacle.<\/p>\n<p class=\"paragraph text_align_left\">Mais aussi <a href=\"https:\/\/www.leparisien.fr\/culture-loisirs\/tv\/thierry-ardisson-publie-lhomme-en-noir-je-veux-voir-la-mort-arriver-en-face-08-05-2025-PTJBXHAUNBFO5CI3NL7W6U4FLQ.php\" target=\"_blank\" rel=\"noreferrer nofollow noopener\">Thierry Ardisson<\/a>, actuellement f\u00e2ch\u00e9 avec son camarade. \u00ab C\u2019est dommage, j\u2019esp\u00e8re que l\u2019on se r\u00e9conciliera \u00bb, a lanc\u00e9 l\u2019animateur avant de plaisanter sur le livre de son confr\u00e8re, \u00ab L\u2019Homme en noir \u00bb, renomm\u00e9\u2026 \u00ab J\u2019ai tout invent\u00e9 sauf la modestie \u00bb publi\u00e9 aux \u00e9ditions \u00ab Un loup reste un loup \u00bb ! L\u2019ancien pr\u00e9sentateur de \u00ab Tout le monde en parle \u00bb appr\u00e9ciera !<\/p>\n<p>\u00ab C\u2019est peut-\u00eatre un peu m\u00e9galo d\u2019appeler une \u00e9mission par son nom\u2026 \u00bb<\/p>\n<p class=\"paragraph text_align_left\">Outre cette s\u00e9quence humoristique, \u00ab Chez Ruquier \u00bb se transforme rapidement en talk-show culturel plut\u00f4t int\u00e9ressant, o\u00f9 les invit\u00e9s n\u2019h\u00e9sitent pas \u00e0 communiquer entre eux. Venu pr\u00e9senter son film \u00ab Vacances forc\u00e9es \u00bb, <a href=\"https:\/\/www.leparisien.fr\/culture-loisirs\/cinema\/clovis-cornillac-ebahi-face-au-succes-phenomenal-d-un-ptit-truc-en-plus-pourvu-que-ca-dure-16-06-2024-EMPGQSWZXVDWNOJCWX36V7WQ5U.php\" target=\"_blank\" rel=\"noreferrer nofollow noopener\">Clovis Cornillac<\/a> ne cache pas son admiration pour Isabelle Carr\u00e9, pr\u00e9sente pour\u2026 Le plaisir, n\u2019ayant pas de promotion imm\u00e9diate avant une pi\u00e8ce en septembre et un film en 2026.<\/p>\n<p class=\"paragraph text_align_left\">\u00ab Je viens \u00e0 toutes vos premi\u00e8res \u00e9missions ! \u00bb, s\u2019est-elle justifi\u00e9e aupr\u00e8s de Laurent Ruquier, qui a imm\u00e9diatement r\u00e9torqu\u00e9 \u00ab Je suis en train de r\u00e9aliser que la derni\u00e8re fois, cela ne m\u2019a pas port\u00e9 tant chance \u00bb, r\u00e9f\u00e9rence \u00e0 son passage dans <a href=\"https:\/\/www.leparisien.fr\/culture-loisirs\/tv\/laurent-ruquier-arrete-on-est-en-direct-le-samedi-soir-sur-france-2-03-06-2022-PMHTXN6IY5FFHF4RUF22XC74JI.php\" target=\"_blank\" rel=\"noreferrer nofollow noopener\">\u00ab On est en direct \u00bb<\/a> sur France 2 en 2020.<\/p>\n<p class=\"paragraph text_align_left\">C\u00f4t\u00e9 musique, <a href=\"https:\/\/www.leparisien.fr\/culture-loisirs\/musique\/mathieu-des-longchamps-le-musicien-globe-trotteur-qui-nous-fera-fredonner-tout-lete-20-06-2021-ONP5VNJYYBHAZBHZQPOOVJQVNU.php\" target=\"_blank\" rel=\"noreferrer nofollow noopener\">Mathieu Des Longchamps<\/a> est venu parler du documentaire \u00ab Perdre son \u00e9toile \u00bb qui accompagne son album \u201a\u00ab Le Vert et le Beu \u00bb, sorti en mars dernier. Sont aussi pr\u00e9sents l\u2019auteur Fran\u00e7ois-Henri D\u00e9s\u00e9rable, l\u2019humoriste Florence Mendez, ainsi que les com\u00e9diens Lou Chauvain et Lucas Ponton. En visioconf\u00e9rence apparaissent \u00e9galement le romancier <a href=\"https:\/\/www.leparisien.fr\/culture-loisirs\/livres\/les-planetes-sont-vraiment-bien-alignees-la-rentree-litteraire-de-reve-de-miguel-bonnefoy-24-11-2024-LMKFFULXXBFJROGTQFBQFDGCS4.php\" target=\"_blank\" rel=\"noreferrer nofollow noopener\">Miguel Bonnefoy<\/a>, ainsi que l\u2019acteur Fran\u00e7ois Marthouret. Des interviews \u00e0 chaque fois int\u00e9ressantes, autour de l\u2019actualit\u00e9 de chacun.<\/p>\n<p class=\"paragraph text_align_left\">Bref, sur T18, Laurent Ruquier fait du Laurent Ruquier. Le plaisir de l\u2019animateur d\u2019accueillir des artistes se ressent clairement, entre les personnalit\u00e9s connues et les d\u00e9couvertes, rendant un peu plus chaleureux le d\u00e9cor pourtant pas forc\u00e9ment tr\u00e8s accueillant. \u00ab C\u2019est peut-\u00eatre un peu m\u00e9galo d\u2019appeler une \u00e9mission par son nom mais je me suis dit qu\u2019\u00e0 mon \u00e2ge, je pouvais enfin le faire. C\u2019est peut-\u00eatre la derni\u00e8re, donc il faut en profiter ! \u00bb estime en fin d\u2019\u00e9mission l\u2019animateur dans un sourire, m\u00eame si on se sent bien \u00ab Chez Ruquier \u00bb.<\/p>\n","protected":false},"excerpt":{"rendered":"Un avatar lisant un livre, mangeant du pop-corn avec des lunettes 3D, dansant en \u00e9coutant de la musique,&hellip;\n","protected":false},"author":2,"featured_media":176938,"comment_status":"","ping_status":"","sticky":false,"template":"","format":"standard","meta":{"footnotes":""},"categories":[1356],"tags":[872,58,59,1011,27,252,2205,1364],"class_list":{"0":"post-176937","1":"post","2":"type-post","3":"status-publish","4":"format-standard","5":"has-post-thumbnail","7":"category-television","8":"tag-culture-et-loisirs","9":"tag-divertissement","10":"tag-entertainment","11":"tag-fr","12":"tag-france","13":"tag-television","14":"tag-television-medias","15":"tag-tv"},"share_on_mastodon":{"url":"https:\/\/pubeurope.com\/@fr\/114684096902598480","error":""},"_links":{"self":[{"href":"https:\/\/www.europesays.com\/fr\/wp-json\/wp\/v2\/posts\/176937","targetHints":{"allow":["GET"]}}],"collection":[{"href":"https:\/\/www.europesays.com\/fr\/wp-json\/wp\/v2\/posts"}],"about":[{"href":"https:\/\/www.europesays.com\/fr\/wp-json\/wp\/v2\/types\/post"}],"author":[{"embeddable":true,"href":"https:\/\/www.europesays.com\/fr\/wp-json\/wp\/v2\/users\/2"}],"replies":[{"embeddable":true,"href":"https:\/\/www.europesays.com\/fr\/wp-json\/wp\/v2\/comments?post=176937"}],"version-history":[{"count":0,"href":"https:\/\/www.europesays.com\/fr\/wp-json\/wp\/v2\/posts\/176937\/revisions"}],"wp:featuredmedia":[{"embeddable":true,"href":"https:\/\/www.europesays.com\/fr\/wp-json\/wp\/v2\/media\/176938"}],"wp:attachment":[{"href":"https:\/\/www.europesays.com\/fr\/wp-json\/wp\/v2\/media?parent=176937"}],"wp:term":[{"taxonomy":"category","embeddable":true,"href":"https:\/\/www.europesays.com\/fr\/wp-json\/wp\/v2\/categories?post=176937"},{"taxonomy":"post_tag","embeddable":true,"href":"https:\/\/www.europesays.com\/fr\/wp-json\/wp\/v2\/tags?post=176937"}],"curies":[{"name":"wp","href":"https:\/\/api.w.org\/{rel}","templated":true}]}}