{"id":176939,"date":"2025-06-14T22:33:11","date_gmt":"2025-06-14T22:33:11","guid":{"rendered":"https:\/\/www.europesays.com\/fr\/176939\/"},"modified":"2025-06-14T22:33:11","modified_gmt":"2025-06-14T22:33:11","slug":"miki-le-nouveau-phenomene-de-la-pop-francaise-le-public-belge-est-ouf","status":"publish","type":"post","link":"https:\/\/www.europesays.com\/fr\/176939\/","title":{"rendered":"Miki, le nouveau ph\u00e9nom\u00e8ne de la pop fran\u00e7aise\u00a0: \u00ab\u00a0Le public belge est ouf\u00a0\u00bb"},"content":{"rendered":"<p class=\"ap-StoryElement ap-StoryElement--mb ap-StoryText\"><b>Comment as-tu<\/b> <b>\u00ab\u00a0perc\u00e9\u00a0\u00bb ?<\/b><\/p>\n<p class=\"ap-StoryElement ap-StoryElement--mb ap-StoryText\">\u00ab\u00a0Je pense qu&rsquo;il y a le morceau &lsquo;Echec et Mat\u00a0\u00bb qui a beaucoup plus. Il y a vraiment eu un avant et un apr\u00e8s ce morceau. Il est sorti en juillet dernier et il a beaucoup fonctionn\u00e9 sur YouTube. \u00c0 partir de l\u00e0, c&rsquo;\u00e9tait parti.\u00a0\u00bb<\/p>\n<p><img loading=\"lazy\" decoding=\"async\" class=\"w-full lazyload lazyload--opacity object-contain\" style=\"aspect-ratio:133 \/ 100;opacity:1\" alt=\"Miki.\" width=\"768\" height=\"576\" fetchpriority=\"auto\" src=\"https:\/\/www.europesays.com\/fr\/wp-content\/uploads\/2025\/04\/1743933249_335_S5VKD3X55FFF3BW6V4SEHXNP7I.png\"  data- data-optimumx=\"1\"\/>Miki. \u00a9DR<\/p>\n<p class=\"ap-StoryElement ap-StoryElement--mb ap-StoryText\"><b>Tu postais sur YouTube, mais aussi sur les autres r\u00e9seaux sociaux ?<\/b><\/p>\n<p class=\"ap-StoryElement ap-StoryElement--mb ap-StoryText\">\u00ab\u00a0Oui, je postais sur tout. Mais l&rsquo;algorithme m&rsquo;a aim\u00e9 et \u00e7a a cartonn\u00e9 sur YouTube, TikTok et Instagram, mais surtout sur YouTube.\u00a0\u00bb<\/p>\n<p class=\"ap-StoryElement ap-StoryElement--mb ap-StoryText\"><b>Tu postes beaucoup sur les r\u00e9seaux sociaux ?<\/b><\/p>\n<p class=\"ap-StoryElement ap-StoryElement--mb ap-StoryText\">\u00ab\u00a0Moi, j&rsquo;adore prendre des photos, mais je ne poste pas tant que \u00e7a. Quand on fait ce m\u00e9tier, je pense qu&rsquo;il faut quand m\u00eame avoir un peu de recul et donc je choisis mes moments. Il y a des moments o\u00f9 je ret\u00e9l\u00e9charge Instagram, sinon je ne l&rsquo;ai m\u00eame pas sur mon t\u00e9l\u00e9phone. Et ce n&rsquo;est que quand j&rsquo;ai un truc \u00e0 dire que j&rsquo;y vais, quand quelque chose me tient \u00e0 c\u0153ur. Sinon, je pr\u00e9f\u00e8re cr\u00e9er de l&rsquo;espace autour de moi.\u00a0\u00bb<\/p>\n<p class=\"ap-StoryElement ap-StoryElement--mb ap-StoryText\"><b>Quelles sont tes inspirations dans la musique ?<\/b><\/p>\n<p class=\"ap-StoryElement ap-StoryElement--mb ap-StoryText\">\u00ab\u00a0Il va y avoir beaucoup de musique \u00e9lectronique, de la musique de film, des gens comme Vangelis. Apr\u00e8s, dans les contemporains, il y a beaucoup de femmes que j&rsquo;aime beaucoup, comme Caroline Polachek.\u00a0\u00bb<\/p>\n<p class=\"ap-StoryElement ap-StoryElement--mb ap-StoryText\"><b>Comment d\u00e9crirais-tu ton style musical ?<\/b><\/p>\n<p class=\"ap-StoryElement ap-StoryElement--mb ap-StoryText\">\u00ab\u00a0Hybride, je dirais. Si je devais mettre un type dessus, je pense que je dirais quand m\u00eame de la pop \u00e9lectronique. Mais c&rsquo;est un m\u00e9lange de beaucoup de styles. Je ne cherche pas forc\u00e9ment \u00e0 aller dans un genre particulier quand je compose, je pr\u00e9f\u00e8re faire ce qui me fait kiffer, et apr\u00e8s si \u00e7a finit par \u00eatre de la pop, tant mieux. De toute fa\u00e7on, la pop, par d\u00e9finition, je pense que c&rsquo;est quelque chose qui m\u00e9lange tout.\u00a0\u00bb<\/p>\n<p><img loading=\"lazy\" decoding=\"async\" class=\"w-full lazyload lazyload--opacity object-contain\" style=\"aspect-ratio:67 \/ 100;opacity:1\" alt=\"Miki.\" width=\"768\" height=\"1152\" fetchpriority=\"auto\" src=\"https:\/\/www.europesays.com\/fr\/wp-content\/uploads\/2025\/04\/1743933249_335_S5VKD3X55FFF3BW6V4SEHXNP7I.png\"  data- data-optimumx=\"1\"\/>Miki. \u00a9Frankie &amp; Nikki<\/p>\n<p class=\"ap-StoryElement ap-StoryElement--mb ap-StoryText\"><b>Du coup, tu \u00e9coutes aussi de tout ?<\/b><\/p>\n<p class=\"ap-StoryElement ap-StoryElement--mb ap-StoryText\">\u00ab\u00a0Oui, vraiment de tout. Du jazz, du rock, de la musique classique, de la musique indie, \u00e9lectronique\u2026 Je n&rsquo;ai vraiment pas de r\u00e8gle.\u00a0\u00bb<\/p>\n<p class=\"ap-StoryElement ap-StoryElement--mb ap-StoryText\"><b>Y a-t-il un artiste belge avec qui tu aimerais feater ?<\/b><\/p>\n<p class=\"ap-StoryElement ap-StoryElement--mb ap-StoryText\">\u00ab\u00a0J&rsquo;adore Helena, je suis tr\u00e8s tr\u00e8s fan. Donc s\u00fbrement elle.\u00a0\u00bb<\/p>\n<p class=\"ap-StoryElement ap-StoryElement--mb ap-StoryText\"><b>Qu&rsquo;est-ce que tu aimes le plus pendant un concert ?<\/b><\/p>\n<p class=\"ap-StoryElement ap-StoryElement--mb ap-StoryText\">\u00ab\u00a0C&rsquo;est le moment o\u00f9 je me perds compl\u00e8tement. Il y a un moment o\u00f9 je sais que je ne le fais plus pour les autres mais vraiment pour moi. Je suis comme dans une cour de r\u00e9cr\u00e9, il y a quelque chose qui se passe. J&rsquo;ai l&rsquo;impression d&rsquo;\u00eatre d\u00e9connect\u00e9e mais aussi totalement ancr\u00e9e \u00e0 moi-m\u00eame et \u00e0 mon corps.\u00a0\u00bb<\/p>\n<p class=\"ap-StoryElement ap-StoryElement--mb ap-StoryText\"><b>C&rsquo;est quoi ta chanson pr\u00e9f\u00e9r\u00e9e \u00e0 faire sur sc\u00e8ne ?<\/b><\/p>\n<p class=\"ap-StoryElement ap-StoryElement--mb ap-StoryText\">\u00ab\u00a0Je pense que c&rsquo;est une d\u00e9mo, qui n&rsquo;est pas encore sortie et qui s&rsquo;appelle &lsquo;Particule&rsquo;. Comme \u00e7a, \u00e7a fait un petit teasing pour l&rsquo;album. (Rire) En r\u00e9alit\u00e9, je teste toutes mes d\u00e9mos d&rsquo;abord sur sc\u00e8ne. \u00e7a donne parfois des id\u00e9es auxquelles on n&rsquo;avait pas du tout pens\u00e9 en studio, donc c&rsquo;est pas mal. C&rsquo;est ce qui se faisait avant, maintenant c&rsquo;est plut\u00f4t l&rsquo;inverse mais je trouve que \u00e7a aide quand m\u00eame vachement de tester d&rsquo;abord ses morceaux sur sc\u00e8ne et ensuite de les fignoler en studio. C&rsquo;est plus organique.\u00a0\u00bb<\/p>\n<p class=\"ap-StoryElement ap-StoryElement--mb ap-StoryText\"><b>Avant aujourd&rsquo;hui, es-tu d\u00e9j\u00e0 venue sur sc\u00e8ne en Belgique ?<\/b><\/p>\n<p class=\"ap-StoryElement ap-StoryElement--mb ap-StoryText\">\u00ab\u00a0J&rsquo;ai jou\u00e9 aux Nuits Botaniques la semaine derni\u00e8re, \u00e0 Bruxelles. C&rsquo;\u00e9tait un de mes concerts pr\u00e9f\u00e9r\u00e9s. Le public belge est ouf et il y avait une ambiance de malade. J&rsquo;adore.\u00a0\u00bb<\/p>\n<p><img loading=\"lazy\" decoding=\"async\" class=\"w-full lazyload lazyload--opacity object-contain\" style=\"aspect-ratio:178 \/ 100;opacity:1\" alt=\"Miki.\" width=\"768\" height=\"432\" fetchpriority=\"auto\" src=\"https:\/\/www.europesays.com\/fr\/wp-content\/uploads\/2025\/04\/1743933249_335_S5VKD3X55FFF3BW6V4SEHXNP7I.png\"  data- data-optimumx=\"1\"\/>Miki. \u00a9DR<\/p>\n<p class=\"ap-StoryElement ap-StoryElement--mb ap-StoryText\"><b>Comme vis-tu ton succ\u00e8s ?<\/b><\/p>\n<p class=\"ap-StoryElement ap-StoryElement--mb ap-StoryText\">\u00ab\u00a0En vrai, je ne vois pas trop de diff\u00e9rence, \u00e0 part que j&rsquo;ai moins de temps pour moi. C&rsquo;est un rythme qui est effr\u00e9n\u00e9, donc je suis beaucoup plus consciencieuse pour les moments que je m&rsquo;accorde \u00e0 moi-m\u00eame et aux autres. C&rsquo;est plus en \u00e7a que \u00e7a a chang\u00e9. On me reconna\u00eet aussi dans la rue, mais j&rsquo;ai l&rsquo;impression que c&rsquo;est juste des nouveaux potes. Puisque ma musique r\u00e9sonne pour eux, \u00e7a veut dire qu&rsquo;on a quelque chose en commun, donc c&rsquo;est agr\u00e9able comme sentiment. On sent qu&rsquo;on appartient \u00e0 la vie dans laquelle on est.\u00a0\u00bb<\/p>\n<p class=\"ap-StoryElement ap-StoryElement--mb ap-StoryText\"><b>\u00e7a ne te fait pas un peu peur d&rsquo;\u00eatre reconnue dans la rue, pour ta vie priv\u00e9e ou autre ?<\/b><\/p>\n<p class=\"ap-StoryElement ap-StoryElement--mb ap-StoryText\">\u00ab\u00a0Je pense que je suis \u00e0 un stade o\u00f9 c&rsquo;est encore juste agr\u00e9able, donc je ne me pose pas encore la question pour l&rsquo;instant. Je vais repousser cette inqui\u00e9tude pour plus tard. (Rire)\u00a0\u00bb<\/p>\n<p class=\"ap-StoryElement ap-StoryElement--mb ap-StoryText\"><b>C&rsquo;est quoi tes projets pour la suite ?<\/b><\/p>\n<p class=\"ap-StoryElement ap-StoryElement--mb ap-StoryText\">\u00ab\u00a0L&rsquo;album (la date est tenue secr\u00e8te, ndlr) et l&rsquo;Olympia le 10 octobre.\u00a0\u00bb<\/p>\n","protected":false},"excerpt":{"rendered":"Comment as-tu \u00ab\u00a0perc\u00e9\u00a0\u00bb ? \u00ab\u00a0Je pense qu&rsquo;il y a le morceau &lsquo;Echec et Mat\u00a0\u00bb qui a beaucoup plus.&hellip;\n","protected":false},"author":2,"featured_media":176940,"comment_status":"","ping_status":"","sticky":false,"template":"","format":"standard","meta":{"footnotes":""},"categories":[1355],"tags":[25089,58,59,3057,1011,27,1227,1361,873,25091,31280],"class_list":{"0":"post-176939","1":"post","2":"type-post","3":"status-publish","4":"format-standard","5":"has-post-thumbnail","7":"category-musique","8":"tag-british-royal-family","9":"tag-divertissement","10":"tag-entertainment","11":"tag-essential","12":"tag-fr","13":"tag-france","14":"tag-horizontal","15":"tag-music","16":"tag-musique","17":"tag-royal-family","18":"tag-royalty-and-nobility"},"share_on_mastodon":{"url":"https:\/\/pubeurope.com\/@fr\/114684100862434018","error":""},"_links":{"self":[{"href":"https:\/\/www.europesays.com\/fr\/wp-json\/wp\/v2\/posts\/176939","targetHints":{"allow":["GET"]}}],"collection":[{"href":"https:\/\/www.europesays.com\/fr\/wp-json\/wp\/v2\/posts"}],"about":[{"href":"https:\/\/www.europesays.com\/fr\/wp-json\/wp\/v2\/types\/post"}],"author":[{"embeddable":true,"href":"https:\/\/www.europesays.com\/fr\/wp-json\/wp\/v2\/users\/2"}],"replies":[{"embeddable":true,"href":"https:\/\/www.europesays.com\/fr\/wp-json\/wp\/v2\/comments?post=176939"}],"version-history":[{"count":0,"href":"https:\/\/www.europesays.com\/fr\/wp-json\/wp\/v2\/posts\/176939\/revisions"}],"wp:featuredmedia":[{"embeddable":true,"href":"https:\/\/www.europesays.com\/fr\/wp-json\/wp\/v2\/media\/176940"}],"wp:attachment":[{"href":"https:\/\/www.europesays.com\/fr\/wp-json\/wp\/v2\/media?parent=176939"}],"wp:term":[{"taxonomy":"category","embeddable":true,"href":"https:\/\/www.europesays.com\/fr\/wp-json\/wp\/v2\/categories?post=176939"},{"taxonomy":"post_tag","embeddable":true,"href":"https:\/\/www.europesays.com\/fr\/wp-json\/wp\/v2\/tags?post=176939"}],"curies":[{"name":"wp","href":"https:\/\/api.w.org\/{rel}","templated":true}]}}