{"id":176947,"date":"2025-06-14T22:37:11","date_gmt":"2025-06-14T22:37:11","guid":{"rendered":"https:\/\/www.europesays.com\/fr\/176947\/"},"modified":"2025-06-14T22:37:11","modified_gmt":"2025-06-14T22:37:11","slug":"david-beckham-officiellement-anobli-par-le-roi-charles-iii","status":"publish","type":"post","link":"https:\/\/www.europesays.com\/fr\/176947\/","title":{"rendered":"David Beckham officiellement anobli par le roi Charles III"},"content":{"rendered":"<p><a href=\"https:\/\/www.20minutes.fr\/sport\/football\/\" class=\"color-ultramarine c-link\" rel=\"nofollow noopener\" target=\"_blank\">Footballeur<\/a>, mannequin, business man et d\u00e9sormais\u2026 chevalier. C\u2019\u00e9tait attendu depuis plusieurs semaines et la publication de la traditionnelle liste des honneurs, <a href=\"https:\/\/www.20minutes.fr\/sport\/david_beckham\/\" class=\"color-ultramarine c-link\" rel=\"nofollow noopener\" target=\"_blank\">David Beckham<\/a> a \u00e9t\u00e9 anobli ce vendredi par le roi d\u2019Angleterre, <a href=\"https:\/\/www.20minutes.fr\/dossier\/prince_charles\" class=\"color-ultramarine c-link\" rel=\"nofollow noopener\" target=\"_blank\">Charles III<\/a>. L\u2019ancienne star du football anglais pourra d\u00e9sormais se faire appeler \u00ab\u00a0Sir\u00a0\u00bb lors de la c\u00e9r\u00e9monie organis\u00e9e \u00e0 la \u00ab\u00a0King\u2019s Foundation\u00a0\u00bb de <a href=\"https:\/\/www.20minutes.fr\/dossier\/londres\" class=\"color-ultramarine c-link\" rel=\"nofollow noopener\" target=\"_blank\">Londres<\/a>.<\/p>\n<p>\u00ab\u00a0Je n\u2019aurais jamais pu imaginer que je recevrais un tel honneur\u00a0\u00bb, s\u2019est \u00e9mu capitaine de l\u2019\u00e9quipe d\u2019Angleterre pass\u00e9 par Manchester United, le Real Madrid, Los Angeles Galaxy, Milan AC et\u2026 le <a href=\"https:\/\/www.20minutes.fr\/sport\/psg\/\" class=\"color-ultramarine c-link\" rel=\"nofollow noopener\" target=\"_blank\">PSG<\/a>.<\/p>\n<p>Proche de la famille royale<\/p>\n<p>Celui qui a toujours \u00e9t\u00e9 proche de la famille royale, il avait notamment \u00e9t\u00e9 convi\u00e9, en compagnie de sa femme, Victoria \u00ab\u00a0Posh\u00a0\u00bb Beckham, au mariage du prince William et de Kate Middleton en\u00a02011 ainsi qu\u2019\u00e0 celui du prince Harry et Meghan Markle en\u00a02018.<\/p>\n<\/p>\n<p>Cet anoblissement met fin \u00e0 une longue attente pour lui qui \u00e9tait pass\u00e9 \u00e0 deux doigts de l\u2019\u00eatre en\u00a02014, avant que des probl\u00e8mes d\u2019ordre fiscal ne l\u2019en emp\u00eachent.<\/p>\n","protected":false},"excerpt":{"rendered":"Footballeur, mannequin, business man et d\u00e9sormais\u2026 chevalier. C\u2019\u00e9tait attendu depuis plusieurs semaines et la publication de la traditionnelle&hellip;\n","protected":false},"author":2,"featured_media":176948,"comment_status":"","ping_status":"","sticky":false,"template":"","format":"standard","meta":{"footnotes":""},"categories":[8],"tags":[47,4708,581,11193,58,59,1011,27,5858,3225,908,967,74,2332,553,6482],"class_list":{"0":"post-176947","1":"post","2":"type-post","3":"status-publish","4":"format-standard","5":"has-post-thumbnail","7":"category-divertissement","8":"tag-actualite","9":"tag-angleterre","10":"tag-charles-iii","11":"tag-david-beckham","12":"tag-divertissement","13":"tag-entertainment","14":"tag-fr","15":"tag-france","16":"tag-kate-middleton","17":"tag-manchester-united","18":"tag-meghan-markle","19":"tag-milan-ac","20":"tag-monde","21":"tag-paris-saint-germain-psg","22":"tag-roi","23":"tag-victoria-beckham"},"share_on_mastodon":{"url":"https:\/\/pubeurope.com\/@fr\/114684116664057735","error":""},"_links":{"self":[{"href":"https:\/\/www.europesays.com\/fr\/wp-json\/wp\/v2\/posts\/176947","targetHints":{"allow":["GET"]}}],"collection":[{"href":"https:\/\/www.europesays.com\/fr\/wp-json\/wp\/v2\/posts"}],"about":[{"href":"https:\/\/www.europesays.com\/fr\/wp-json\/wp\/v2\/types\/post"}],"author":[{"embeddable":true,"href":"https:\/\/www.europesays.com\/fr\/wp-json\/wp\/v2\/users\/2"}],"replies":[{"embeddable":true,"href":"https:\/\/www.europesays.com\/fr\/wp-json\/wp\/v2\/comments?post=176947"}],"version-history":[{"count":0,"href":"https:\/\/www.europesays.com\/fr\/wp-json\/wp\/v2\/posts\/176947\/revisions"}],"wp:featuredmedia":[{"embeddable":true,"href":"https:\/\/www.europesays.com\/fr\/wp-json\/wp\/v2\/media\/176948"}],"wp:attachment":[{"href":"https:\/\/www.europesays.com\/fr\/wp-json\/wp\/v2\/media?parent=176947"}],"wp:term":[{"taxonomy":"category","embeddable":true,"href":"https:\/\/www.europesays.com\/fr\/wp-json\/wp\/v2\/categories?post=176947"},{"taxonomy":"post_tag","embeddable":true,"href":"https:\/\/www.europesays.com\/fr\/wp-json\/wp\/v2\/tags?post=176947"}],"curies":[{"name":"wp","href":"https:\/\/api.w.org\/{rel}","templated":true}]}}