{"id":176949,"date":"2025-06-14T22:38:19","date_gmt":"2025-06-14T22:38:19","guid":{"rendered":"https:\/\/www.europesays.com\/fr\/176949\/"},"modified":"2025-06-14T22:38:19","modified_gmt":"2025-06-14T22:38:19","slug":"25-nouveautes-a-decouvrir-des-maintenant","status":"publish","type":"post","link":"https:\/\/www.europesays.com\/fr\/176949\/","title":{"rendered":"25 nouveaut\u00e9s \u00e0 d\u00e9couvrir d\u00e8s maintenant"},"content":{"rendered":"<p>Mise \u00e0 jour du 14 juin\u00a0: ajout de 5 nouveaut\u00e9s, visibles avec la mention \u201cnouvel ajout\u201d en rouge.<\/p>\n<p>Lundi 9 juin 2025, Apple a d\u00e9voil\u00e9 tous ses nouveaux OS, uniformis\u00e9 sous le num\u00e9ro 26. Ainsi sont apparus iOS 26, iPAdOS 26, macOS 26, watchOS 26, tvOS 26 et visionOS 26. Sur sc\u00e8ne, pendant <a href=\"https:\/\/www.iphon.fr\/post\/keynote-wwdc-nouveautes-ios-26-macos-26\" rel=\"nofollow noopener\" target=\"_blank\">la pr\u00e9sentation de la WWDC<\/a> qui a r\u00e9v\u00e9l\u00e9 ces nouveaut\u00e9s, Apple est all\u00e9 vite et n\u2019a pas forc\u00e9ment eu le temps de tout d\u00e9taill\u00e9. Voil\u00e0 pourquoi nous vous proposons cet article qui a pour but de lister toutes les nouveaut\u00e9s apport\u00e9es par iOS 26 et iPadOS 26.<\/p>\n<p>Commen\u00e7ons par 20 nouveaut\u00e9s, que nous compl\u00e8terons r\u00e9guli\u00e8rement jour apr\u00e8s jour au fil de nos d\u00e9couvertes dans les <a href=\"https:\/\/www.iphon.fr\/post\/ios-ipados-26-beta\" rel=\"nofollow noopener\" target=\"_blank\">premi\u00e8res versions b\u00eata d\u2019iOS et iPadOS 26<\/a>.<\/p>\n<p>Par ailleurs, si vous \u00eates aussi tent\u00e9 par le test de la version b\u00eata de l\u2019un de ces syst\u00e8mes, suivez <a href=\"https:\/\/www.iphon.fr\/post\/comment-installer-ios-version-beta\" rel=\"nofollow noopener\" target=\"_blank\">notre guide d\u00e9di\u00e9<\/a>. Ne manquez pas non plus\u00a0:<\/p>\n<p>Voici donc 20 nouvelles fonctionnalit\u00e9s disponibles sur iOS 26 et iPadOS 26.<\/p>\n<p>  Quels changements pour iOS 26 et iPadOS 26\u00a0? <\/p>\n<ul>\n<li><strong>Nouveau design\u00a0:<\/strong> changement complet de visuel et de style d\u2019interface avec l\u2019accent mis sur des effets de transparence<\/li>\n<\/ul>\n<p> <img loading=\"lazy\" decoding=\"async\" aria-describedby=\"caption-attachment-199104\" class=\"size-full wp-image-199104\" src=\"data:image\/svg+xml,%3Csvg%20xmlns=\" http:=\"\" alt=\"Liquid Glass iOS 26\" width=\"1179\" height=\"2349\" data-lazy- data-lazy- data-lazy-src=\"https:\/\/www.europesays.com\/fr\/wp-content\/uploads\/2025\/06\/liquid-glass-ios-26.jpg\"\/><\/p>\n<p id=\"caption-attachment-199104\" class=\"wp-caption-text\">\u00a9 Capture d\u2019\u00e9cran iOS par iPhon.fr<\/p>\n<ul>\n<li><strong>Style d\u2019\u00e9cran d\u2019accueil\u00a0:<\/strong> un nouveau mode d\u2019affichage d\u2019ic\u00f4ne \u201cTransparentes\u201d affiche tout l\u2019\u00c9cran d\u2019accueil et les ic\u00f4nes d\u2019apps avec cet effet de transparence et de vitre<\/li>\n<\/ul>\n<p> <img loading=\"lazy\" decoding=\"async\" aria-describedby=\"caption-attachment-199106\" class=\"size-full wp-image-199106\" src=\"data:image\/svg+xml,%3Csvg%20xmlns=\" http:=\"\" alt=\"Transparence iOS 26\" width=\"1179\" height=\"1176\" data-lazy- data-lazy- data-lazy-src=\"https:\/\/www.europesays.com\/fr\/wp-content\/uploads\/2025\/06\/transparence-ios-26-e1749721428238.jpg\"\/><\/p>\n<p id=\"caption-attachment-199106\" class=\"wp-caption-text\">\u00a9 Capture d\u2019\u00e9cran iOS par iPhon.fr<\/p>\n<ul>\n<li><strong>\u00c9cran verrouill\u00e9 et horloge\u00a0:<\/strong> l\u2019affichage du temps peut-\u00eatre \u00e9tir\u00e9 vers le bas. Cet agrandissement est aussi adaptatif et redimensionne l\u2019horloge selon les notifications apparaissant \u00e0 l\u2019\u00e9cran<\/li>\n<li><strong>\u00c9cran verrouill\u00e9 et musique (nouvel ajout) :<\/strong> quand un morceau d\u2019Apple Music est en cours de lecture, l\u2019\u00e9cran verouill\u00e9 peut afficher l\u2019illustration correspondante en pleine page<\/li>\n<li><strong>Sc\u00e8ne spatiale\u00a0:<\/strong> n\u2019importe quelle photo peut \u00eatre transform\u00e9e en sc\u00e8ne spatiale pour ajouter une dimension \u00e0 l\u2019image. Ainsi, on se retrouve avec une sorte de photo 3D pour un effet r\u00e9ellement convaincant<\/li>\n<\/ul>\n<p> <img loading=\"lazy\" decoding=\"async\" aria-describedby=\"caption-attachment-199108\" class=\"size-full wp-image-199108\" src=\"data:image\/svg+xml,%3Csvg%20xmlns=\" http:=\"\" alt=\"Sc\u00e8ne spatiale iOS 26\" width=\"2000\" height=\"1551\" data-lazy- data-lazy- data-lazy-src=\"https:\/\/www.europesays.com\/fr\/wp-content\/uploads\/2025\/06\/scene-spatiale-ios-26.jpg\"\/><\/p>\n<p id=\"caption-attachment-199108\" class=\"wp-caption-text\">\u00a9 Capture d\u2019\u00e9cran iOS par iPhon.fr<\/p>\n<ul>\n<li><strong>Screen Incoming Calls\u00a0:<\/strong> quand activ\u00e9e, cette fonction permet de se pr\u00e9munir des appels ind\u00e9sirables en demandant \u00e0 l\u2019appelant d\u2019un num\u00e9ro inconnu de fournir des informations avant que l\u2019appel nous soit propos\u00e9, on peut alors prendre ou refuser l\u2019appel<\/li>\n<\/ul>\n<p> <img loading=\"lazy\" decoding=\"async\" aria-describedby=\"caption-attachment-199103\" class=\"size-full wp-image-199103\" src=\"data:image\/svg+xml,%3Csvg%20xmlns=\" http:=\"\" alt=\"Appels num\u00e9ros inconnus iOS 26\" width=\"1179\" height=\"1091\" data-lazy- data-lazy- data-lazy-src=\"https:\/\/www.europesays.com\/fr\/wp-content\/uploads\/2025\/06\/appels-numero-inconnus.jpg\"\/><\/p>\n<p id=\"caption-attachment-199103\" class=\"wp-caption-text\">\u00a9 Capture d\u2019\u00e9cran iOS par iPhon.fr<\/p>\n<ul>\n<li><strong>Envoyer vers la messagerie\u00a0:<\/strong> autre fonction anti-spam, celle-ci met en silence les appels provenant de num\u00e9ros inconnus. L\u2019appelant peut tout de m\u00eame laisser un message sur la bo\u00eete vocale<\/li>\n<li><strong>Move to Unknown Callers\u00a0:<\/strong> les appels manqu\u00e9s et messages vocaux de num\u00e9ros inconnus peuvent \u00eatre plac\u00e9s dans une liste d\u00e9di\u00e9e de l\u2019app T\u00e9l\u00e9phone<\/li>\n<li><strong>Hold Assist\u00a0: <\/strong>quand vous appelez un service client ou tout num\u00e9ro vous proposant une musique d\u2019attente pour patienter, vous pouvez poser le t\u00e9l\u00e9phone. iOS vous avertit d\u2019une notification quand une personne reprend l\u2019appel au bout du fil, de sorte que vous n\u2019ayez pas \u00e0 garder l\u2019iPhone scotch\u00e9 \u00e0 l\u2019oreille pendant tout le temps d\u2019attente<strong><br \/><\/strong><\/li>\n<li><strong>Visual Intelligence \u00e0 l\u2019\u00e9cran\u00a0:<\/strong> jusque l\u00e0, Visual Intelligence pouvait analyser des objets que s\u2019ils \u00e9taient vus \u00e0 travers les yeux de l\u2019iPhone, l\u2019appareil photo. D\u00e9sormais, l\u2019I.A. sp\u00e9cialiste de n\u2019analyse visuelle prend aussi en charge tout ce que vous avez affich\u00e9 \u00e0 l\u2019\u00e9cran, via l\u2019outil Capture d\u2019\u00e9cran<\/li>\n<\/ul>\n<p> <img loading=\"lazy\" decoding=\"async\" aria-describedby=\"caption-attachment-199101\" class=\"size-full wp-image-199101\" src=\"data:image\/svg+xml,%3Csvg%20xmlns=\" http:=\"\" alt=\"Visual Intelligence iOS 26\" width=\"1179\" height=\"2295\" data-lazy- data-lazy- data-lazy-src=\"https:\/\/www.europesays.com\/fr\/wp-content\/uploads\/2025\/06\/visual-intelligence-ecran.jpg\"\/><\/p>\n<p id=\"caption-attachment-199101\" class=\"wp-caption-text\">\u00a9 Capture d\u2019\u00e9cran iOS par iPhon.fr<\/p>\n<ul>\n<li><strong>Capture d\u2019\u00e9cran et ChatGPT\u00a0:<\/strong> vous pouvez interroger ChatGPT sur ce que vous voyez \u00e0 l\u2019\u00e9cran simplement via l\u2019outil de Capture d\u2019\u00e9cran<\/li>\n<\/ul>\n<p> <img loading=\"lazy\" decoding=\"async\" aria-describedby=\"caption-attachment-199099\" class=\"size-full wp-image-199099\" src=\"data:image\/svg+xml,%3Csvg%20xmlns=\" http:=\"\" alt=\"ChatGPT capture d'\u00e9cran iOS 26\" width=\"1179\" height=\"2194\" data-lazy- data-lazy- data-lazy-src=\"https:\/\/www.europesays.com\/fr\/wp-content\/uploads\/2025\/06\/chatgpt-image.jpg\"\/><\/p>\n<p id=\"caption-attachment-199099\" class=\"wp-caption-text\">\u00a9 Capture d\u2019\u00e9cran iOS par iPhon.fr<\/p>\n<ul>\n<li><strong>Aper\u00e7u\u00a0:<\/strong> nouvelle application d\u00e9di\u00e9e \u00e0 la consultation et la modification de document PDF et d\u2019images<\/li>\n<li><strong>Pr\u00e9sentation des dossiers\u00a0:<\/strong> dans Fichiers, les dossiers peuvent \u00eatre d\u00e9ploy\u00e9s pour r\u00e9v\u00e9ler leur contenu sans avoir besoin de changer de vue<\/li>\n<\/ul>\n<p> <img loading=\"lazy\" decoding=\"async\" aria-describedby=\"caption-attachment-199100\" class=\"size-full wp-image-199100\" src=\"data:image\/svg+xml,%3Csvg%20xmlns=\" http:=\"\" alt=\"Fichiers app et dossiers iOS 26\" width=\"1179\" height=\"1577\" data-lazy- data-lazy- data-lazy-src=\"https:\/\/www.europesays.com\/fr\/wp-content\/uploads\/2025\/06\/fichiers-app-ios-26.jpg\"\/><\/p>\n<p id=\"caption-attachment-199100\" class=\"wp-caption-text\">\u00a9 Capture d\u2019\u00e9cran iOS par iPhon.fr<\/p>\n<ul>\n<li><strong>Games\u00a0:<\/strong> nouvelle application d\u00e9di\u00e9e au jeu vid\u00e9o. Vous y retrouvez tous les jeux que vous avez poss\u00e9d\u00e9s dans votre compte Apple, mais aussi les jeux Apple Arcade que vous avez install\u00e9s. En plus, un onglet \u201cJouez ensemble\u201d, rempla\u00e7ant du Game Center, permet de lancer des d\u00e9fis \u00e0 des amis et de r\u00e9colter des r\u00e9compenses selon ses performances<\/li>\n<\/ul>\n<p> <img loading=\"lazy\" decoding=\"async\" aria-describedby=\"caption-attachment-199107\" class=\"size-full wp-image-199107\" src=\"data:image\/svg+xml,%3Csvg%20xmlns=\" http:=\"\" alt=\"Apple Games app\" width=\"1179\" height=\"2359\" data-lazy- data-lazy- data-lazy-src=\"https:\/\/www.europesays.com\/fr\/wp-content\/uploads\/2025\/06\/apple-games-app.jpg\"\/><\/p>\n<p id=\"caption-attachment-199107\" class=\"wp-caption-text\">\u00a9 Capture d\u2019\u00e9cran iOS par iPhon.fr<\/p>\n<ul>\n<li><strong>Image Playground\u00a0:<\/strong> 5 nouveaux styles pour la g\u00e9n\u00e9ration d\u2019image sont disponibles, via ChatGPT (peinture \u00e0 l\u2019huile, aquarelle, vecteur, anime, gravure). <a href=\"https:\/\/www.iphon.fr\/post\/image-playground-ios-26-nouveaux-styles-faire-sensation\" rel=\"nofollow noopener\" target=\"_blank\">Voir le d\u00e9tail ici<\/a><\/li>\n<\/ul>\n<p> <img loading=\"lazy\" decoding=\"async\" aria-describedby=\"caption-attachment-198996\" class=\"wp-image-198996 size-full\" src=\"data:image\/svg+xml,%3Csvg%20xmlns=\" http:=\"\" alt=\"Image Playground ChatGPT\" width=\"886\" height=\"1094\" data-lazy- data-lazy- data-lazy-src=\"https:\/\/www.europesays.com\/fr\/wp-content\/uploads\/2025\/06\/Image-Playground-ChatGPT-e1749715200646.jpg\"\/><\/p>\n<p id=\"caption-attachment-198996\" class=\"wp-caption-text\">\u00a9 Capture d\u2019\u00e9cran iOS par iPhon.fr<\/p>\n<ul>\n<li><strong>M\u00e9t\u00e9o par satellite\u00a0:<\/strong> m\u00eame sans r\u00e9seau, l\u2019iPhone peut vous donner la m\u00e9t\u00e9o \u00e0 l\u2019aide de votre position satellite. <a href=\"https:\/\/www.iphon.fr\/post\/beta-ios-26-meteo-satellite\" rel=\"nofollow noopener\" target=\"_blank\">Une fonction d\u00e9taill\u00e9e ici<\/a><\/li>\n<li><strong>Traduction en direct\u00a0:<\/strong> la traduction se fait en direct \u00e0 l\u2019\u00e9crit, \u00e0 l\u2019oral, mais aussi de l\u2019\u00e9crit \u00e0 l\u2019oral et de l\u2019oral \u00e0 l\u2019\u00e9crit, dans Messages, FaceTime et les applications tierces compatibles. <a href=\"https:\/\/www.iphon.fr\/post\/annonce-ios-26-quelles-nouveautes\" rel=\"nofollow noopener\" target=\"_blank\">On vous en parle plus longuement ici<\/a><\/li>\n<li><strong>Adaptative Power\u00a0:<\/strong> ce nouveau mode d\u2019alimentation est sous-tendu par I.A. Il autorise iOS \u00e0 effectuer des changements pour rallonger la dur\u00e9e de vie de la batterie, notamment en cas d\u2019usage intensif de l\u2019iPhone. Il peut se d\u00e9clencher \u00e0 20\u00a0% d\u2019autonomie restante et peut ajuster des param\u00e8tres comme la luminosit\u00e9 de l\u2019\u00e9cran ou la vitesse de chargement de certaines apps<\/li>\n<li><strong>Batterie et autonomie\u00a0:<\/strong> le compte-rendu d\u2019usage de la batterie est beaucoup plus d\u00e9taill\u00e9, avec un comparatif de l\u2019usage actuel vs l\u2019usage habituel pass\u00e9 et des alertes donn\u00e9es pour des apps sp\u00e9cialement gourmandes. <a href=\"https:\/\/www.iphon.fr\/post\/ios-26-nouveau-mode-gestion-batterie-ia\" rel=\"nofollow noopener\" target=\"_blank\">Rendez-vous l\u00e0 pour plus d\u2019informations \u00e0 ce sujet<\/a><\/li>\n<li><strong>Dur\u00e9e de recharge\u00a0:<\/strong> l\u2019\u00e9cran verrouill\u00e9 affiche le temps restant avant d\u2019atteindre les 80\u00a0% de batterie charg\u00e9e<\/li>\n<\/ul>\n<p> <img loading=\"lazy\" decoding=\"async\" aria-describedby=\"caption-attachment-199105\" class=\"size-full wp-image-199105\" src=\"data:image\/svg+xml,%3Csvg%20xmlns=\" http:=\"\" alt=\"Temps recharge iOS 26\" width=\"1179\" height=\"609\" data-lazy- data-lazy- data-lazy-src=\"https:\/\/www.europesays.com\/fr\/wp-content\/uploads\/2025\/06\/temps-recharge-ios-26.jpg\"\/><\/p>\n<p id=\"caption-attachment-199105\" class=\"wp-caption-text\">\u00a9 Capture d\u2019\u00e9cran iOS par iPhon.fr<\/p>\n<ul>\n<li><strong>Retour en arri\u00e8re\u00a0: <\/strong>le geste de retour en arri\u00e8re <a href=\"https:\/\/www.iphon.fr\/post\/ios-26-geste-vous-faites-tous-jours-devient-plus-facile\" rel=\"nofollow noopener\" target=\"_blank\">ne doit plus se faire sur le coin bas-gauche de l\u2019\u00e9cran<\/a>, mais peut se faire n\u2019importe o\u00f9 \u00e0 l\u2019\u00e9cran tant que le doigt ne touche pas une autre commande tactile<\/li>\n<li><strong>Messages et fond d\u2019\u00e9cran (nouvel ajout) :<\/strong> ajoutez des fonds d\u2019\u00e9cran \u00e0 vos conversations, comme permet de le faire WhatsApp<\/li>\n<li><strong>Messages et sondage (nouvel ajout) :<\/strong> lancez un sondage dans une conversation entre amis ou en famille dans l\u2019app Messages<\/li>\n<li><strong>Photos (nouvel ajout)<\/strong> <strong>:<\/strong> les collections sont s\u00e9par\u00e9es de la phototh\u00e8que pour un acc\u00e8s plus simple et direct \u00e0 toutes ses photos<\/li>\n<li><strong>Journaux multiples\u00a0<\/strong><strong>(nouvel ajout)<\/strong> <strong>:<\/strong> dans l\u2019app Journal, vous pouvez cr\u00e9er plusieurs journaux<\/li>\n<li><strong>Historique des mots de passe <\/strong><strong>(nouvel ajout)<\/strong><strong> :<\/strong> l\u2019app Mots de passe peut afficher un historique des modifictations effectu\u00e9es pour une fiche de connexion, de mani\u00e8re \u00e0 voir par exemple les pr\u00e9c\u00e9dents mots de passe utilis\u00e9es pour l\u2019un ou l\u2019autre site<\/li>\n<\/ul>\n<p>N\u2019h\u00e9sitez pas \u00e0 nous dire quelle est la nouveaut\u00e9 que vous pr\u00e9f\u00e9rez en commentaires\u00a0!<\/p>\n<p>            <img loading=\"lazy\" width=\"300\" height=\"300\" decoding=\"async\" src=\"data:image\/svg+xml,%3Csvg%20xmlns=\" http:=\"\" alt=\"i-nfo.fr - App officielle iPhon.fr\" data-lazy-src=\"https:\/\/www.europesays.com\/fr\/wp-content\/uploads\/2025\/04\/App-iPhon.jpg\"\/>                                            i-nfo.fr &#8211; App officielle iPhon.fr                 <\/p>\n<p>Par\u00a0: Keleops AG<\/p>\n","protected":false},"excerpt":{"rendered":"Mise \u00e0 jour du 14 juin\u00a0: ajout de 5 nouveaut\u00e9s, visibles avec la mention \u201cnouvel ajout\u201d en rouge.&hellip;\n","protected":false},"author":2,"featured_media":176950,"comment_status":"","ping_status":"","sticky":false,"template":"","format":"standard","meta":{"footnotes":""},"categories":[7],"tags":[1011,27,43,40,41,39,42,44],"class_list":{"0":"post-176949","1":"post","2":"type-post","3":"status-publish","4":"format-standard","5":"has-post-thumbnail","7":"category-sciences-et-technologies","8":"tag-fr","9":"tag-france","10":"tag-science","11":"tag-science-and-technology","12":"tag-sciences","13":"tag-sciences-et-technologies","14":"tag-technologies","15":"tag-technology"},"share_on_mastodon":{"url":"https:\/\/pubeurope.com\/@fr\/114684120945090942","error":""},"_links":{"self":[{"href":"https:\/\/www.europesays.com\/fr\/wp-json\/wp\/v2\/posts\/176949","targetHints":{"allow":["GET"]}}],"collection":[{"href":"https:\/\/www.europesays.com\/fr\/wp-json\/wp\/v2\/posts"}],"about":[{"href":"https:\/\/www.europesays.com\/fr\/wp-json\/wp\/v2\/types\/post"}],"author":[{"embeddable":true,"href":"https:\/\/www.europesays.com\/fr\/wp-json\/wp\/v2\/users\/2"}],"replies":[{"embeddable":true,"href":"https:\/\/www.europesays.com\/fr\/wp-json\/wp\/v2\/comments?post=176949"}],"version-history":[{"count":0,"href":"https:\/\/www.europesays.com\/fr\/wp-json\/wp\/v2\/posts\/176949\/revisions"}],"wp:featuredmedia":[{"embeddable":true,"href":"https:\/\/www.europesays.com\/fr\/wp-json\/wp\/v2\/media\/176950"}],"wp:attachment":[{"href":"https:\/\/www.europesays.com\/fr\/wp-json\/wp\/v2\/media?parent=176949"}],"wp:term":[{"taxonomy":"category","embeddable":true,"href":"https:\/\/www.europesays.com\/fr\/wp-json\/wp\/v2\/categories?post=176949"},{"taxonomy":"post_tag","embeddable":true,"href":"https:\/\/www.europesays.com\/fr\/wp-json\/wp\/v2\/tags?post=176949"}],"curies":[{"name":"wp","href":"https:\/\/api.w.org\/{rel}","templated":true}]}}