{"id":176951,"date":"2025-06-14T22:39:09","date_gmt":"2025-06-14T22:39:09","guid":{"rendered":"https:\/\/www.europesays.com\/fr\/176951\/"},"modified":"2025-06-14T22:39:09","modified_gmt":"2025-06-14T22:39:09","slug":"en-pleine-crise-du-bureau-que-penser-des-nouvelles-offres-de-scpi","status":"publish","type":"post","link":"https:\/\/www.europesays.com\/fr\/176951\/","title":{"rendered":"En pleine crise du bureau, que penser des nouvelles offres de SCPI\u2009?"},"content":{"rendered":"<p><strong>CHRONIQUE &#8211; <\/strong>Pas moins de 19 nouveaux fonds immobiliers se sont lanc\u00e9s l\u2019ann\u00e9e derni\u00e8re, avec des promesses de rendements all\u00e9chants.<\/p>\n<p class=\"fig-paragraph\">Les \u00e9pargnants qui veulent placerleur argent dans la pierre risquent d\u2019avoir du mal \u00e0 faire leur choix. Depuis quelques mois, les lancements de nouvelles\u00a0<a href=\"http:\/\/leparticulier.lefigaro.fr\/jcms\/c_113078\/placements-immobiliers\/dossier\/notre-avis-sur-les-scpi-les-rendements-des-scpi\" data-fig-type=\"Topic\" data-gtm-custom-categorie=\"navigation\" data-gtm-custom-action=\"crossclick\" data-gtm-custom-label=\"Contextuel\" data-gtm-event=\"customEventSPE\" data-fig-domain=\"LEPARTICULIER\" target=\"_blank\" rel=\"noopener\">SCPI<\/a>, ces fonds immobiliers grand public se succ\u00e8dent.<\/p>\n<p class=\"fig-paragraph\">Rien qu\u2019en 2024, pr\u00e8s de 19 produits de ce type ont vu le jour. Ils s\u2019ajoutent \u00e0 la vingtaine d\u00e9j\u00e0 lanc\u00e9e entre\u00a02022 et\u00a02023. Du jamais-vu dans le monde des SCPI longtemps entre les mains\u00a0<a href=\"http:\/\/www.lefigaro.fr\/societes\/dans-la-gestion-d-actifs-l-heure-est-aux-projets-de-grands-mariages-20241209\" data-fig-type=\"Article\" data-gtm-custom-categorie=\"navigation\" data-gtm-custom-action=\"crossclick\" data-gtm-custom-label=\"Contextuel\" data-gtm-event=\"customEventSPE\" data-fig-domain=\"LEFIGARO\" target=\"_blank\" rel=\"noopener\">de grandes soci\u00e9t\u00e9s de gestion<\/a>. \u00ab\u00a0Beaucoup de g\u00e9rants se disent que c\u2019est un bon moment pour refaire de l\u2019immobilier, d\u2019o\u00f9 la profusion de nouveaux acteurs\u00a0\u00bb, commente Pierre Garin, directeur immobilier chez le courtier Linxea.<\/p>\n<p class=\"fig-paragraph\">Les rendements XXL \u2013 autour de 10\u00a0% \u2013 promis par ces nouveaux venus leur donnent partiellement raison. C\u2019est le cas de la SCPI Com\u00e8te (Alderan), mise sur orbite fin 2023 et qui a rapport\u00e9 11,18\u00a0% l\u2019an dernier. D\u2019autres, Sofidynamic (Sofidy), Reason (MNK Partners), Osmo \u00c9nergie (Mata Capital), Mistral S\u00e9lection (Swiss Life) ou Corum USA (Corum l\u2019\u00c9pargne), lanc\u00e9es courant\u2026<\/p>\n<p class=\"fig-premium-paywall__infos\">\n        Cet article est r\u00e9serv\u00e9 aux abonn\u00e9s.        Il vous reste 75% \u00e0 d\u00e9couvrir.\n    <\/p>\n<p>                <img  data- alt=\"Le Figaro\" class=\"fig-img--complete fig-img\"\/><\/p>\n<p class=\"fig-premium-paywall__title\">Vente Flash<\/p>\n<p class=\"fig-premium-paywall__subtitle\">3,99\u20ac par mois pendant 12 mois. Sans engagement.<\/p>\n<p class=\"fig-premium-paywall__connect\">\n                D\u00e9j\u00e0 abonn\u00e9\u00a0?                <a class=\"fig-premium-paywall__connect-link\" href=\"https:\/\/connect.lefigaro.fr\/login?client=horizon_web&amp;type=main&amp;redirect_uri=https%3A%2F%2Fwww.lefigaro.fr%2Ffinances-perso%2Fen-pleine-crise-du-bureau-que-penser-des-nouvelles-offres-de-scpi-20250614\" data-js-gtm=\"{&quot;customCategorie&quot;: &quot;conversion&quot;, &quot;customAction&quot;: &quot;before_Landing_Connexion_paywall_auto&quot;, &quot;customLabel&quot;: &quot;bGVmaWdhcm8uZnJfXzFmMDQ2Y2UxLWQ4ZTYtNmY0Mi1iOWYzLWY5NDM2OWRkYzE3OF9fQXJ0aWNsZQ==_En pleine crise du bureau, que penser des nouvelles offres de SCPI\u00a0?_372&quot;, &quot;customIDSPE&quot;: &quot;bGVmaWdhcm8uZnJfXzFmMDQ2Y2UxLWQ4ZTYtNmY0Mi1iOWYzLWY5NDM2OWRkYzE3OF9fQXJ0aWNsZQ==&quot;, &quot;event&quot;: &quot;customEventSPE&quot;}\" target=\"_blank\" rel=\"noopener\"><br \/>\n                    Connectez-vous<br \/>\n                <\/a>\n            <\/p>\n","protected":false},"excerpt":{"rendered":"CHRONIQUE &#8211; Pas moins de 19 nouveaux fonds immobiliers se sont lanc\u00e9s l\u2019ann\u00e9e derni\u00e8re, avec des promesses de&hellip;\n","protected":false},"author":2,"featured_media":176952,"comment_status":"","ping_status":"","sticky":false,"template":"","format":"standard","meta":{"footnotes":""},"categories":[6],"tags":[1117,28956,35,130,33,34,638,526,1011,27,2552,1116,342,639,2551,1118,2553,28955,137,31281],"class_list":{"0":"post-176951","1":"post","2":"type-post","3":"status-publish","4":"format-standard","5":"has-post-thumbnail","7":"category-economie","8":"tag-assurance","9":"tag-assurances-vie","10":"tag-business","11":"tag-consommation","12":"tag-economie","13":"tag-economy","14":"tag-figaro","15":"tag-fiscalite","16":"tag-fr","17":"tag-france","18":"tag-gestion-de-patrimoine","19":"tag-immobilier","20":"tag-impots","21":"tag-le-figaro","22":"tag-patrimoine","23":"tag-placement","24":"tag-placements","25":"tag-rentes","26":"tag-retraite","27":"tag-scpi"},"share_on_mastodon":{"url":"https:\/\/pubeurope.com\/@fr\/114684124459506318","error":""},"_links":{"self":[{"href":"https:\/\/www.europesays.com\/fr\/wp-json\/wp\/v2\/posts\/176951","targetHints":{"allow":["GET"]}}],"collection":[{"href":"https:\/\/www.europesays.com\/fr\/wp-json\/wp\/v2\/posts"}],"about":[{"href":"https:\/\/www.europesays.com\/fr\/wp-json\/wp\/v2\/types\/post"}],"author":[{"embeddable":true,"href":"https:\/\/www.europesays.com\/fr\/wp-json\/wp\/v2\/users\/2"}],"replies":[{"embeddable":true,"href":"https:\/\/www.europesays.com\/fr\/wp-json\/wp\/v2\/comments?post=176951"}],"version-history":[{"count":0,"href":"https:\/\/www.europesays.com\/fr\/wp-json\/wp\/v2\/posts\/176951\/revisions"}],"wp:featuredmedia":[{"embeddable":true,"href":"https:\/\/www.europesays.com\/fr\/wp-json\/wp\/v2\/media\/176952"}],"wp:attachment":[{"href":"https:\/\/www.europesays.com\/fr\/wp-json\/wp\/v2\/media?parent=176951"}],"wp:term":[{"taxonomy":"category","embeddable":true,"href":"https:\/\/www.europesays.com\/fr\/wp-json\/wp\/v2\/categories?post=176951"},{"taxonomy":"post_tag","embeddable":true,"href":"https:\/\/www.europesays.com\/fr\/wp-json\/wp\/v2\/tags?post=176951"}],"curies":[{"name":"wp","href":"https:\/\/api.w.org\/{rel}","templated":true}]}}