{"id":176953,"date":"2025-06-14T22:40:10","date_gmt":"2025-06-14T22:40:10","guid":{"rendered":"https:\/\/www.europesays.com\/fr\/176953\/"},"modified":"2025-06-14T22:40:10","modified_gmt":"2025-06-14T22:40:10","slug":"le-tragique-destin-de-ces-deux-fillettes-desormais-orphelines-apres-le-crash-en-inde","status":"publish","type":"post","link":"https:\/\/www.europesays.com\/fr\/176953\/","title":{"rendered":"le tragique destin de ces deux fillettes d\u00e9sormais orphelines apr\u00e8s le crash en Inde"},"content":{"rendered":"<p>        <img decoding=\"async\" loading=\"lazy\" src=\"https:\/\/www.europesays.com\/fr\/wp-content\/uploads\/2025\/06\/ee9dda1_upload-1-mkuclzhzp06s-000-62ct3kd.jpg\"  width=\"728\" height=\"409\" alt=\"La queue de l\u2019avion apr\u00e8s le crash du vol 171\u00a0d\u2019Air India, photographi\u00e9e dans un quartier r\u00e9sidentiel pr\u00e8s de l\u2019a\u00e9roport d\u2019Ahmedabad en Inde, le 14\u00a0juin 2025.\"\/>  <\/p>\n<p>DIBYANGSHU SARKAR \/ AFP<\/p>\n<p>La queue de l\u2019avion apr\u00e8s le crash du vol 171\u00a0d\u2019Air India, photographi\u00e9e dans un quartier r\u00e9sidentiel pr\u00e8s de l\u2019a\u00e9roport d\u2019Ahmedabad en Inde, le 14\u00a0juin 2025.<\/p>\n<p class=\"asset asset-text\">INTERNATIONAL &#8211; Le crash du vol Air India cette semaine en Inde d\u00e9voile peu \u00e0 peu des destins heureux, comme cette \u00e9tudiante <a href=\"https:\/\/www.huffingtonpost.fr\/international\/article\/censee-prendre-le-vol-air-india-cette-etudiante-a-eu-la-vie-sauve-pour-quelques-minutes-de-retard-a-l-aeroport_251329.html\" rel=\"nofollow noopener\" target=\"_blank\">qui a eu la vie sauve pour quelques minutes de retard \u00e0 l\u2019a\u00e9roport<\/a>, mais aussi <a href=\"https:\/\/www.huffingtonpost.fr\/international\/video\/avant-le-crash-du-vol-air-india-ce-couple-de-britanniques-s-est-filme-heureux-a-l-aeroport-d-ahmedabad_251295.html\" rel=\"nofollow noopener\" target=\"_blank\">tragiques<\/a>. C\u2019est le cas de cette famille britannique.<\/p>\n<p class=\"asset asset-text\">Ainsi, quelques semaines apr\u00e8s la mort de leur m\u00e8re, deux fillettes ont perdu leur p\u00e8re qui s\u2019\u00e9tait rendu en\u00a0Inde\u00a0pour disperser les cendres de son \u00e9pouse. Celui-ci se trouvait \u00e0 bord du Boeing 787 d\u2019Air\u00a0India\u00a0<a href=\"https:\/\/www.huffingtonpost.fr\/international\/article\/crash-d-un-avion-en-inde-plus-de-200-corps-retrouves-victimes-sur-le-lieu-d-impact-ce-que-l-on-sait_251269.html\" rel=\"nofollow noopener\" target=\"_blank\">qui s\u2019est \u00e9cras\u00e9 jeudi \u00e0 Ahmedabad<\/a>.<\/p>\n<p class=\"asset asset-text\">Arjun Patoliya rentrait chez lui pour y retrouver ses filles, \u00e2g\u00e9es de 4 et 8\u00a0ans, quand le drame s\u2019est produit. Son \u00e9pouse, Bharti, \u00e9tait d\u00e9c\u00e9d\u00e9e quelques semaines auparavant.<\/p>\n<p class=\"asset asset-text\">\u00ab\u00a0Le mari est all\u00e9 pratiquer les rituels en\u00a0Inde\u00a0et sur le retour, il se trouvait \u00e0 bord de l\u2019avion. Il laisse derri\u00e8re lui deux petites filles qui sont maintenant orphelines\u00a0\u00bb, a racont\u00e9 Anjana Patel, maire de l\u2019arrondissement londonien de Harrow, lors d\u2019une veill\u00e9e multiconfessionnelle en hommage aux victimes de la catastrophe a\u00e9rienne la plus meurtri\u00e8re au monde depuis 2014.<\/p>\n<p> La lecture de ce contenu est susceptible d\u2019entra\u00eener un d\u00e9p\u00f4t de cookies de la part de l\u2019op\u00e9rateur tiers qui l\u2019h\u00e9berge. Compte-tenu des choix que vous avez exprim\u00e9s en mati\u00e8re de d\u00e9p\u00f4t de cookies, nous avons bloqu\u00e9 l\u2019affichage de ce contenu. Si vous souhaitez y acc\u00e9der, vous devez accepter la cat\u00e9gorie de cookies \u201cContenus tiers\u201d en cliquant sur le bouton ci-dessous. <\/p>\n<p> Lire la Vid\u00e9o        Cagnotte en ligne    <\/p>\n<p class=\"asset asset-text\">Au total, 279 personnes, dont des passagers, des membres d\u2019\u00e9quipage et des personnes au sol, ont trouv\u00e9 la mort lorsque le Boeing 787-8 Dreamliner \u00e0 destination de l\u2019a\u00e9roport londonien de Gatwick s\u2019est \u00e9cras\u00e9 peu de temps apr\u00e8s son d\u00e9collage.<\/p>\n<p class=\"asset asset-text\">Parmi les victimes, on compte 52 Britanniques. \u00ab\u00a0J\u2019esp\u00e8re vraiment que tous, nous prendrons soin de ces filles\u00a0\u00bb, a lanc\u00e9 Anjana Patel. \u00ab\u00a0Nous n\u2019avons pas de mots pour d\u00e9crire ce que doivent ressentir les familles et les amis, alors ce que nous pouvons faire, c\u2019est prier pour eux\u00a0\u00bb, a-t-elle encore dit.<\/p>\n<p class=\"asset asset-text\"><a href=\"https:\/\/www.gofundme.com\/f\/secure-a-future-for-arjuns-bhartis-daughters?pc=GFM_UK_social_arjun_twitter&amp;lang=&amp;utm_source=UK&amp;utm_medium=twitter&amp;utm_campaign=GFM_UK_social_arjun_twitter\" target=\"_blank\" rel=\"noopener nofollow\" title=\"Nouvelle fen\u00eatre\">Sur GoFundMe<\/a>, une cagnotte cr\u00e9\u00e9e pour \u00ab\u00a0s\u00e9curiser un futur pour les filles d\u2019Arjun et Bharti\u00a0\u00bb avait d\u00e9j\u00e0 r\u00e9colt\u00e9 ce samedi soir pr\u00e8s de 425\u00a0000\u00a0livres (500\u00a0000\u00a0euros).<\/p>\n<p class=\"asset asset-text\">Le Britannique d\u2019origine indienne Vishwash Kumar Ramesh, 40\u00a0ans, <a href=\"https:\/\/www.huffingtonpost.fr\/international\/video\/j-ai-tout-vu-de-mes-propres-yeux-le-survivant-du-vol-air-india-revient-sur-le-crash_251318.html\" rel=\"nofollow noopener\" target=\"_blank\">est lui le seul rescap\u00e9 de l\u2019accident parmi les occupants du Boeing<\/a>.<\/p>\n","protected":false},"excerpt":{"rendered":"DIBYANGSHU SARKAR \/ AFP La queue de l\u2019avion apr\u00e8s le crash du vol 171\u00a0d\u2019Air India, photographi\u00e9e dans un&hellip;\n","protected":false},"author":2,"featured_media":176954,"comment_status":"","ping_status":"","sticky":false,"template":"","format":"standard","meta":{"footnotes":""},"categories":[5],"tags":[11,30556,1011,27,5595,14,12,473,28],"class_list":{"0":"post-176953","1":"post","2":"type-post","3":"status-publish","4":"format-standard","5":"has-post-thumbnail","7":"category-international","8":"tag-actualites","9":"tag-crash-aerien","10":"tag-fr","11":"tag-france","12":"tag-inde","13":"tag-international","14":"tag-news","15":"tag-royaume-uni","16":"tag-world"},"share_on_mastodon":{"url":"https:\/\/pubeurope.com\/@fr\/114684128403220883","error":""},"_links":{"self":[{"href":"https:\/\/www.europesays.com\/fr\/wp-json\/wp\/v2\/posts\/176953","targetHints":{"allow":["GET"]}}],"collection":[{"href":"https:\/\/www.europesays.com\/fr\/wp-json\/wp\/v2\/posts"}],"about":[{"href":"https:\/\/www.europesays.com\/fr\/wp-json\/wp\/v2\/types\/post"}],"author":[{"embeddable":true,"href":"https:\/\/www.europesays.com\/fr\/wp-json\/wp\/v2\/users\/2"}],"replies":[{"embeddable":true,"href":"https:\/\/www.europesays.com\/fr\/wp-json\/wp\/v2\/comments?post=176953"}],"version-history":[{"count":0,"href":"https:\/\/www.europesays.com\/fr\/wp-json\/wp\/v2\/posts\/176953\/revisions"}],"wp:featuredmedia":[{"embeddable":true,"href":"https:\/\/www.europesays.com\/fr\/wp-json\/wp\/v2\/media\/176954"}],"wp:attachment":[{"href":"https:\/\/www.europesays.com\/fr\/wp-json\/wp\/v2\/media?parent=176953"}],"wp:term":[{"taxonomy":"category","embeddable":true,"href":"https:\/\/www.europesays.com\/fr\/wp-json\/wp\/v2\/categories?post=176953"},{"taxonomy":"post_tag","embeddable":true,"href":"https:\/\/www.europesays.com\/fr\/wp-json\/wp\/v2\/tags?post=176953"}],"curies":[{"name":"wp","href":"https:\/\/api.w.org\/{rel}","templated":true}]}}