{"id":176959,"date":"2025-06-14T22:43:21","date_gmt":"2025-06-14T22:43:21","guid":{"rendered":"https:\/\/www.europesays.com\/fr\/176959\/"},"modified":"2025-06-14T22:43:21","modified_gmt":"2025-06-14T22:43:21","slug":"saint-etienne-ils-ont-cree-une-rando-sur-les-traces-des-crassiers-emblematiques-et-oublies","status":"publish","type":"post","link":"https:\/\/www.europesays.com\/fr\/176959\/","title":{"rendered":"Saint-\u00c9tienne. Ils ont cr\u00e9\u00e9 une rando sur les traces des crassiers embl\u00e9matiques et oubli\u00e9s"},"content":{"rendered":"<p>Ils font partie du paysage depuis des d\u00e9cennies. Les crassiers, ces collines form\u00e9es par l\u2019accumulation de r\u00e9sidus miniers, ont commenc\u00e9 \u00e0 s\u2019\u00e9lever dans les ann\u00e9es 1930. Aujourd\u2019hui, certains sont toujours bien identifiables, quand d\u2019autres ont \u00e9t\u00e9 peu \u00e0 peu oubli\u00e9s. \u00ab\u00a0\u00c0 part le site du Puits Couriot, il reste peu de traces de l\u2019histoire mini\u00e8re, beaucoup de choses ont disparu\u00a0\u00bb, notent Thomas Goumarre et Adriano Duarte.<\/p>\n<p>Le premier est artiste, \u00e9tudiant \u00e0 l\u2019Esadse, le second paysagiste-concepteur. Ensemble, ils ont cr\u00e9\u00e9 le Sentier des crassiers, une boucle de 55\u00a0km \u00e0 cheval sur Saint-\u00c9tienne et l\u2019Ondaine, pour rallier les crassiers du bassin houiller de la Loire et \u00ab\u00a0faire persister la m\u00e9moire\u00a0\u00bb.<\/p>\n<p>Les crassiers identifi\u00e9s \u00e0 l\u2019aide de vieilles cartes<\/p>\n<p>Au d\u00e9part du mus\u00e9e de la Mine, ce \u00ab\u00a0sentier-enqu\u00eate\u00a0\u00bb passe par Saint-Genest-Lerpt, Roche-la-Moli\u00e8re, Firminy et Le Chambon-Feugerolles, sur les traces du patrimoine minier du&#8230;<\/p>\n","protected":false},"excerpt":{"rendered":"Ils font partie du paysage depuis des d\u00e9cennies. Les crassiers, ces collines form\u00e9es par l\u2019accumulation de r\u00e9sidus miniers,&hellip;\n","protected":false},"author":2,"featured_media":176960,"comment_status":"","ping_status":"","sticky":false,"template":"","format":"standard","meta":{"footnotes":""},"categories":[9653],"tags":[1111,11,2430,7782,1687,7539,1777,674,107,10282,1011,27,12161,3367,12,2661,25,12490,4001,7538,17929],"class_list":{"0":"post-176959","1":"post","2":"type-post","3":"status-publish","4":"format-standard","5":"has-post-thumbnail","7":"category-saint-etienne","8":"tag-actu","9":"tag-actualites","10":"tag-auvergne-rhone-alpes","11":"tag-balades-et-randonnees","12":"tag-culture-loisirs","13":"tag-edition-loire-sud","14":"tag-eu","15":"tag-europe","16":"tag-fil-info","17":"tag-firminy","18":"tag-fr","19":"tag-france","20":"tag-le-chambon-feugerolles","21":"tag-loire","22":"tag-news","23":"tag-patrimoine-culturel","24":"tag-republique-francaise","25":"tag-roche-la-moliere","26":"tag-saint-etienne","27":"tag-saint-etienne-ville","28":"tag-saint-genest-lerpt"},"share_on_mastodon":{"url":"https:\/\/pubeurope.com\/@fr\/114684140163532237","error":""},"_links":{"self":[{"href":"https:\/\/www.europesays.com\/fr\/wp-json\/wp\/v2\/posts\/176959","targetHints":{"allow":["GET"]}}],"collection":[{"href":"https:\/\/www.europesays.com\/fr\/wp-json\/wp\/v2\/posts"}],"about":[{"href":"https:\/\/www.europesays.com\/fr\/wp-json\/wp\/v2\/types\/post"}],"author":[{"embeddable":true,"href":"https:\/\/www.europesays.com\/fr\/wp-json\/wp\/v2\/users\/2"}],"replies":[{"embeddable":true,"href":"https:\/\/www.europesays.com\/fr\/wp-json\/wp\/v2\/comments?post=176959"}],"version-history":[{"count":0,"href":"https:\/\/www.europesays.com\/fr\/wp-json\/wp\/v2\/posts\/176959\/revisions"}],"wp:featuredmedia":[{"embeddable":true,"href":"https:\/\/www.europesays.com\/fr\/wp-json\/wp\/v2\/media\/176960"}],"wp:attachment":[{"href":"https:\/\/www.europesays.com\/fr\/wp-json\/wp\/v2\/media?parent=176959"}],"wp:term":[{"taxonomy":"category","embeddable":true,"href":"https:\/\/www.europesays.com\/fr\/wp-json\/wp\/v2\/categories?post=176959"},{"taxonomy":"post_tag","embeddable":true,"href":"https:\/\/www.europesays.com\/fr\/wp-json\/wp\/v2\/tags?post=176959"}],"curies":[{"name":"wp","href":"https:\/\/api.w.org\/{rel}","templated":true}]}}