{"id":176979,"date":"2025-06-14T22:56:28","date_gmt":"2025-06-14T22:56:28","guid":{"rendered":"https:\/\/www.europesays.com\/fr\/176979\/"},"modified":"2025-06-14T22:56:28","modified_gmt":"2025-06-14T22:56:28","slug":"mobilisation-pour-la-palestine-autour-de-2-000-personnes-manifestent-en-ille-et-vilaine-2","status":"publish","type":"post","link":"https:\/\/www.europesays.com\/fr\/176979\/","title":{"rendered":"Mobilisation pour la Palestine\u00a0: autour de 2\u00a0000\u00a0personnes manifestent en Ille-et-Vilaine"},"content":{"rendered":"<p>Les mobilisations de soutien au peuple palestinien semblent avoir trouv\u00e9 un second souffle. En <a href=\"https:\/\/www.ouest-france.fr\/bretagne\/ille-et-vilaine\/\" target=\"_blank\" rel=\"noopener\">Ille-et-Vilaine<\/a>, impossible de ne pas remarquer que les cort\u00e8ges se sont consid\u00e9rablement \u00e9paissis depuis le d\u00e9but de la semaine, notamment apr\u00e8s les grandes journ\u00e9es de manifestation en soutien \u00e0 l\u2019\u00e9quipage du bateau humanitaire Madleen. Samedi 14\u00a0juin 2025, pr\u00e8s de 1\u00a0800\u00a0personnes ont ainsi d\u00e9fil\u00e9 dans les rues du centre-ville de <a href=\"https:\/\/rennes.maville.com\/info\/info-locale\/\" target=\"_self\" rel=\"noopener\">Rennes<\/a>, selon la police. \u00c0 <a href=\"https:\/\/fougeres.maville.com\/info\/info-locale\/\" target=\"_self\" rel=\"noopener\">Foug\u00e8res<\/a> ils \u00e9taient pr\u00e8s de 130 \u00e0 \u00eatre descendus dans les rues, \u00e0 l\u2019appel des syndicats et des partis de gauche.<\/p>\n<p><strong>Lire aussi\u00a0:<\/strong> <a href=\"https:\/\/fougeres.maville.com\/actu\/actudet_-a-fougeres-ils-se-sont-couches-sur-le-sol-en-silence-en-soutien-au-peuple-palestinien-_52695-6853876_actu.Htm\" target=\"_self\" rel=\"noopener\">\u00c0 Foug\u00e8res, ils se sont couch\u00e9s sur le sol, en silence, en soutien au peuple palestinien<\/a><\/p>\n<p>\t<img decoding=\"async\" src=\"https:\/\/www.europesays.com\/fr\/wp-content\/uploads\/2025\/06\/P35291098D6854028G_px_640_.jpg\" alt=\"photo selon la police, pr\u00e8s de 1\u00a0800\u00a0personnes ont d\u00e9fil\u00e9 dans les rues du centre-ville de rennes, en soutien au peuple palestinien, samedi 14\u00a0juin 2025.  \u00a9  ouest france\" width=\"640\" title=\" Selon la police, pr\u00e8s de 1\u00a0800\u00a0personnes ont d\u00e9fil\u00e9 dans les rues du centre-ville de Rennes, en soutien au peuple palestinien, samedi 14\u00a0juin 2025.   Ouest France \"\/><\/p>\n<p class=\"elmt-legende\"> Selon la police, pr\u00e8s de 1\u00a0800\u00a0personnes ont d\u00e9fil\u00e9 dans les rues du centre-ville de Rennes, en soutien au peuple palestinien, samedi 14\u00a0juin 2025.   Ouest France <\/p>\n<p>La marche vers Gaza peine \u00e0 s\u2019extraire de l\u2019\u00c9gypte<\/p>\n<p>Dans le m\u00eame temps, la situation se complexifie pour les sept Rennais partis rejoindre la marche mondiale vers Rafah, jeudi 12\u00a0juin 2025, avec l\u2019objectif affich\u00e9 de tenter de n\u00e9gocier l\u2019ouverture de la bande de Gaza aux humanitaires. Selon l\u2019association France Palestine Solidarit\u00e9 Rennes, la police \u00e9gyptienne aurait commenc\u00e9 \u00e0 refouler de nombreux volontaires, en particulier ceux venus de pays arabes. Partis\u00a0pour Isma\u00eflia avec 400\u00a0autres volontaires, vendredi 13\u00a0juin 2025, apr\u00e8s avoir pass\u00e9 la nuit au Caire, ils devaient retrouver d\u2019autres groupes dans la ville d\u2019El-Arich pour entamer, samedi 14\u00a0juin 2025, leur marche de trois\u00a0jours vers Rafah.<\/p>\n<p><strong>Lire aussi\u00a0:<\/strong> <a href=\"https:\/\/rennes.maville.com\/actu\/actudet_-sept-rennais-vont-participer-a-la-marche-mondiale-dans-le-desert-contre-le-blocus-a-gaza-_7-6848221_actu.Htm\" target=\"_self\" rel=\"noopener\">Sept Rennais vont participer \u00e0 la marche mondiale dans le d\u00e9sert contre le blocus \u00e0 Gaza<\/a><\/p>\n<p><strong>\u00ab\u00a0Le convoi dans lequel se trouvaient nos amis rennais a \u00e9t\u00e9 bloqu\u00e9 par la police \u00e9gyptienne alors qu\u2019il avait fait 50\u00a0km depuis Le Caire. Leurs passeports et bagages ont \u00e9t\u00e9 confisqu\u00e9s. Apr\u00e8s plus de six\u00a0heures d\u2019attente en plein soleil, ils ont r\u00e9ussi \u00e0 n\u00e9gocier la r\u00e9cup\u00e9ration de leurs passeports en \u00e9change de leur retour au Caire\u00a0\u00bb<\/strong>, indiquait, vendredi 13\u00a0juin 2025 en soir\u00e9e, l\u2019association France Palestine Solidarit\u00e9 Rennes, qui exige du gouvernement fran\u00e7ais qu\u2019il intervienne pour assurer la s\u00e9curit\u00e9 de ses ressortissants.<\/p>\n<p>\u00a0<\/p>\n","protected":false},"excerpt":{"rendered":"Les mobilisations de soutien au peuple palestinien semblent avoir trouv\u00e9 un second souffle. En Ille-et-Vilaine, impossible de ne&hellip;\n","protected":false},"author":2,"featured_media":176621,"comment_status":"","ping_status":"","sticky":false,"template":"","format":"standard","meta":{"footnotes":""},"categories":[2821],"tags":[5742,6541,1111,11,7051,829,1777,674,1011,27,848,15221,10234,12,3518,3744,584,25],"class_list":{"0":"post-176979","1":"post","2":"type-post","3":"status-publish","4":"format-standard","5":"has-post-thumbnail","7":"category-rennes","8":"tag-5742","9":"tag-6541","10":"tag-actu","11":"tag-actualites","12":"tag-autour","13":"tag-bretagne","14":"tag-eu","15":"tag-europe","16":"tag-fr","17":"tag-france","18":"tag-ille-et-vilaine","19":"tag-manifestent","20":"tag-mobilisation","21":"tag-news","22":"tag-palestine","23":"tag-personnes","24":"tag-rennes","25":"tag-republique-francaise"},"share_on_mastodon":{"url":"https:\/\/pubeurope.com\/@fr\/114684191299830442","error":""},"_links":{"self":[{"href":"https:\/\/www.europesays.com\/fr\/wp-json\/wp\/v2\/posts\/176979","targetHints":{"allow":["GET"]}}],"collection":[{"href":"https:\/\/www.europesays.com\/fr\/wp-json\/wp\/v2\/posts"}],"about":[{"href":"https:\/\/www.europesays.com\/fr\/wp-json\/wp\/v2\/types\/post"}],"author":[{"embeddable":true,"href":"https:\/\/www.europesays.com\/fr\/wp-json\/wp\/v2\/users\/2"}],"replies":[{"embeddable":true,"href":"https:\/\/www.europesays.com\/fr\/wp-json\/wp\/v2\/comments?post=176979"}],"version-history":[{"count":0,"href":"https:\/\/www.europesays.com\/fr\/wp-json\/wp\/v2\/posts\/176979\/revisions"}],"wp:featuredmedia":[{"embeddable":true,"href":"https:\/\/www.europesays.com\/fr\/wp-json\/wp\/v2\/media\/176621"}],"wp:attachment":[{"href":"https:\/\/www.europesays.com\/fr\/wp-json\/wp\/v2\/media?parent=176979"}],"wp:term":[{"taxonomy":"category","embeddable":true,"href":"https:\/\/www.europesays.com\/fr\/wp-json\/wp\/v2\/categories?post=176979"},{"taxonomy":"post_tag","embeddable":true,"href":"https:\/\/www.europesays.com\/fr\/wp-json\/wp\/v2\/tags?post=176979"}],"curies":[{"name":"wp","href":"https:\/\/api.w.org\/{rel}","templated":true}]}}