{"id":176984,"date":"2025-06-14T22:59:23","date_gmt":"2025-06-14T22:59:23","guid":{"rendered":"https:\/\/www.europesays.com\/fr\/176984\/"},"modified":"2025-06-14T22:59:23","modified_gmt":"2025-06-14T22:59:23","slug":"des-enfants-violentes-dans-un-club-sportif-a-nice-trois-animateurs-et-le-gerant-en-garde-a-3","status":"publish","type":"post","link":"https:\/\/www.europesays.com\/fr\/176984\/","title":{"rendered":"Des enfants violent\u00e9s dans un club sportif \u00e0 Nice\u00a0: trois animateurs et le g\u00e9rant en garde \u00e0"},"content":{"rendered":"<p>Quatre personnes &#8211; parmi elles trois animateurs et le g\u00e9rant du club de loisirs Ultra Cimiez de Nice &#8211; ont \u00e9t\u00e9 plac\u00e9es en garde \u00e0 vue mercredi\u00a011 et jeudi 12\u00a0juin 2025, a appris  <a href=\"https:\/\/www.bfmtv.com\/cote-d-azur\/violences-sur-des-enfants-au-club-ultra-cimiez-de-nice-quatre-personnes-dont-trois-animateurs-interpellees_AN-202506120814.html\" target=\"_blank\" rel=\"noopener\">BFMTV<\/a>  aupr\u00e8s du parquet de Nice. Les interpellations ont eu lieu \u00e0 Nice et en Corse, pr\u00e9cise  <a href=\"https:\/\/www.lefigaro.fr\/nice\/violences-sur-des-enfants-dans-un-club-sportif-de-nice-trois-animateurs-et-le-gerant-places-en-garde-a-vue-20250613\" target=\"_blank\" rel=\"noopener\">Le Figaro<\/a> .<\/p>\n<p>L\u2019affaire, portant sur <a href=\"https:\/\/antibes.maville.com\/actu\/actudet_-ballons-dans-la-tete-coups-de-pied...-suspicions-de-violences-dans-un-centre-sportif-a-nice-_9580-6712721_actu.Htm\" target=\"_blank\" rel=\"noopener\">les violences pr\u00e9sum\u00e9es commises sur de jeunes enfants du club de loisirs, a \u00e9clat\u00e9 en mars dernier<\/a>, \u00e0 la suite de la diffusion de vid\u00e9os sur WhatsApp. Sur l\u2019une d\u2019elles, on voit un homme tirer des ballons de football en direction de la t\u00eate d\u2019enfants \u00e2g\u00e9s de moins de 5\u00a0ans. Une autre montre un encadrant pousser\u00a0un jeune gar\u00e7on assis sur un muret, le faisant basculer.<\/p>\n<p>Huit enfants consid\u00e9r\u00e9s comme victimes<\/p>\n<p><strong>\u00ab\u00a0Toutes ces sc\u00e8nes \u00e9taient film\u00e9es par une personne semblant \u00eatre un autre animateur de la structure, et des rires \u00e9taient clairement audibles \u00e0 l\u2019exploitation des diff\u00e9rentes vid\u00e9os\u00a0\u00bb<\/strong>, d\u00e9taille le procureur de la R\u00e9publique de Nice, cit\u00e9 par  <a href=\"https:\/\/www.nicematin.com\/faits-divers\/violences-sur-des-mineurs-au-club-ultra-cimiez-a-nice-4-personnes-en-garde-a-vue-989981\" target=\"_blank\" rel=\"noopener\">Nice-Matin<\/a> . Plusieurs personnes ont rapidement \u00e9t\u00e9 identifi\u00e9es comme pouvant \u00eatre impliqu\u00e9es dans les faits, et des vid\u00e9os ainsi que divers documents ont \u00e9t\u00e9 saisis.<\/p>\n<p>Apr\u00e8s le partage de ces vid\u00e9os, plusieurs parents avaient d\u00e9pos\u00e9 plainte. Une enqu\u00eate avait alors \u00e9t\u00e9 ouverte par le parquet, menant aux interpellations de cette semaine. Trois des suspects doivent \u00eatre pr\u00e9sent\u00e9s ce vendredi 13\u00a0juin devant le tribunal correctionnel, dans le cadre d\u2019une convocation par proc\u00e8s-verbal.\u00a0Ils sont poursuivis des chefs de \u00ab\u00a0violences sur mineurs sans ITT par personne ayant autorit\u00e9\u00a0\u00bb, \u00ab\u00a0enregistrement et diffusion d\u2019images relatives \u00e0 ces violences\u00a0\u00bb et \u00ab\u00a0non-d\u00e9nonciation de mauvais traitements sur mineurs\u00a0\u00bb.\u00a0Huit enfants sont consid\u00e9r\u00e9s comme victimes.\u00a0<\/p>\n<p>\u00a0<\/p>\n","protected":false},"excerpt":{"rendered":"Quatre personnes &#8211; parmi elles trois animateurs et le g\u00e9rant du club de loisirs Ultra Cimiez de Nice&hellip;\n","protected":false},"author":2,"featured_media":174676,"comment_status":"","ping_status":"","sticky":false,"template":"","format":"standard","meta":{"footnotes":""},"categories":[2819],"tags":[1111,11,3809,1465,1777,674,63,1011,27,1792,9958,1922,12,2401,882,25,479,517,1470],"class_list":{"0":"post-176984","1":"post","2":"type-post","3":"status-publish","4":"format-standard","5":"has-post-thumbnail","7":"category-nice","8":"tag-actu","9":"tag-actualites","10":"tag-ball","11":"tag-basket","12":"tag-eu","13":"tag-europe","14":"tag-football","15":"tag-fr","16":"tag-france","17":"tag-handball","18":"tag-hyeres","19":"tag-info","20":"tag-news","21":"tag-nice","22":"tag-provence-alpes-cote-dazur","23":"tag-republique-francaise","24":"tag-rugby","25":"tag-sport","26":"tag-volley"},"share_on_mastodon":{"url":"https:\/\/pubeurope.com\/@fr\/114684203339682562","error":""},"_links":{"self":[{"href":"https:\/\/www.europesays.com\/fr\/wp-json\/wp\/v2\/posts\/176984","targetHints":{"allow":["GET"]}}],"collection":[{"href":"https:\/\/www.europesays.com\/fr\/wp-json\/wp\/v2\/posts"}],"about":[{"href":"https:\/\/www.europesays.com\/fr\/wp-json\/wp\/v2\/types\/post"}],"author":[{"embeddable":true,"href":"https:\/\/www.europesays.com\/fr\/wp-json\/wp\/v2\/users\/2"}],"replies":[{"embeddable":true,"href":"https:\/\/www.europesays.com\/fr\/wp-json\/wp\/v2\/comments?post=176984"}],"version-history":[{"count":0,"href":"https:\/\/www.europesays.com\/fr\/wp-json\/wp\/v2\/posts\/176984\/revisions"}],"wp:featuredmedia":[{"embeddable":true,"href":"https:\/\/www.europesays.com\/fr\/wp-json\/wp\/v2\/media\/174676"}],"wp:attachment":[{"href":"https:\/\/www.europesays.com\/fr\/wp-json\/wp\/v2\/media?parent=176984"}],"wp:term":[{"taxonomy":"category","embeddable":true,"href":"https:\/\/www.europesays.com\/fr\/wp-json\/wp\/v2\/categories?post=176984"},{"taxonomy":"post_tag","embeddable":true,"href":"https:\/\/www.europesays.com\/fr\/wp-json\/wp\/v2\/tags?post=176984"}],"curies":[{"name":"wp","href":"https:\/\/api.w.org\/{rel}","templated":true}]}}