{"id":177001,"date":"2025-06-14T23:09:08","date_gmt":"2025-06-14T23:09:08","guid":{"rendered":"https:\/\/www.europesays.com\/fr\/177001\/"},"modified":"2025-06-14T23:09:08","modified_gmt":"2025-06-14T23:09:08","slug":"pres-de-marseille-violent-incendie-dans-cette-usine-seveso-de-dechets-dangereux-des-habitants-confines","status":"publish","type":"post","link":"https:\/\/www.europesays.com\/fr\/177001\/","title":{"rendered":"Pr\u00e8s de Marseille. Violent incendie dans cette usine Seveso de d\u00e9chets dangereux, des habitants confin\u00e9s"},"content":{"rendered":"<p>            Par<br \/>\n        <strong><br \/>\n            <a href=\"https:\/\/actu.fr\/auteur\/fabien-binacchi\" title=\"Consulter tous les articles de Fabien Binacchi\" target=\"_blank\" rel=\"noopener\">Fabien Binacchi<\/a><br \/>\n        <\/strong><\/p>\n<p>        Publi\u00e9 le<\/p>\n<p>            15 juin 2025 \u00e0 0h26        <\/p>\n<p>Ce samedi 14\u00a0juin 2025, depuis 19h30, les pompiers des <a href=\"https:\/\/actu.fr\/provence-alpes-cote-d-azur\/bouches-du-rhone_13\" target=\"_blank\" rel=\"noopener\">Bouches-du-Rh\u00f4ne<\/a> luttent pour ma\u00eetriser un violent incendie qui s\u2019est d\u00e9clar\u00e9 dans des entrep\u00f4ts d\u2019<strong>une entreprise de traitement de d\u00e9chets dangereux<\/strong>, \u00e0 <a href=\"https:\/\/actu.fr\/provence-alpes-cote-d-azur\/rognac_13081\" target=\"_blank\" rel=\"noopener\">Rognac<\/a>, pr\u00e8s de <a href=\"https:\/\/actu.fr\/marseille\/\" target=\"_blank\" rel=\"noopener\">Marseille<\/a>.<\/p>\n<p>    <a href=\"https:\/\/www.facebook.com\/plugins\/video.php?height=476&amp;href=https%3A%2F%2Fwww.facebook.com%2Freel%2F1150905800409212%2F&amp;show_text=false&amp;width=350&amp;t=0\" title=\"Ouvrie le lien\" target=\"_blank\" rel=\"noopener\">Cliquez ici pour visualiser le contenu<\/a><\/p>\n<p class=\" wall-content\">Peu avant minuit, aucune victime n\u2019\u00e9tait \u00e0 d\u00e9plorer, selon la pr\u00e9fecture. Mais, le site \u00e9tant class\u00e9 Seveso, <strong>des habitants de la zone sont confin\u00e9s chez eux.<\/strong><\/p>\n<p>Des \u00ab\u2009pots de peinture, solvants, a\u00e9rosols\u2009\u00bb<\/p>\n<p class=\" wall-content\">Le <strong>plan particulier d\u2019intervention (PPI)<\/strong> de l\u2019\u00e9tablissement a \u00e9t\u00e9 d\u00e9clench\u00e9. Et le centre op\u00e9rationnel d\u00e9partemental de la pr\u00e9fecture des Bouches-du-Rh\u00f4ne a \u00e9t\u00e9 activ\u00e9 sur d\u00e9cision du pr\u00e9fet. Depuis 19h30 ce samedi 14\u00a0juin 2025, un important dispositif de secours est d\u00e9ploy\u00e9 pour tenter de juguler un incendie qui s\u2019est d\u00e9clar\u00e9 dans des installations de l\u2019entreprise <strong>Spur environnement<\/strong>, sur la commune de Rognac.<\/p>\n<p>    <a href=\"https:\/\/www.google.com\/maps\/embed?pb=!1m18!1m12!1m3!1d13080.429718809813!2d5.206030791087287!3d43.50620075310856!2m3!1f0!2f0!3f0!3m2!1i1024!2i768!4f13.1!3m3!1m2!1s0x12c9e5695f461b5f%3A0x8890861c5aacf00c!2sSPUR%20Environnement%20(Rognac)%20%7C%20SARPI-VEOLIA!5e1!3m2!1sfr!2sfr!4v1749939397373!5m2!1sfr!2sfr\" title=\"Ouvrie le lien\" target=\"_blank\" rel=\"noopener\">Cliquez ici pour visualiser le contenu<\/a><\/p>\n<p>Vid\u00e9os : en ce moment sur Actu<\/p>\n<p class=\" wall-content\">Filiale du groupe Sarpi Veolia, le site, <strong>class\u00e9 Seveso,<\/strong> traite des \u00ab\u2009d\u00e9chets dangereux\u2009\u00bb. Et notamment des \u00ab\u2009pots de peinture, solvants, a\u00e9rosols\u2009\u00bb, indique la pr\u00e9fecture.<\/p>\n<p>Un hameau \u00ab\u2009mis \u00e0 l\u2019abri\u2009\u00bb<\/p>\n<p class=\" wall-content\">D\u2019\u00e9paisses fum\u00e9es visibles de loin se d\u00e9gagent de lieu de l\u2019incendie. Alors, \u00ab\u2009\u00e0 titre pr\u00e9ventif, la gendarmerie nationale et le Service d\u00e9partemental d\u2019incendie et de secours [Sdis] ont demand\u00e9 aux habitants du <strong>hameau des Barjaquets<\/strong> de se mettre \u00e0 l\u2019abri\u2009\u00bb, pr\u00e9cisent encore les services de l\u2019\u00c9tat, dans un communiqu\u00e9.<\/p>\n<p class=\" wall-content\">\u00ab\u2009Il est fortement recommand\u00e9 de rester chez vous, de garder vos fen\u00eatres ferm\u00e9es et de rester \u00e0 plus de 500\u00a0m\u00e8tres du site, voire 1\u00a0km si possible\u2009\u00bb, indique la mairie de Rognac.<\/p>\n<p>    <a href=\"https:\/\/www.facebook.com\/plugins\/post.php?href=https%3A%2F%2Fwww.facebook.com%2FVilleRognac%2Fposts%2Fpfbid0KFiVZMKSSiMdeJUbsbTibC4N9VvgPX4LtSmR9CjKphNFYcYZVtdmV1ycuLTLrRLDl&amp;show_text=true&amp;width=350\" title=\"Ouvrie le lien\" target=\"_blank\" rel=\"noopener\">Cliquez ici pour visualiser le contenu<\/a><\/p>\n<p class=\" wall-content\">La pr\u00e9fecture des Bouches-du-Rh\u00f4ne rassure, au moins \u00ab\u2009\u00e0 ce stade\u2009\u00bb\u2009: \u00ab\u2009Les premiers relev\u00e9s de la qualit\u00e9 de l\u2019air \u00e0 750\u00a0m r\u00e9v\u00e8lent l\u2019<strong>absence de toxicit\u00e9<\/strong>\u2009\u00bb.<\/p>\n<p class=\" wall-content\">Peu avant minuit, elle indiquait que le feu \u00ab\u2009est toujours en cours mais en r\u00e9gression\u2009\u00bb.<\/p>\n<p>Pr\u00e8s de 90 engins sur place<\/p>\n<p class=\" wall-content\">De tr\u00e8s importants moyens sont d\u00e9ploy\u00e9s\u2009: <strong>139 sapeurs pompiers<\/strong> et 89 engins du Sdis, et\u00a0notamment ceux <strong>des \u00e9quipes sp\u00e9cialis\u00e9es en mati\u00e8re de risque chimique<\/strong> sont sur place. Une trentaine de gendarmes est \u00e9galement sur les lieux.<\/p>\n<p class=\" wall-content\">Ils interviennent notamment pour s\u00e9curiser les r\u00e9seaux routiers. La D20c est ferm\u00e9e \u00e0 la circulation dans les deux sens entre l\u2019intersection avec la D20f et le giratoire de l\u2019avenue des m\u00fbriers et de la D20.<\/p>\n<p class=\" wall-content\">Le trafic TER entre Miramas et Pas des Lanciers a \u00e9galement \u00e9t\u00e9 interrompu. Les trains circulent d\u00e9sormais par la C\u00f4te Bleue.<\/p>\n<p>\u00bb Plus d\u2019infos \u00e0 venir\u2026<\/p>\n<p class=\" wall-content\">Suivez toute l\u2019actualit\u00e9 de vos villes et m\u00e9dias favoris en vous inscrivant \u00e0 <a href=\"https:\/\/moncompte.actu.fr\" title=\"D\u00e9couvez Mon Actu\" rel=\"nofollow noopener\" data-trk=\"{&quot;cta&quot;:{&quot;action&quot;:&quot;https:\\\/\\\/moncompte.actu.fr&quot;,&quot;category&quot;:&quot;mon compte&quot;,&quot;from&quot;:&quot;article footer&quot;,&quot;name&quot;:&quot;Mon actu&quot;,&quot;type&quot;:&quot;cta&quot;}}\" target=\"_blank\">Mon Actu<\/a>.<\/p>\n","protected":false},"excerpt":{"rendered":"Par Fabien Binacchi Publi\u00e9 le 15 juin 2025 \u00e0 0h26 Ce samedi 14\u00a0juin 2025, depuis 19h30, les pompiers&hellip;\n","protected":false},"author":2,"featured_media":177002,"comment_status":"","ping_status":"","sticky":false,"template":"","format":"standard","meta":{"footnotes":""},"categories":[2814],"tags":[1111,11,3008,1777,674,118,1011,27,1310,884,12,882,25,28957],"class_list":{"0":"post-177001","1":"post","2":"type-post","3":"status-publish","4":"format-standard","5":"has-post-thumbnail","7":"category-marseille","8":"tag-actu","9":"tag-actualites","10":"tag-dechets","11":"tag-eu","12":"tag-europe","13":"tag-faits-divers","14":"tag-fr","15":"tag-france","16":"tag-incendie","17":"tag-marseille","18":"tag-news","19":"tag-provence-alpes-cote-dazur","20":"tag-republique-francaise","21":"tag-seveso"},"share_on_mastodon":{"url":"https:\/\/pubeurope.com\/@fr\/114684242396294925","error":""},"_links":{"self":[{"href":"https:\/\/www.europesays.com\/fr\/wp-json\/wp\/v2\/posts\/177001","targetHints":{"allow":["GET"]}}],"collection":[{"href":"https:\/\/www.europesays.com\/fr\/wp-json\/wp\/v2\/posts"}],"about":[{"href":"https:\/\/www.europesays.com\/fr\/wp-json\/wp\/v2\/types\/post"}],"author":[{"embeddable":true,"href":"https:\/\/www.europesays.com\/fr\/wp-json\/wp\/v2\/users\/2"}],"replies":[{"embeddable":true,"href":"https:\/\/www.europesays.com\/fr\/wp-json\/wp\/v2\/comments?post=177001"}],"version-history":[{"count":0,"href":"https:\/\/www.europesays.com\/fr\/wp-json\/wp\/v2\/posts\/177001\/revisions"}],"wp:featuredmedia":[{"embeddable":true,"href":"https:\/\/www.europesays.com\/fr\/wp-json\/wp\/v2\/media\/177002"}],"wp:attachment":[{"href":"https:\/\/www.europesays.com\/fr\/wp-json\/wp\/v2\/media?parent=177001"}],"wp:term":[{"taxonomy":"category","embeddable":true,"href":"https:\/\/www.europesays.com\/fr\/wp-json\/wp\/v2\/categories?post=177001"},{"taxonomy":"post_tag","embeddable":true,"href":"https:\/\/www.europesays.com\/fr\/wp-json\/wp\/v2\/tags?post=177001"}],"curies":[{"name":"wp","href":"https:\/\/api.w.org\/{rel}","templated":true}]}}