{"id":177003,"date":"2025-06-14T23:10:09","date_gmt":"2025-06-14T23:10:09","guid":{"rendered":"https:\/\/www.europesays.com\/fr\/177003\/"},"modified":"2025-06-14T23:10:09","modified_gmt":"2025-06-14T23:10:09","slug":"previsions-du-dimanche-15-juin-2025-2","status":"publish","type":"post","link":"https:\/\/www.europesays.com\/fr\/177003\/","title":{"rendered":"pr\u00e9visions du dimanche 15 juin 2025"},"content":{"rendered":"<p>Aujourd&rsquo;hui, les Marseillais vont pouvoir b\u00e9n\u00e9ficier d&rsquo;un soleil magnifique. Il va faire 25\u00b0C en moyenne. Les valeurs seront comprises entre 23\u00b0C et 28\u00b0C dans la matin\u00e9e. Un vent de nord-ouest rafra\u00eechira sensiblement l&rsquo;atmosph\u00e8re. Les temp\u00e9ratures seront de 27\u00b0C au plus bas et de 28\u00b0C au plus haut l&rsquo;apr\u00e8s-midi. Un vent d&rsquo;ouest soufflera \u00e0 21 km\/h. Le ciel sera limpide dans la nuit de dimanche \u00e0 lundi.<\/p>\n<p>C&rsquo;est un soleil splendide qui va se montrer demain sur Marseille. On pr\u00e9voit des valeurs avoisinant 25\u00b0C. La ville sera touch\u00e9e par un vent de nord-ouest de 28 km\/h. Les temp\u00e9ratures iront de 21 \u00e0 27\u00b0C sur l&rsquo;ensemble de la matin\u00e9e. Les valeurs vont enregistrer une hausse de quelques degr\u00e9s lors de l&rsquo;apr\u00e8s-midi. Les valeurs s&rsquo;\u00e9chelonneront entre 28 et 29\u00b0C. Les maximales pourront atteindre 27\u00b0C dans la soir\u00e9e tandis que les minimales seront de 25\u00b0C.<\/p>\n<p>Le temps restera inchang\u00e9 les prochains jours. On anticipe des journ\u00e9es ensoleill\u00e9es, accompagn\u00e9es par des temp\u00e9ratures dans les 25\u00b0C en moyenne.<\/p>\n<p><\/p>\n","protected":false},"excerpt":{"rendered":"Aujourd&rsquo;hui, les Marseillais vont pouvoir b\u00e9n\u00e9ficier d&rsquo;un soleil magnifique. Il va faire 25\u00b0C en moyenne. Les valeurs seront&hellip;\n","protected":false},"author":2,"featured_media":177004,"comment_status":"","ping_status":"","sticky":false,"template":"","format":"standard","meta":{"footnotes":""},"categories":[2814],"tags":[1111,11,885,1777,674,1011,27,884,12,883,2119,882,25],"class_list":{"0":"post-177003","1":"post","2":"type-post","3":"status-publish","4":"format-standard","5":"has-post-thumbnail","7":"category-marseille","8":"tag-actu","9":"tag-actualites","10":"tag-bouches-du-rhone","11":"tag-eu","12":"tag-europe","13":"tag-fr","14":"tag-france","15":"tag-marseille","16":"tag-news","17":"tag-paca","18":"tag-previsions-meteo","19":"tag-provence-alpes-cote-dazur","20":"tag-republique-francaise"},"share_on_mastodon":{"url":"https:\/\/pubeurope.com\/@fr\/114684246491724717","error":""},"_links":{"self":[{"href":"https:\/\/www.europesays.com\/fr\/wp-json\/wp\/v2\/posts\/177003","targetHints":{"allow":["GET"]}}],"collection":[{"href":"https:\/\/www.europesays.com\/fr\/wp-json\/wp\/v2\/posts"}],"about":[{"href":"https:\/\/www.europesays.com\/fr\/wp-json\/wp\/v2\/types\/post"}],"author":[{"embeddable":true,"href":"https:\/\/www.europesays.com\/fr\/wp-json\/wp\/v2\/users\/2"}],"replies":[{"embeddable":true,"href":"https:\/\/www.europesays.com\/fr\/wp-json\/wp\/v2\/comments?post=177003"}],"version-history":[{"count":0,"href":"https:\/\/www.europesays.com\/fr\/wp-json\/wp\/v2\/posts\/177003\/revisions"}],"wp:featuredmedia":[{"embeddable":true,"href":"https:\/\/www.europesays.com\/fr\/wp-json\/wp\/v2\/media\/177004"}],"wp:attachment":[{"href":"https:\/\/www.europesays.com\/fr\/wp-json\/wp\/v2\/media?parent=177003"}],"wp:term":[{"taxonomy":"category","embeddable":true,"href":"https:\/\/www.europesays.com\/fr\/wp-json\/wp\/v2\/categories?post=177003"},{"taxonomy":"post_tag","embeddable":true,"href":"https:\/\/www.europesays.com\/fr\/wp-json\/wp\/v2\/tags?post=177003"}],"curies":[{"name":"wp","href":"https:\/\/api.w.org\/{rel}","templated":true}]}}