{"id":177005,"date":"2025-06-14T23:11:11","date_gmt":"2025-06-14T23:11:11","guid":{"rendered":"https:\/\/www.europesays.com\/fr\/177005\/"},"modified":"2025-06-14T23:11:11","modified_gmt":"2025-06-14T23:11:11","slug":"la-greve-pourrait-continuer-la-semaine-prochaine-dautres-blocages-a-venir-2","status":"publish","type":"post","link":"https:\/\/www.europesays.com\/fr\/177005\/","title":{"rendered":"la gr\u00e8ve pourrait continuer la semaine prochaine, d\u2019autres blocages \u00e0 venir\u00a0?"},"content":{"rendered":"<p>Depuis mardi 10\u00a0juin, les chauffeurs VTC, sous l\u2019impulsion de l\u2019Association des chauffeurs ind\u00e9pendants lyonnais (ACIL), organisent quotidiennement un blocage de la rue Grenette, dans le centre de Lyon (2e arrondissement).<\/p>\n<p>  \u00ab\u00a0Organiser des blocages \u00e0 des endroits strat\u00e9giques\u00a0\u00bb<\/p>\n<p>Une mobilisation \u00ab\u00a0qui est partie pour durer\u00a0\u00bb, selon Medhi Mejeri, pr\u00e9sident de l\u2019association, contact\u00e9 par Le Progr\u00e8s ce samedi soir, qui rapporte qu\u2019environ 200 chauffeurs \u00e9taient pr\u00e9sents cette journ\u00e9e. \u00ab\u00a0Il y avait une cinquantaine de v\u00e9hicules pr\u00e9sents, mais d\u2019autres chauffeurs sont venus \u00e0 pied\u00a0\u00bb, pr\u00e9cise-t-il encore, rapport \u00e0 la \u00ab\u00a0circulation \u00ab\u00a0compliqu\u00e9e en centre-ville\u00a0\u00bb.<\/p>\n<p>Un pr\u00e9avis de gr\u00e8ve a \u00e9t\u00e9 pos\u00e9 pour les journ\u00e9es de lundi\u00a016 et mardi 17\u00a0juin \u00e0 partir de 11 heures, avec le m\u00eame objectif \u00ab\u00a0d\u2019organiser des blocages \u00e0 des endroits strat\u00e9giques\u00a0\u00bb de Lyon. Ainsi, suivant l\u2019\u00e9volution de la teneur des \u00e9changes avec la M\u00e9tropole, les actions pourraient \u00eatre \u00e9largies et ne plus se cantonner <a href=\"https:\/\/www.leprogres.fr\/transport\/2025\/06\/10\/info-trafic-vos-conditions-de-circulation-ce-mardi-10-juin-dans-l-agglomeration-lyonnaise-vtc-mobilisation-lyon-confluence\" target=\"_blank\" rel=\"nofollow noopener\">\u00e0 la seule rue de Grenette<\/a>.<\/p>\n<p>  Un mouvement \u00ab\u00a0soutenu par les Lyonnais\u00a0\u00bb<\/p>\n<p>S\u2019il n\u2019y a pour le moment aucune avanc\u00e9e concr\u00e8te sur les deux principaux motifs ayant men\u00e9 \u00e0 cette contestation, \u00e0 savoir la d\u00e9gradation des conditions de travail au niveau national, et les inqui\u00e9tudes concernant la zone \u00e0 trafic limit\u00e9 (ZTL) que la M\u00e9tropole souhaite mettre en place, d\u2019un point de vue plus local, Medhi Mejeri se f\u00e9licite de cette \u00ab\u00a0d\u00e9monstration de force\u00a0\u00bb, qu\u2019il estime \u00eatre, pour le moment, un succ\u00e8s.<\/p>\n<p>L\u2019une des raisons de cet enthousiasme est l\u2019apparent soutien des Lyonnais, \u00ab\u00a0commer\u00e7ants comme riverains\u00a0\u00bb, qui n\u2019h\u00e9siteraient pas \u00e0 engager le dialogue avec les chauffeurs, mus par une certaine curiosit\u00e9 concernant cette fameuse ZTL dont, contrairement \u00e0 la ZFE bien identifi\u00e9e, ils sembleraient ignorer tout \u00e0 la fois l\u2019existence et l\u2019impact potentiel que sa mise en place aura sur leur quotidien.<\/p>\n","protected":false},"excerpt":{"rendered":"Depuis mardi 10\u00a0juin, les chauffeurs VTC, sous l\u2019impulsion de l\u2019Association des chauffeurs ind\u00e9pendants lyonnais (ACIL), organisent quotidiennement un&hellip;\n","protected":false},"author":2,"featured_media":177006,"comment_status":"","ping_status":"","sticky":false,"template":"","format":"standard","meta":{"footnotes":""},"categories":[1889],"tags":[1111,11,2430,3542,9671,2757,1777,674,107,1011,27,2428,2756,12,25,2429,801,2803],"class_list":{"0":"post-177005","1":"post","2":"type-post","3":"status-publish","4":"format-standard","5":"has-post-thumbnail","7":"category-lyon","8":"tag-actu","9":"tag-actualites","10":"tag-auvergne-rhone-alpes","11":"tag-circulation","12":"tag-conflit-social","13":"tag-edition-lyon-villeurbanne","14":"tag-eu","15":"tag-europe","16":"tag-fil-info","17":"tag-fr","18":"tag-france","19":"tag-lyon","20":"tag-lyon-bassin","21":"tag-news","22":"tag-republique-francaise","23":"tag-rhone","24":"tag-social","25":"tag-transport"},"share_on_mastodon":{"url":"https:\/\/pubeurope.com\/@fr\/114684250255704202","error":""},"_links":{"self":[{"href":"https:\/\/www.europesays.com\/fr\/wp-json\/wp\/v2\/posts\/177005","targetHints":{"allow":["GET"]}}],"collection":[{"href":"https:\/\/www.europesays.com\/fr\/wp-json\/wp\/v2\/posts"}],"about":[{"href":"https:\/\/www.europesays.com\/fr\/wp-json\/wp\/v2\/types\/post"}],"author":[{"embeddable":true,"href":"https:\/\/www.europesays.com\/fr\/wp-json\/wp\/v2\/users\/2"}],"replies":[{"embeddable":true,"href":"https:\/\/www.europesays.com\/fr\/wp-json\/wp\/v2\/comments?post=177005"}],"version-history":[{"count":0,"href":"https:\/\/www.europesays.com\/fr\/wp-json\/wp\/v2\/posts\/177005\/revisions"}],"wp:featuredmedia":[{"embeddable":true,"href":"https:\/\/www.europesays.com\/fr\/wp-json\/wp\/v2\/media\/177006"}],"wp:attachment":[{"href":"https:\/\/www.europesays.com\/fr\/wp-json\/wp\/v2\/media?parent=177005"}],"wp:term":[{"taxonomy":"category","embeddable":true,"href":"https:\/\/www.europesays.com\/fr\/wp-json\/wp\/v2\/categories?post=177005"},{"taxonomy":"post_tag","embeddable":true,"href":"https:\/\/www.europesays.com\/fr\/wp-json\/wp\/v2\/tags?post=177005"}],"curies":[{"name":"wp","href":"https:\/\/api.w.org\/{rel}","templated":true}]}}