{"id":177007,"date":"2025-06-14T23:12:11","date_gmt":"2025-06-14T23:12:11","guid":{"rendered":"https:\/\/www.europesays.com\/fr\/177007\/"},"modified":"2025-06-14T23:12:11","modified_gmt":"2025-06-14T23:12:11","slug":"previsions-du-dimanche-15-juin-2025-3","status":"publish","type":"post","link":"https:\/\/www.europesays.com\/fr\/177007\/","title":{"rendered":"pr\u00e9visions du dimanche 15 juin 2025"},"content":{"rendered":"<p>Toujours de la grisaille aujourd&rsquo;hui. Les nuages vont s&rsquo;attarder sur Lyon. Les temp\u00e9ratures iront de 17 \u00e0 25\u00b0C. On observera la pr\u00e9sence persistante de l\u00e9gers nuages le matin. Un petit vent de nord-ouest sera ressenti par les habitants. L&rsquo;apr\u00e8s-midi, des nuages ne voudront pas laisser leur place au soleil. Mauvais temps : on annonce des pluies \u00e9parses. Les valeurs s&rsquo;\u00e9chelonneront entre 21 et 25\u00b0C. Des pluies \u00e9parses vont tomber au cours de la soir\u00e9e. Une nuit claire vous attendra entre dimanche et lundi.<\/p>\n<p>Demain, les Lyonnais vont pouvoir profiter d&rsquo;un soleil radieux. Une baisse des temp\u00e9ratures est pr\u00e9vue. Les valeurs afficheront entre 13 et 24\u00b0C. Un vent de nord-ouest rafra\u00eechira un peu l&rsquo;atmosph\u00e8re. Les temp\u00e9ratures vont enregistrer une hausse de quelques degr\u00e9s pendant l&rsquo;apr\u00e8s-midi. Les maximales iront jusqu&rsquo;\u00e0 24\u00b0C alors que les minimales seront de 23\u00b0C.<\/p>\n<p>Peu de changements pour la suite. On anticipe des journ\u00e9es ensoleill\u00e9es, avec des temp\u00e9ratures dans les 22\u00b0C en moyenne.<\/p>\n<p><\/p>\n","protected":false},"excerpt":{"rendered":"Toujours de la grisaille aujourd&rsquo;hui. Les nuages vont s&rsquo;attarder sur Lyon. Les temp\u00e9ratures iront de 17 \u00e0 25\u00b0C.&hellip;\n","protected":false},"author":2,"featured_media":177008,"comment_status":"","ping_status":"","sticky":false,"template":"","format":"standard","meta":{"footnotes":""},"categories":[1889],"tags":[1111,11,2430,1777,674,1011,27,2428,12,2119,25,2429,2431],"class_list":{"0":"post-177007","1":"post","2":"type-post","3":"status-publish","4":"format-standard","5":"has-post-thumbnail","7":"category-lyon","8":"tag-actu","9":"tag-actualites","10":"tag-auvergne-rhone-alpes","11":"tag-eu","12":"tag-europe","13":"tag-fr","14":"tag-france","15":"tag-lyon","16":"tag-news","17":"tag-previsions-meteo","18":"tag-republique-francaise","19":"tag-rhone","20":"tag-rhone-alpes"},"share_on_mastodon":{"url":"https:\/\/pubeurope.com\/@fr\/114684254126008002","error":""},"_links":{"self":[{"href":"https:\/\/www.europesays.com\/fr\/wp-json\/wp\/v2\/posts\/177007","targetHints":{"allow":["GET"]}}],"collection":[{"href":"https:\/\/www.europesays.com\/fr\/wp-json\/wp\/v2\/posts"}],"about":[{"href":"https:\/\/www.europesays.com\/fr\/wp-json\/wp\/v2\/types\/post"}],"author":[{"embeddable":true,"href":"https:\/\/www.europesays.com\/fr\/wp-json\/wp\/v2\/users\/2"}],"replies":[{"embeddable":true,"href":"https:\/\/www.europesays.com\/fr\/wp-json\/wp\/v2\/comments?post=177007"}],"version-history":[{"count":0,"href":"https:\/\/www.europesays.com\/fr\/wp-json\/wp\/v2\/posts\/177007\/revisions"}],"wp:featuredmedia":[{"embeddable":true,"href":"https:\/\/www.europesays.com\/fr\/wp-json\/wp\/v2\/media\/177008"}],"wp:attachment":[{"href":"https:\/\/www.europesays.com\/fr\/wp-json\/wp\/v2\/media?parent=177007"}],"wp:term":[{"taxonomy":"category","embeddable":true,"href":"https:\/\/www.europesays.com\/fr\/wp-json\/wp\/v2\/categories?post=177007"},{"taxonomy":"post_tag","embeddable":true,"href":"https:\/\/www.europesays.com\/fr\/wp-json\/wp\/v2\/tags?post=177007"}],"curies":[{"name":"wp","href":"https:\/\/api.w.org\/{rel}","templated":true}]}}