{"id":177019,"date":"2025-06-14T23:20:10","date_gmt":"2025-06-14T23:20:10","guid":{"rendered":"https:\/\/www.europesays.com\/fr\/177019\/"},"modified":"2025-06-14T23:20:10","modified_gmt":"2025-06-14T23:20:10","slug":"a-moscou-plus-de-trois-ans-apres-le-debut-de-la-guerre-en-ukraine-des-prix-juges-delirants","status":"publish","type":"post","link":"https:\/\/www.europesays.com\/fr\/177019\/","title":{"rendered":"A Moscou, plus de trois ans apr\u00e8s le d\u00e9but de la guerre en Ukraine, des prix jug\u00e9s \u00abd\u00e9lirants\u00bb"},"content":{"rendered":"<p>\u00abJe n\u2019ach\u00e8te ici ni pommes de terre, ni cerises, lance Roman Paltievitch. Cette ann\u00e9e, les prix ont fortement augment\u00e9!\u00bb. Ce retrait\u00e9 de 84\u00a0ans dit venir faire ses courses sur ce march\u00e9 depuis son enfance, pass\u00e9e sous l\u2019URSS, mais pr\u00e9f\u00e8re d\u00e9sormais aller \u00abdans une petite \u00e9picerie\u00bb, ailleurs en ville, pour faire une grande partie de ses achats. \u00abC\u2019est moins cher l\u00e0-bas\u00bb, justifie-t-il.<\/p>\n<p>Au moment d\u2019\u00e9voquer les causes de l\u2019inflation, l\u2019octog\u00e9naire p\u00e8se soigneusement ses mots pour s\u2019\u00e9viter des ennuis avec la justice, toute critique \u00e9tant s\u00e9v\u00e8rement r\u00e9prim\u00e9e par les autorit\u00e9s. C\u2019est pourtant bien l\u2019attaque de l\u2019arm\u00e9e russe contre son voisin ukrainien depuis f\u00e9vrier 2022 qui a engendr\u00e9 l\u2019explosion des prix alimentaires: les sanctions occidentales ont tir\u00e9 les prix \u00e0 la hausse, Moscou d\u00e9pensant en parall\u00e8le massivement dans le complexe militaro-industriel pour soutenir l\u2019arm\u00e9e, ce qui a pouss\u00e9 les salaires vers le haut et, en cascade, les produits du quotidien.<\/p>\n<p>A c\u00f4t\u00e9 de Roman, sa femme, Tatiana, tient religieusement dans ses mains une petite barquette de fraises, comme un petit objet pr\u00e9cieux de 400 roubles (4,20\u00a0euros) auquel il faut faire tr\u00e8s attention. Au vu de leur prix devenu \u00e0 leurs yeux prohibitifs, les fraises seront uniquement pour leurs petits-enfants, dit-elle.<\/p>\n<p>Lire aussi: <a href=\"https:\/\/www.letemps.ch\/articles\/du-soja-au-tourisme-les-flux-se-detournent-des-etats-unis\" rel=\"nofollow noopener\" target=\"_blank\">Du soja au tourisme, les flux se d\u00e9tournent des Etats-Unis<\/a>  <\/p>\n<p>\u00abRemplir son frigo\u00bb<\/p>\n<p>Ailleurs dans les all\u00e9es du march\u00e9 de Pr\u00e9obrajenski, nombreux sont ceux rencontr\u00e9s par l\u2019AFP qui \u00e9voquent les m\u00eames probl\u00e8mes pour remplir le panier, alors m\u00eame que la Banque centrale de Russie s\u2019est f\u00e9licit\u00e9e publiquement le 6\u00a0juin du \u00abralentissement\u00bb de la hausse des prix.<\/p>\n<p>\u00abJe n\u2019ach\u00e8te plus rien dans les grands supermarch\u00e9s\u00bb, explique Nikola\u00ef Koutcherov, un artiste ind\u00e9pendant de 62\u00a0ans, venu ici se procurer du poulet pour sa jeune petite-fille. \u00abIl faut oublier les voyages. Depuis trois, quatre ans, on ne pense plus qu\u2019\u00e0 remplir son frigo\u00bb, reconna\u00eet-il, un brin amer.<\/p>\n<p>Comme lui, de nombreux Russes restent profond\u00e9ment marqu\u00e9s par la grave crise \u00e9conomique des ann\u00e9es 1990, quand l\u2019\u00e9conomie nationale, au sortir de 70\u00a0ans de communisme et de planification \u00e9tatique, s\u2019\u00e9tait retrouv\u00e9e largement \u00e9branl\u00e9e. Une partie de la population avait m\u00eame perdu ses \u00e9conomies.<\/p>\n<p>Un quart de si\u00e8cle plus tard, le choc de l\u2019ouverture du march\u00e9 \u00e0 la concurrence a \u00e9t\u00e9 remplac\u00e9 par celui de l\u2019assaut des troupes russes en Ukraine, une d\u00e9cision prise par le pr\u00e9sident Vladimir Poutine, qui assure pourtant que son pays est devenu \u00abplus souverain\u00bb depuis 2022.<\/p>\n<p>Dans ce contexte de restructuration \u00e0 marche forc\u00e9e de l\u2019\u00e9conomie, le ma\u00eetre du Kremlin vante \u00e9galement la hausse des salaires r\u00e9els, qui a b\u00e9n\u00e9fici\u00e9 \u00e0 plusieurs centaines de milliers de Russes, principalement ceux travaillant dans l\u2019industrie de d\u00e9fense. \u00abLes salaires augmentent, donc cela revient \u00e0 peu pr\u00e8s au m\u00eame\u00bb, assure Konstantin Zelenkov, un ing\u00e9nieur de 38\u00a0ans.<\/p>\n<p>Mais tous ne partagent pas son point de vue, comme Irina Iakovleva, une ancienne comptable de 68\u00a0ans, selon qui \u00abtout augmente sans cesse\u00bb. Avant de r\u00e9sumer le sentiment g\u00e9n\u00e9ral: \u00abNous devons tout simplement nous restreindre.\u00bb<\/p>\n<p>Lire aussi: <a href=\"https:\/\/www.letemps.ch\/articles\/dniepropetrovsk-cinquieme-region-d-ukraine-en-proie-aux-fantasmes-imperiaux-de-la-russie\" rel=\"nofollow noopener\" target=\"_blank\">Dniepropetrovsk, cinqui\u00e8me r\u00e9gion d\u2019Ukraine en proie aux fantasmes imp\u00e9riaux de la Russie<\/a>  <\/p>\n","protected":false},"excerpt":{"rendered":"\u00abJe n\u2019ach\u00e8te ici ni pommes de terre, ni cerises, lance Roman Paltievitch. Cette ann\u00e9e, les prix ont fortement&hellip;\n","protected":false},"author":2,"featured_media":177020,"comment_status":"","ping_status":"","sticky":false,"template":"","format":"standard","meta":{"footnotes":""},"categories":[1590],"tags":[11,1777,674,4438,12,132,220],"class_list":{"0":"post-177019","1":"post","2":"type-post","3":"status-publish","4":"format-standard","5":"has-post-thumbnail","7":"category-ukraine","8":"tag-actualites","9":"tag-eu","10":"tag-europe","11":"tag-free","12":"tag-news","13":"tag-russie","14":"tag-ukraine"},"share_on_mastodon":{"url":"https:\/\/pubeurope.com\/@fr\/114684285654641617","error":""},"_links":{"self":[{"href":"https:\/\/www.europesays.com\/fr\/wp-json\/wp\/v2\/posts\/177019","targetHints":{"allow":["GET"]}}],"collection":[{"href":"https:\/\/www.europesays.com\/fr\/wp-json\/wp\/v2\/posts"}],"about":[{"href":"https:\/\/www.europesays.com\/fr\/wp-json\/wp\/v2\/types\/post"}],"author":[{"embeddable":true,"href":"https:\/\/www.europesays.com\/fr\/wp-json\/wp\/v2\/users\/2"}],"replies":[{"embeddable":true,"href":"https:\/\/www.europesays.com\/fr\/wp-json\/wp\/v2\/comments?post=177019"}],"version-history":[{"count":0,"href":"https:\/\/www.europesays.com\/fr\/wp-json\/wp\/v2\/posts\/177019\/revisions"}],"wp:featuredmedia":[{"embeddable":true,"href":"https:\/\/www.europesays.com\/fr\/wp-json\/wp\/v2\/media\/177020"}],"wp:attachment":[{"href":"https:\/\/www.europesays.com\/fr\/wp-json\/wp\/v2\/media?parent=177019"}],"wp:term":[{"taxonomy":"category","embeddable":true,"href":"https:\/\/www.europesays.com\/fr\/wp-json\/wp\/v2\/categories?post=177019"},{"taxonomy":"post_tag","embeddable":true,"href":"https:\/\/www.europesays.com\/fr\/wp-json\/wp\/v2\/tags?post=177019"}],"curies":[{"name":"wp","href":"https:\/\/api.w.org\/{rel}","templated":true}]}}